{"id":11860,"date":"2025-10-14T21:09:11","date_gmt":"2025-10-14T21:09:11","guid":{"rendered":"https:\/\/zacatecastrespuntocero.news\/?p=11860"},"modified":"2025-10-14T21:09:11","modified_gmt":"2025-10-14T21:09:11","slug":"protestan-en-el-sat-sheinbaum-dice-que-son-pocos","status":"publish","type":"post","link":"https:\/\/zacatecastrespuntocero.news\/?p=11860","title":{"rendered":"Protestan en el SAT; Sheinbaum dice que son pocos"},"content":{"rendered":"<p>Trabajadores del Servicio de Administraci\u00f3n Tributaria (SAT) protestaron afuera de la oficina central de esta instituci\u00f3n ubicada en el Centro Hist\u00f3rico de la Ciudad de M\u00e9xico para exigir justicia laboral.<\/p>\n<p>\u00abNo pedimos privilegios, pedimos justicia laboral\u00bb, gritaban los trabajadores quienes acusaron cargas excesivas de trabajo, incumplimiento en el pago de aumentos salariales prometidos, recorte de prestaciones y nepotismo.<\/p>\n<p>Sin embargo, la presidenta Claudia Sheinbaum asegur\u00f3 en su Ma\u00f1anera de este martes que se est\u00e1 atendiendo el paro y que son \u00abmuy pocos trabajadores\u00bb los que decidieron manifestarse.<\/p>\n","protected":false},"excerpt":{"rendered":"<p>Trabajadores del Servicio de Administraci\u00f3n Tributaria (SAT) protestaron afuera de la oficina central de esta instituci\u00f3n ubicada en el Centro Hist\u00f3rico de la Ciudad de M\u00e9xico para exigir justicia laboral. \u00abNo pedimos privilegios, pedimos justicia laboral\u00bb, gritaban los trabajadores quienes acusaron cargas excesivas de trabajo, incumplimiento en el pago de aumentos salariales prometidos, recorte de [&hellip;]<\/p>\n","protected":false},"author":2,"featured_media":11861,"comment_status":"open","ping_status":"open","sticky":false,"template":"","format":"standard","meta":{"footnotes":""},"categories":[39],"tags":[3095,3094,1345],"class_list":["post-11860","post","type-post","status-publish","format-standard","has-post-thumbnail","hentry","category-nacional","tag-avenida-paseo-de-la-reforma","tag-ciudad-de-mexico","tag-sat"],"yoast_head":"<!-- This site is optimized with the Yoast SEO plugin v24.7 - https:\/\/yoast.com\/wordpress\/plugins\/seo\/ -->\n<title>Protestan en el SAT; Sheinbaum dice que son pocos - Zacatecas 3.0<\/title>\n<meta name=\"robots\" content=\"index, follow, max-snippet:-1, max-image-preview:large, max-video-preview:-1\" \/>\n<link rel=\"canonical\" href=\"https:\/\/zacatecastrespuntocero.news\/?p=11860\" \/>\n<meta property=\"og:locale\" content=\"es_ES\" \/>\n<meta property=\"og:type\" content=\"article\" \/>\n<meta property=\"og:title\" content=\"Protestan en el SAT; Sheinbaum dice que son pocos - Zacatecas 3.0\" \/>\n<meta property=\"og:description\" content=\"Trabajadores del Servicio de Administraci\u00f3n Tributaria (SAT) protestaron afuera de la oficina central de esta instituci\u00f3n ubicada en el Centro Hist\u00f3rico de la Ciudad de M\u00e9xico para exigir justicia laboral. \u00abNo pedimos privilegios, pedimos justicia laboral\u00bb, gritaban los trabajadores quienes acusaron cargas excesivas de trabajo, incumplimiento en el pago de aumentos salariales prometidos, recorte de [&hellip;]\" \/>\n<meta property=\"og:url\" content=\"https:\/\/zacatecastrespuntocero.news\/?p=11860\" \/>\n<meta property=\"og:site_name\" content=\"Zacatecas 3.0\" \/>\n<meta property=\"article:published_time\" content=\"2025-10-14T21:09:11+00:00\" \/>\n<meta property=\"og:image\" content=\"https:\/\/zacatecastrespuntocero.news\/wp-content\/uploads\/2025\/10\/sat.jpg\" \/>\n\t<meta property=\"og:image:width\" content=\"1170\" \/>\n\t<meta property=\"og:image:height\" content=\"662\" \/>\n\t<meta property=\"og:image:type\" content=\"image\/jpeg\" \/>\n<meta name=\"author\" content=\"Redacci\u00f3n Zacatecas 3.0\" \/>\n<meta name=\"twitter:card\" content=\"summary_large_image\" \/>\n<meta name=\"twitter:label1\" content=\"Escrito por\" \/>\n\t<meta name=\"twitter:data1\" content=\"Redacci\u00f3n Zacatecas 3.0\" \/>\n\t<meta name=\"twitter:label2\" content=\"Tiempo de lectura\" \/>\n\t<meta name=\"twitter:data2\" content=\"1 minuto\" \/>\n<script type=\"application\/ld+json\" class=\"yoast-schema-graph\">{\"@context\":\"https:\/\/schema.org\",\"@graph\":[{\"@type\":\"WebPage\",\"@id\":\"https:\/\/zacatecastrespuntocero.news\/?p=11860\",\"url\":\"https:\/\/zacatecastrespuntocero.news\/?p=11860\",\"name\":\"Protestan en el SAT; Sheinbaum dice que son pocos - Zacatecas 3.0\",\"isPartOf\":{\"@id\":\"https:\/\/zacatecastrespuntocero.news\/#website\"},\"primaryImageOfPage\":{\"@id\":\"https:\/\/zacatecastrespuntocero.news\/?p=11860#primaryimage\"},\"image\":{\"@id\":\"https:\/\/zacatecastrespuntocero.news\/?p=11860#primaryimage\"},\"thumbnailUrl\":\"https:\/\/zacatecastrespuntocero.news\/wp-content\/uploads\/2025\/10\/sat.jpg\",\"datePublished\":\"2025-10-14T21:09:11+00:00\",\"author\":{\"@id\":\"https:\/\/zacatecastrespuntocero.news\/#\/schema\/person\/a2399b2ec551c85a553c7e32e0eb5f01\"},\"breadcrumb\":{\"@id\":\"https:\/\/zacatecastrespuntocero.news\/?p=11860#breadcrumb\"},\"inLanguage\":\"es\",\"potentialAction\":[{\"@type\":\"ReadAction\",\"target\":[\"https:\/\/zacatecastrespuntocero.news\/?p=11860\"]}]},{\"@type\":\"ImageObject\",\"inLanguage\":\"es\",\"@id\":\"https:\/\/zacatecastrespuntocero.news\/?p=11860#primaryimage\",\"url\":\"https:\/\/zacatecastrespuntocero.news\/wp-content\/uploads\/2025\/10\/sat.jpg\",\"contentUrl\":\"https:\/\/zacatecastrespuntocero.news\/wp-content\/uploads\/2025\/10\/sat.jpg\",\"width\":1170,\"height\":662},{\"@type\":\"BreadcrumbList\",\"@id\":\"https:\/\/zacatecastrespuntocero.news\/?p=11860#breadcrumb\",\"itemListElement\":[{\"@type\":\"ListItem\",\"position\":1,\"name\":\"Portada\",\"item\":\"https:\/\/zacatecastrespuntocero.news\/\"},{\"@type\":\"ListItem\",\"position\":2,\"name\":\"Protestan en el SAT; Sheinbaum dice que son pocos\"}]},{\"@type\":\"WebSite\",\"@id\":\"https:\/\/zacatecastrespuntocero.news\/#website\",\"url\":\"https:\/\/zacatecastrespuntocero.news\/\",\"name\":\"Zacatecas 3.0\",\"description\":\"\",\"potentialAction\":[{\"@type\":\"SearchAction\",\"target\":{\"@type\":\"EntryPoint\",\"urlTemplate\":\"https:\/\/zacatecastrespuntocero.news\/?s={search_term_string}\"},\"query-input\":{\"@type\":\"PropertyValueSpecification\",\"valueRequired\":true,\"valueName\":\"search_term_string\"}}],\"inLanguage\":\"es\"},{\"@type\":\"Person\",\"@id\":\"https:\/\/zacatecastrespuntocero.news\/#\/schema\/person\/a2399b2ec551c85a553c7e32e0eb5f01\",\"name\":\"Redacci\u00f3n Zacatecas 3.0\",\"image\":{\"@type\":\"ImageObject\",\"inLanguage\":\"es\",\"@id\":\"https:\/\/zacatecastrespuntocero.news\/#\/schema\/person\/image\/\",\"url\":\"https:\/\/secure.gravatar.com\/avatar\/898fb33ef49f211210b8183325052d3ced37d55b713857db60393870972a9248?s=96&d=mm&r=g\",\"contentUrl\":\"https:\/\/secure.gravatar.com\/avatar\/898fb33ef49f211210b8183325052d3ced37d55b713857db60393870972a9248?s=96&d=mm&r=g\",\"caption\":\"Redacci\u00f3n Zacatecas 3.0\"},\"sameAs\":[\"http:\/\/zacatecastrespuntocero.news\"],\"url\":\"https:\/\/zacatecastrespuntocero.news\/?author=2\"}]}<\/script>\n<!-- \/ Yoast SEO plugin. -->","yoast_head_json":{"title":"Protestan en el SAT; Sheinbaum dice que son pocos - Zacatecas 3.0","robots":{"index":"index","follow":"follow","max-snippet":"max-snippet:-1","max-image-preview":"max-image-preview:large","max-video-preview":"max-video-preview:-1"},"canonical":"https:\/\/zacatecastrespuntocero.news\/?p=11860","og_locale":"es_ES","og_type":"article","og_title":"Protestan en el SAT; Sheinbaum dice que son pocos - Zacatecas 3.0","og_description":"Trabajadores del Servicio de Administraci\u00f3n Tributaria (SAT) protestaron afuera de la oficina central de esta instituci\u00f3n ubicada en el Centro Hist\u00f3rico de la Ciudad de M\u00e9xico para exigir justicia laboral. \u00abNo pedimos privilegios, pedimos justicia laboral\u00bb, gritaban los trabajadores quienes acusaron cargas excesivas de trabajo, incumplimiento en el pago de aumentos salariales prometidos, recorte de [&hellip;]","og_url":"https:\/\/zacatecastrespuntocero.news\/?p=11860","og_site_name":"Zacatecas 3.0","article_published_time":"2025-10-14T21:09:11+00:00","og_image":[{"width":1170,"height":662,"url":"https:\/\/zacatecastrespuntocero.news\/wp-content\/uploads\/2025\/10\/sat.jpg","type":"image\/jpeg"}],"author":"Redacci\u00f3n Zacatecas 3.0","twitter_card":"summary_large_image","twitter_misc":{"Escrito por":"Redacci\u00f3n Zacatecas 3.0","Tiempo de lectura":"1 minuto"},"schema":{"@context":"https:\/\/schema.org","@graph":[{"@type":"WebPage","@id":"https:\/\/zacatecastrespuntocero.news\/?p=11860","url":"https:\/\/zacatecastrespuntocero.news\/?p=11860","name":"Protestan en el SAT; Sheinbaum dice que son pocos - Zacatecas 3.0","isPartOf":{"@id":"https:\/\/zacatecastrespuntocero.news\/#website"},"primaryImageOfPage":{"@id":"https:\/\/zacatecastrespuntocero.news\/?p=11860#primaryimage"},"image":{"@id":"https:\/\/zacatecastrespuntocero.news\/?p=11860#primaryimage"},"thumbnailUrl":"https:\/\/zacatecastrespuntocero.news\/wp-content\/uploads\/2025\/10\/sat.jpg","datePublished":"2025-10-14T21:09:11+00:00","author":{"@id":"https:\/\/zacatecastrespuntocero.news\/#\/schema\/person\/a2399b2ec551c85a553c7e32e0eb5f01"},"breadcrumb":{"@id":"https:\/\/zacatecastrespuntocero.news\/?p=11860#breadcrumb"},"inLanguage":"es","potentialAction":[{"@type":"ReadAction","target":["https:\/\/zacatecastrespuntocero.news\/?p=11860"]}]},{"@type":"ImageObject","inLanguage":"es","@id":"https:\/\/zacatecastrespuntocero.news\/?p=11860#primaryimage","url":"https:\/\/zacatecastrespuntocero.news\/wp-content\/uploads\/2025\/10\/sat.jpg","contentUrl":"https:\/\/zacatecastrespuntocero.news\/wp-content\/uploads\/2025\/10\/sat.jpg","width":1170,"height":662},{"@type":"BreadcrumbList","@id":"https:\/\/zacatecastrespuntocero.news\/?p=11860#breadcrumb","itemListElement":[{"@type":"ListItem","position":1,"name":"Portada","item":"https:\/\/zacatecastrespuntocero.news\/"},{"@type":"ListItem","position":2,"name":"Protestan en el SAT; Sheinbaum dice que son pocos"}]},{"@type":"WebSite","@id":"https:\/\/zacatecastrespuntocero.news\/#website","url":"https:\/\/zacatecastrespuntocero.news\/","name":"Zacatecas 3.0","description":"","potentialAction":[{"@type":"SearchAction","target":{"@type":"EntryPoint","urlTemplate":"https:\/\/zacatecastrespuntocero.news\/?s={search_term_string}"},"query-input":{"@type":"PropertyValueSpecification","valueRequired":true,"valueName":"search_term_string"}}],"inLanguage":"es"},{"@type":"Person","@id":"https:\/\/zacatecastrespuntocero.news\/#\/schema\/person\/a2399b2ec551c85a553c7e32e0eb5f01","name":"Redacci\u00f3n Zacatecas 3.0","image":{"@type":"ImageObject","inLanguage":"es","@id":"https:\/\/zacatecastrespuntocero.news\/#\/schema\/person\/image\/","url":"https:\/\/secure.gravatar.com\/avatar\/898fb33ef49f211210b8183325052d3ced37d55b713857db60393870972a9248?s=96&d=mm&r=g","contentUrl":"https:\/\/secure.gravatar.com\/avatar\/898fb33ef49f211210b8183325052d3ced37d55b713857db60393870972a9248?s=96&d=mm&r=g","caption":"Redacci\u00f3n Zacatecas 3.0"},"sameAs":["http:\/\/zacatecastrespuntocero.news"],"url":"https:\/\/zacatecastrespuntocero.news\/?author=2"}]}},"_links":{"self":[{"href":"https:\/\/zacatecastrespuntocero.news\/index.php?rest_route=\/wp\/v2\/posts\/11860","targetHints":{"allow":["GET"]}}],"collection":[{"href":"https:\/\/zacatecastrespuntocero.news\/index.php?rest_route=\/wp\/v2\/posts"}],"about":[{"href":"https:\/\/zacatecastrespuntocero.news\/index.php?rest_route=\/wp\/v2\/types\/post"}],"author":[{"embeddable":true,"href":"https:\/\/zacatecastrespuntocero.news\/index.php?rest_route=\/wp\/v2\/users\/2"}],"replies":[{"embeddable":true,"href":"https:\/\/zacatecastrespuntocero.news\/index.php?rest_route=%2Fwp%2Fv2%2Fcomments&post=11860"}],"version-history":[{"count":1,"href":"https:\/\/zacatecastrespuntocero.news\/index.php?rest_route=\/wp\/v2\/posts\/11860\/revisions"}],"predecessor-version":[{"id":11862,"href":"https:\/\/zacatecastrespuntocero.news\/index.php?rest_route=\/wp\/v2\/posts\/11860\/revisions\/11862"}],"wp:featuredmedia":[{"embeddable":true,"href":"https:\/\/zacatecastrespuntocero.news\/index.php?rest_route=\/wp\/v2\/media\/11861"}],"wp:attachment":[{"href":"https:\/\/zacatecastrespuntocero.news\/index.php?rest_route=%2Fwp%2Fv2%2Fmedia&parent=11860"}],"wp:term":[{"taxonomy":"category","embeddable":true,"href":"https:\/\/zacatecastrespuntocero.news\/index.php?rest_route=%2Fwp%2Fv2%2Fcategories&post=11860"},{"taxonomy":"post_tag","embeddable":true,"href":"https:\/\/zacatecastrespuntocero.news\/index.php?rest_route=%2Fwp%2Fv2%2Ftags&post=11860"}],"curies":[{"name":"wp","href":"https:\/\/api.w.org\/{rel}","templated":true}]}}