{"id":13016,"date":"2025-11-11T15:45:32","date_gmt":"2025-11-11T15:45:32","guid":{"rendered":"https:\/\/zacatecastrespuntocero.news\/?p=13016"},"modified":"2025-11-11T15:45:32","modified_gmt":"2025-11-11T15:45:32","slug":"docentes-de-la-escuela-secundaria-tecnica-no-1-de-zacatecas-alzan-la-voz-toman-el-plantel-por-injusticia-hacia-directivos-y-tras-escandalo-de-violencia-digital","status":"publish","type":"post","link":"https:\/\/zacatecastrespuntocero.news\/?p=13016","title":{"rendered":"Docentes de la Escuela Secundaria T\u00e9cnica No. 1 de Zacatecas alzan la voz: toman el plantel por injusticia hacia directivos y tras esc\u00e1ndalo de violencia digital"},"content":{"rendered":"<p>&nbsp;<\/p>\n<p>En un hecho que sacude la zona educativa de Zacatecas capital, los maestros de la Secundaria T\u00e9cnica No. 1 decidieron tomar sus instalaciones en apoyo al director y a la trabajadora social, quienes \u2014afirman\u2014 han sido objeto de una actuaci\u00f3n injusta por parte de las autoridades escolares y estatales.<\/p>\n<p>La movilizaci\u00f3n se origina adem\u00e1s en un contexto de alta tensi\u00f3n: madres y padres de familia denunciaron que al menos 400 alumnas y alumnos fueron v\u00edctimas de manipulaci\u00f3n de im\u00e1genes con herramientas de inteligencia artificial (IA), en las que supuestamente se utiliz\u00f3 el rostro de estudiantes del plantel para producir contenido sexualizado. \ufffc<br \/>\nSe estima que alrededor de 80 denuncias formales ya han sido presentadas ante la Fiscal\u00eda General de Justicia del Estado de Zacatecas (FGJEZ). \ufffc<\/p>\n<p>Los padres protestaron \u2014bloqueando el bulevar Adolfo L\u00f3pez Mateos\u2014 por la omisi\u00f3n de autoridades del plantel (concebidas como el director y la trabajadora social) al atender el tema, argumentando que la contingencia se conoc\u00eda d\u00edas antes de la denuncia formal. \ufffc<br \/>\nComo respuesta a la presi\u00f3n, las autoridades educativas informaron la destituci\u00f3n del director y de la trabajadora social de la secundaria. \ufffc<\/p>\n<p>Por su parte, la plantilla docente \u2014a trav\u00e9s de su representaci\u00f3n sindical encabezada por el secretario general Filiberto Frausto Orozco y el responsable sindical del nivel, Macario Fabela\u2014 se\u00f1al\u00f3 que \u201clos compa\u00f1eros no est\u00e1n solos\u201d y que se brindar\u00e1 acompa\u00f1amiento jur\u00eddico y gremial. Tambi\u00e9n pidieron prudencia para no hacer p\u00fablicos los detalles que a\u00fan se investigan.<\/p>\n<p>La manifestaci\u00f3n de los maestros consisti\u00f3 en la toma pac\u00edfica de los espacios de la escuela, con el llamado a los padres de familia de no enviar a sus hijos ya que \u201cno habr\u00e1 atenci\u00f3n\u201d mientras la situaci\u00f3n no se aclare.<\/p>\n","protected":false},"excerpt":{"rendered":"<p>&nbsp; En un hecho que sacude la zona educativa de Zacatecas capital, los maestros de la Secundaria T\u00e9cnica No. 1 decidieron tomar sus instalaciones en apoyo al director y a la trabajadora social, quienes \u2014afirman\u2014 han sido objeto de una actuaci\u00f3n injusta por parte de las autoridades escolares y estatales. La movilizaci\u00f3n se origina adem\u00e1s [&hellip;]<\/p>\n","protected":false},"author":2,"featured_media":0,"comment_status":"open","ping_status":"open","sticky":false,"template":"","format":"image","meta":{"footnotes":""},"categories":[38],"tags":[],"class_list":["post-13016","post","type-post","status-publish","format-image","hentry","category-estatal","post_format-post-format-image"],"yoast_head":"<!-- This site is optimized with the Yoast SEO plugin v24.7 - https:\/\/yoast.com\/wordpress\/plugins\/seo\/ -->\n<title>Docentes de la Escuela Secundaria T\u00e9cnica No. 1 de Zacatecas alzan la voz: toman el plantel por injusticia hacia directivos y tras esc\u00e1ndalo de violencia digital - Zacatecas 3.0<\/title>\n<meta name=\"robots\" content=\"index, follow, max-snippet:-1, max-image-preview:large, max-video-preview:-1\" \/>\n<link rel=\"canonical\" href=\"https:\/\/zacatecastrespuntocero.news\/?p=13016\" \/>\n<meta property=\"og:locale\" content=\"es_ES\" \/>\n<meta property=\"og:type\" content=\"article\" \/>\n<meta property=\"og:title\" content=\"Docentes de la Escuela Secundaria T\u00e9cnica No. 1 de Zacatecas alzan la voz: toman el plantel por injusticia hacia directivos y tras esc\u00e1ndalo de violencia digital - Zacatecas 3.0\" \/>\n<meta property=\"og:description\" content=\"&nbsp; En un hecho que sacude la zona educativa de Zacatecas capital, los maestros de la Secundaria T\u00e9cnica No. 1 decidieron tomar sus instalaciones en apoyo al director y a la trabajadora social, quienes \u2014afirman\u2014 han sido objeto de una actuaci\u00f3n injusta por parte de las autoridades escolares y estatales. La movilizaci\u00f3n se origina adem\u00e1s [&hellip;]\" \/>\n<meta property=\"og:url\" content=\"https:\/\/zacatecastrespuntocero.news\/?p=13016\" \/>\n<meta property=\"og:site_name\" content=\"Zacatecas 3.0\" \/>\n<meta property=\"article:published_time\" content=\"2025-11-11T15:45:32+00:00\" \/>\n<meta name=\"author\" content=\"Redacci\u00f3n Zacatecas 3.0\" \/>\n<meta name=\"twitter:card\" content=\"summary_large_image\" \/>\n<meta name=\"twitter:label1\" content=\"Escrito por\" \/>\n\t<meta name=\"twitter:data1\" content=\"Redacci\u00f3n Zacatecas 3.0\" \/>\n\t<meta name=\"twitter:label2\" content=\"Tiempo de lectura\" \/>\n\t<meta name=\"twitter:data2\" content=\"2 minutos\" \/>\n<script type=\"application\/ld+json\" class=\"yoast-schema-graph\">{\"@context\":\"https:\/\/schema.org\",\"@graph\":[{\"@type\":\"WebPage\",\"@id\":\"https:\/\/zacatecastrespuntocero.news\/?p=13016\",\"url\":\"https:\/\/zacatecastrespuntocero.news\/?p=13016\",\"name\":\"Docentes de la Escuela Secundaria T\u00e9cnica No. 1 de Zacatecas alzan la voz: toman el plantel por injusticia hacia directivos y tras esc\u00e1ndalo de violencia digital - Zacatecas 3.0\",\"isPartOf\":{\"@id\":\"https:\/\/zacatecastrespuntocero.news\/#website\"},\"datePublished\":\"2025-11-11T15:45:32+00:00\",\"author\":{\"@id\":\"https:\/\/zacatecastrespuntocero.news\/#\/schema\/person\/a2399b2ec551c85a553c7e32e0eb5f01\"},\"breadcrumb\":{\"@id\":\"https:\/\/zacatecastrespuntocero.news\/?p=13016#breadcrumb\"},\"inLanguage\":\"es\",\"potentialAction\":[{\"@type\":\"ReadAction\",\"target\":[\"https:\/\/zacatecastrespuntocero.news\/?p=13016\"]}]},{\"@type\":\"BreadcrumbList\",\"@id\":\"https:\/\/zacatecastrespuntocero.news\/?p=13016#breadcrumb\",\"itemListElement\":[{\"@type\":\"ListItem\",\"position\":1,\"name\":\"Portada\",\"item\":\"https:\/\/zacatecastrespuntocero.news\/\"},{\"@type\":\"ListItem\",\"position\":2,\"name\":\"Docentes de la Escuela Secundaria T\u00e9cnica No. 1 de Zacatecas alzan la voz: toman el plantel por injusticia hacia directivos y tras esc\u00e1ndalo de violencia digital\"}]},{\"@type\":\"WebSite\",\"@id\":\"https:\/\/zacatecastrespuntocero.news\/#website\",\"url\":\"https:\/\/zacatecastrespuntocero.news\/\",\"name\":\"Zacatecas 3.0\",\"description\":\"\",\"potentialAction\":[{\"@type\":\"SearchAction\",\"target\":{\"@type\":\"EntryPoint\",\"urlTemplate\":\"https:\/\/zacatecastrespuntocero.news\/?s={search_term_string}\"},\"query-input\":{\"@type\":\"PropertyValueSpecification\",\"valueRequired\":true,\"valueName\":\"search_term_string\"}}],\"inLanguage\":\"es\"},{\"@type\":\"Person\",\"@id\":\"https:\/\/zacatecastrespuntocero.news\/#\/schema\/person\/a2399b2ec551c85a553c7e32e0eb5f01\",\"name\":\"Redacci\u00f3n Zacatecas 3.0\",\"image\":{\"@type\":\"ImageObject\",\"inLanguage\":\"es\",\"@id\":\"https:\/\/zacatecastrespuntocero.news\/#\/schema\/person\/image\/\",\"url\":\"https:\/\/secure.gravatar.com\/avatar\/898fb33ef49f211210b8183325052d3ced37d55b713857db60393870972a9248?s=96&d=mm&r=g\",\"contentUrl\":\"https:\/\/secure.gravatar.com\/avatar\/898fb33ef49f211210b8183325052d3ced37d55b713857db60393870972a9248?s=96&d=mm&r=g\",\"caption\":\"Redacci\u00f3n Zacatecas 3.0\"},\"sameAs\":[\"http:\/\/zacatecastrespuntocero.news\"],\"url\":\"https:\/\/zacatecastrespuntocero.news\/?author=2\"}]}<\/script>\n<!-- \/ Yoast SEO plugin. -->","yoast_head_json":{"title":"Docentes de la Escuela Secundaria T\u00e9cnica No. 1 de Zacatecas alzan la voz: toman el plantel por injusticia hacia directivos y tras esc\u00e1ndalo de violencia digital - Zacatecas 3.0","robots":{"index":"index","follow":"follow","max-snippet":"max-snippet:-1","max-image-preview":"max-image-preview:large","max-video-preview":"max-video-preview:-1"},"canonical":"https:\/\/zacatecastrespuntocero.news\/?p=13016","og_locale":"es_ES","og_type":"article","og_title":"Docentes de la Escuela Secundaria T\u00e9cnica No. 1 de Zacatecas alzan la voz: toman el plantel por injusticia hacia directivos y tras esc\u00e1ndalo de violencia digital - Zacatecas 3.0","og_description":"&nbsp; En un hecho que sacude la zona educativa de Zacatecas capital, los maestros de la Secundaria T\u00e9cnica No. 1 decidieron tomar sus instalaciones en apoyo al director y a la trabajadora social, quienes \u2014afirman\u2014 han sido objeto de una actuaci\u00f3n injusta por parte de las autoridades escolares y estatales. La movilizaci\u00f3n se origina adem\u00e1s [&hellip;]","og_url":"https:\/\/zacatecastrespuntocero.news\/?p=13016","og_site_name":"Zacatecas 3.0","article_published_time":"2025-11-11T15:45:32+00:00","author":"Redacci\u00f3n Zacatecas 3.0","twitter_card":"summary_large_image","twitter_misc":{"Escrito por":"Redacci\u00f3n Zacatecas 3.0","Tiempo de lectura":"2 minutos"},"schema":{"@context":"https:\/\/schema.org","@graph":[{"@type":"WebPage","@id":"https:\/\/zacatecastrespuntocero.news\/?p=13016","url":"https:\/\/zacatecastrespuntocero.news\/?p=13016","name":"Docentes de la Escuela Secundaria T\u00e9cnica No. 1 de Zacatecas alzan la voz: toman el plantel por injusticia hacia directivos y tras esc\u00e1ndalo de violencia digital - Zacatecas 3.0","isPartOf":{"@id":"https:\/\/zacatecastrespuntocero.news\/#website"},"datePublished":"2025-11-11T15:45:32+00:00","author":{"@id":"https:\/\/zacatecastrespuntocero.news\/#\/schema\/person\/a2399b2ec551c85a553c7e32e0eb5f01"},"breadcrumb":{"@id":"https:\/\/zacatecastrespuntocero.news\/?p=13016#breadcrumb"},"inLanguage":"es","potentialAction":[{"@type":"ReadAction","target":["https:\/\/zacatecastrespuntocero.news\/?p=13016"]}]},{"@type":"BreadcrumbList","@id":"https:\/\/zacatecastrespuntocero.news\/?p=13016#breadcrumb","itemListElement":[{"@type":"ListItem","position":1,"name":"Portada","item":"https:\/\/zacatecastrespuntocero.news\/"},{"@type":"ListItem","position":2,"name":"Docentes de la Escuela Secundaria T\u00e9cnica No. 1 de Zacatecas alzan la voz: toman el plantel por injusticia hacia directivos y tras esc\u00e1ndalo de violencia digital"}]},{"@type":"WebSite","@id":"https:\/\/zacatecastrespuntocero.news\/#website","url":"https:\/\/zacatecastrespuntocero.news\/","name":"Zacatecas 3.0","description":"","potentialAction":[{"@type":"SearchAction","target":{"@type":"EntryPoint","urlTemplate":"https:\/\/zacatecastrespuntocero.news\/?s={search_term_string}"},"query-input":{"@type":"PropertyValueSpecification","valueRequired":true,"valueName":"search_term_string"}}],"inLanguage":"es"},{"@type":"Person","@id":"https:\/\/zacatecastrespuntocero.news\/#\/schema\/person\/a2399b2ec551c85a553c7e32e0eb5f01","name":"Redacci\u00f3n Zacatecas 3.0","image":{"@type":"ImageObject","inLanguage":"es","@id":"https:\/\/zacatecastrespuntocero.news\/#\/schema\/person\/image\/","url":"https:\/\/secure.gravatar.com\/avatar\/898fb33ef49f211210b8183325052d3ced37d55b713857db60393870972a9248?s=96&d=mm&r=g","contentUrl":"https:\/\/secure.gravatar.com\/avatar\/898fb33ef49f211210b8183325052d3ced37d55b713857db60393870972a9248?s=96&d=mm&r=g","caption":"Redacci\u00f3n Zacatecas 3.0"},"sameAs":["http:\/\/zacatecastrespuntocero.news"],"url":"https:\/\/zacatecastrespuntocero.news\/?author=2"}]}},"_links":{"self":[{"href":"https:\/\/zacatecastrespuntocero.news\/index.php?rest_route=\/wp\/v2\/posts\/13016","targetHints":{"allow":["GET"]}}],"collection":[{"href":"https:\/\/zacatecastrespuntocero.news\/index.php?rest_route=\/wp\/v2\/posts"}],"about":[{"href":"https:\/\/zacatecastrespuntocero.news\/index.php?rest_route=\/wp\/v2\/types\/post"}],"author":[{"embeddable":true,"href":"https:\/\/zacatecastrespuntocero.news\/index.php?rest_route=\/wp\/v2\/users\/2"}],"replies":[{"embeddable":true,"href":"https:\/\/zacatecastrespuntocero.news\/index.php?rest_route=%2Fwp%2Fv2%2Fcomments&post=13016"}],"version-history":[{"count":1,"href":"https:\/\/zacatecastrespuntocero.news\/index.php?rest_route=\/wp\/v2\/posts\/13016\/revisions"}],"predecessor-version":[{"id":13018,"href":"https:\/\/zacatecastrespuntocero.news\/index.php?rest_route=\/wp\/v2\/posts\/13016\/revisions\/13018"}],"wp:attachment":[{"href":"https:\/\/zacatecastrespuntocero.news\/index.php?rest_route=%2Fwp%2Fv2%2Fmedia&parent=13016"}],"wp:term":[{"taxonomy":"category","embeddable":true,"href":"https:\/\/zacatecastrespuntocero.news\/index.php?rest_route=%2Fwp%2Fv2%2Fcategories&post=13016"},{"taxonomy":"post_tag","embeddable":true,"href":"https:\/\/zacatecastrespuntocero.news\/index.php?rest_route=%2Fwp%2Fv2%2Ftags&post=13016"}],"curies":[{"name":"wp","href":"https:\/\/api.w.org\/{rel}","templated":true}]}}