{"id":13161,"date":"2025-11-13T20:20:42","date_gmt":"2025-11-13T20:20:42","guid":{"rendered":"https:\/\/zacatecastrespuntocero.news\/?p=13161"},"modified":"2025-11-13T20:21:11","modified_gmt":"2025-11-13T20:21:11","slug":"vinculan-a-ex-rector-de-la-uaem","status":"publish","type":"post","link":"https:\/\/zacatecastrespuntocero.news\/?p=13161","title":{"rendered":"Vinculan a proceso ex Rector de la UAEM"},"content":{"rendered":"<p>Una juez federal vincul\u00f3 a proceso a Alejandro Vera Jim\u00e9nez, ex Rector de la Universidad Aut\u00f3noma del Estado de Morelos (UAEM) por el delito de delincuencia organizada; sin embargo, rechaz\u00f3 procesarlo por el caso de la Estafa Maestra.<\/p>\n<p>En una audiencia de m\u00e1s de 12 horas concluida por la madrugada, Guillermina Mat\u00edas Gardu\u00f1o, juez de control del Centro de Justicia Penal Federal de Almoloya de Ju\u00e1rez, en el Estado de M\u00e9xico, sujet\u00f3 a procedimiento a Vera s\u00f3lo por uno de los dos delitos que le imput\u00f3 la Fiscal\u00eda General de la Rep\u00fablica (FGR).<\/p>\n<p>El ex rector se quedar\u00e1 preso en el penal del Altiplano, ya que se le ratific\u00f3 la prisi\u00f3n preventiva de oficio, al ser la delincuencia organizada un il\u00edcito que tiene prevista esa medida cautelar.<\/p>\n<p>Se fij\u00f3 un plazo de dos meses para la investigaci\u00f3n complementaria,<\/p>\n","protected":false},"excerpt":{"rendered":"<p>Una juez federal vincul\u00f3 a proceso a Alejandro Vera Jim\u00e9nez, ex Rector de la Universidad Aut\u00f3noma del Estado de Morelos (UAEM) por el delito de delincuencia organizada; sin embargo, rechaz\u00f3 procesarlo por el caso de la Estafa Maestra. En una audiencia de m\u00e1s de 12 horas concluida por la madrugada, Guillermina Mat\u00edas Gardu\u00f1o, juez de [&hellip;]<\/p>\n","protected":false},"author":2,"featured_media":13162,"comment_status":"open","ping_status":"open","sticky":false,"template":"","format":"standard","meta":{"footnotes":""},"categories":[39],"tags":[],"class_list":["post-13161","post","type-post","status-publish","format-standard","has-post-thumbnail","hentry","category-nacional"],"yoast_head":"<!-- This site is optimized with the Yoast SEO plugin v24.7 - https:\/\/yoast.com\/wordpress\/plugins\/seo\/ -->\n<title>Vinculan a proceso ex Rector de la UAEM - Zacatecas 3.0<\/title>\n<meta name=\"robots\" content=\"index, follow, max-snippet:-1, max-image-preview:large, max-video-preview:-1\" \/>\n<link rel=\"canonical\" href=\"https:\/\/zacatecastrespuntocero.news\/?p=13161\" \/>\n<meta property=\"og:locale\" content=\"es_ES\" \/>\n<meta property=\"og:type\" content=\"article\" \/>\n<meta property=\"og:title\" content=\"Vinculan a proceso ex Rector de la UAEM - Zacatecas 3.0\" \/>\n<meta property=\"og:description\" content=\"Una juez federal vincul\u00f3 a proceso a Alejandro Vera Jim\u00e9nez, ex Rector de la Universidad Aut\u00f3noma del Estado de Morelos (UAEM) por el delito de delincuencia organizada; sin embargo, rechaz\u00f3 procesarlo por el caso de la Estafa Maestra. En una audiencia de m\u00e1s de 12 horas concluida por la madrugada, Guillermina Mat\u00edas Gardu\u00f1o, juez de [&hellip;]\" \/>\n<meta property=\"og:url\" content=\"https:\/\/zacatecastrespuntocero.news\/?p=13161\" \/>\n<meta property=\"og:site_name\" content=\"Zacatecas 3.0\" \/>\n<meta property=\"article:published_time\" content=\"2025-11-13T20:20:42+00:00\" \/>\n<meta property=\"article:modified_time\" content=\"2025-11-13T20:21:11+00:00\" \/>\n<meta property=\"og:image\" content=\"https:\/\/zacatecastrespuntocero.news\/wp-content\/uploads\/2025\/11\/G5L3Z03W8AA0tvI.jpg\" \/>\n\t<meta property=\"og:image:width\" content=\"1280\" \/>\n\t<meta property=\"og:image:height\" content=\"720\" \/>\n\t<meta property=\"og:image:type\" content=\"image\/jpeg\" \/>\n<meta name=\"author\" content=\"Redacci\u00f3n Zacatecas 3.0\" \/>\n<meta name=\"twitter:card\" content=\"summary_large_image\" \/>\n<meta name=\"twitter:label1\" content=\"Escrito por\" \/>\n\t<meta name=\"twitter:data1\" content=\"Redacci\u00f3n Zacatecas 3.0\" \/>\n\t<meta name=\"twitter:label2\" content=\"Tiempo de lectura\" \/>\n\t<meta name=\"twitter:data2\" content=\"1 minuto\" \/>\n<script type=\"application\/ld+json\" class=\"yoast-schema-graph\">{\"@context\":\"https:\/\/schema.org\",\"@graph\":[{\"@type\":\"WebPage\",\"@id\":\"https:\/\/zacatecastrespuntocero.news\/?p=13161\",\"url\":\"https:\/\/zacatecastrespuntocero.news\/?p=13161\",\"name\":\"Vinculan a proceso ex Rector de la UAEM - Zacatecas 3.0\",\"isPartOf\":{\"@id\":\"https:\/\/zacatecastrespuntocero.news\/#website\"},\"primaryImageOfPage\":{\"@id\":\"https:\/\/zacatecastrespuntocero.news\/?p=13161#primaryimage\"},\"image\":{\"@id\":\"https:\/\/zacatecastrespuntocero.news\/?p=13161#primaryimage\"},\"thumbnailUrl\":\"https:\/\/zacatecastrespuntocero.news\/wp-content\/uploads\/2025\/11\/G5L3Z03W8AA0tvI.jpg\",\"datePublished\":\"2025-11-13T20:20:42+00:00\",\"dateModified\":\"2025-11-13T20:21:11+00:00\",\"author\":{\"@id\":\"https:\/\/zacatecastrespuntocero.news\/#\/schema\/person\/a2399b2ec551c85a553c7e32e0eb5f01\"},\"breadcrumb\":{\"@id\":\"https:\/\/zacatecastrespuntocero.news\/?p=13161#breadcrumb\"},\"inLanguage\":\"es\",\"potentialAction\":[{\"@type\":\"ReadAction\",\"target\":[\"https:\/\/zacatecastrespuntocero.news\/?p=13161\"]}]},{\"@type\":\"ImageObject\",\"inLanguage\":\"es\",\"@id\":\"https:\/\/zacatecastrespuntocero.news\/?p=13161#primaryimage\",\"url\":\"https:\/\/zacatecastrespuntocero.news\/wp-content\/uploads\/2025\/11\/G5L3Z03W8AA0tvI.jpg\",\"contentUrl\":\"https:\/\/zacatecastrespuntocero.news\/wp-content\/uploads\/2025\/11\/G5L3Z03W8AA0tvI.jpg\",\"width\":1280,\"height\":720},{\"@type\":\"BreadcrumbList\",\"@id\":\"https:\/\/zacatecastrespuntocero.news\/?p=13161#breadcrumb\",\"itemListElement\":[{\"@type\":\"ListItem\",\"position\":1,\"name\":\"Portada\",\"item\":\"https:\/\/zacatecastrespuntocero.news\/\"},{\"@type\":\"ListItem\",\"position\":2,\"name\":\"Vinculan a proceso ex Rector de la UAEM\"}]},{\"@type\":\"WebSite\",\"@id\":\"https:\/\/zacatecastrespuntocero.news\/#website\",\"url\":\"https:\/\/zacatecastrespuntocero.news\/\",\"name\":\"Zacatecas 3.0\",\"description\":\"\",\"potentialAction\":[{\"@type\":\"SearchAction\",\"target\":{\"@type\":\"EntryPoint\",\"urlTemplate\":\"https:\/\/zacatecastrespuntocero.news\/?s={search_term_string}\"},\"query-input\":{\"@type\":\"PropertyValueSpecification\",\"valueRequired\":true,\"valueName\":\"search_term_string\"}}],\"inLanguage\":\"es\"},{\"@type\":\"Person\",\"@id\":\"https:\/\/zacatecastrespuntocero.news\/#\/schema\/person\/a2399b2ec551c85a553c7e32e0eb5f01\",\"name\":\"Redacci\u00f3n Zacatecas 3.0\",\"image\":{\"@type\":\"ImageObject\",\"inLanguage\":\"es\",\"@id\":\"https:\/\/zacatecastrespuntocero.news\/#\/schema\/person\/image\/\",\"url\":\"https:\/\/secure.gravatar.com\/avatar\/898fb33ef49f211210b8183325052d3ced37d55b713857db60393870972a9248?s=96&d=mm&r=g\",\"contentUrl\":\"https:\/\/secure.gravatar.com\/avatar\/898fb33ef49f211210b8183325052d3ced37d55b713857db60393870972a9248?s=96&d=mm&r=g\",\"caption\":\"Redacci\u00f3n Zacatecas 3.0\"},\"sameAs\":[\"http:\/\/zacatecastrespuntocero.news\"],\"url\":\"https:\/\/zacatecastrespuntocero.news\/?author=2\"}]}<\/script>\n<!-- \/ Yoast SEO plugin. -->","yoast_head_json":{"title":"Vinculan a proceso ex Rector de la UAEM - Zacatecas 3.0","robots":{"index":"index","follow":"follow","max-snippet":"max-snippet:-1","max-image-preview":"max-image-preview:large","max-video-preview":"max-video-preview:-1"},"canonical":"https:\/\/zacatecastrespuntocero.news\/?p=13161","og_locale":"es_ES","og_type":"article","og_title":"Vinculan a proceso ex Rector de la UAEM - Zacatecas 3.0","og_description":"Una juez federal vincul\u00f3 a proceso a Alejandro Vera Jim\u00e9nez, ex Rector de la Universidad Aut\u00f3noma del Estado de Morelos (UAEM) por el delito de delincuencia organizada; sin embargo, rechaz\u00f3 procesarlo por el caso de la Estafa Maestra. En una audiencia de m\u00e1s de 12 horas concluida por la madrugada, Guillermina Mat\u00edas Gardu\u00f1o, juez de [&hellip;]","og_url":"https:\/\/zacatecastrespuntocero.news\/?p=13161","og_site_name":"Zacatecas 3.0","article_published_time":"2025-11-13T20:20:42+00:00","article_modified_time":"2025-11-13T20:21:11+00:00","og_image":[{"width":1280,"height":720,"url":"https:\/\/zacatecastrespuntocero.news\/wp-content\/uploads\/2025\/11\/G5L3Z03W8AA0tvI.jpg","type":"image\/jpeg"}],"author":"Redacci\u00f3n Zacatecas 3.0","twitter_card":"summary_large_image","twitter_misc":{"Escrito por":"Redacci\u00f3n Zacatecas 3.0","Tiempo de lectura":"1 minuto"},"schema":{"@context":"https:\/\/schema.org","@graph":[{"@type":"WebPage","@id":"https:\/\/zacatecastrespuntocero.news\/?p=13161","url":"https:\/\/zacatecastrespuntocero.news\/?p=13161","name":"Vinculan a proceso ex Rector de la UAEM - Zacatecas 3.0","isPartOf":{"@id":"https:\/\/zacatecastrespuntocero.news\/#website"},"primaryImageOfPage":{"@id":"https:\/\/zacatecastrespuntocero.news\/?p=13161#primaryimage"},"image":{"@id":"https:\/\/zacatecastrespuntocero.news\/?p=13161#primaryimage"},"thumbnailUrl":"https:\/\/zacatecastrespuntocero.news\/wp-content\/uploads\/2025\/11\/G5L3Z03W8AA0tvI.jpg","datePublished":"2025-11-13T20:20:42+00:00","dateModified":"2025-11-13T20:21:11+00:00","author":{"@id":"https:\/\/zacatecastrespuntocero.news\/#\/schema\/person\/a2399b2ec551c85a553c7e32e0eb5f01"},"breadcrumb":{"@id":"https:\/\/zacatecastrespuntocero.news\/?p=13161#breadcrumb"},"inLanguage":"es","potentialAction":[{"@type":"ReadAction","target":["https:\/\/zacatecastrespuntocero.news\/?p=13161"]}]},{"@type":"ImageObject","inLanguage":"es","@id":"https:\/\/zacatecastrespuntocero.news\/?p=13161#primaryimage","url":"https:\/\/zacatecastrespuntocero.news\/wp-content\/uploads\/2025\/11\/G5L3Z03W8AA0tvI.jpg","contentUrl":"https:\/\/zacatecastrespuntocero.news\/wp-content\/uploads\/2025\/11\/G5L3Z03W8AA0tvI.jpg","width":1280,"height":720},{"@type":"BreadcrumbList","@id":"https:\/\/zacatecastrespuntocero.news\/?p=13161#breadcrumb","itemListElement":[{"@type":"ListItem","position":1,"name":"Portada","item":"https:\/\/zacatecastrespuntocero.news\/"},{"@type":"ListItem","position":2,"name":"Vinculan a proceso ex Rector de la UAEM"}]},{"@type":"WebSite","@id":"https:\/\/zacatecastrespuntocero.news\/#website","url":"https:\/\/zacatecastrespuntocero.news\/","name":"Zacatecas 3.0","description":"","potentialAction":[{"@type":"SearchAction","target":{"@type":"EntryPoint","urlTemplate":"https:\/\/zacatecastrespuntocero.news\/?s={search_term_string}"},"query-input":{"@type":"PropertyValueSpecification","valueRequired":true,"valueName":"search_term_string"}}],"inLanguage":"es"},{"@type":"Person","@id":"https:\/\/zacatecastrespuntocero.news\/#\/schema\/person\/a2399b2ec551c85a553c7e32e0eb5f01","name":"Redacci\u00f3n Zacatecas 3.0","image":{"@type":"ImageObject","inLanguage":"es","@id":"https:\/\/zacatecastrespuntocero.news\/#\/schema\/person\/image\/","url":"https:\/\/secure.gravatar.com\/avatar\/898fb33ef49f211210b8183325052d3ced37d55b713857db60393870972a9248?s=96&d=mm&r=g","contentUrl":"https:\/\/secure.gravatar.com\/avatar\/898fb33ef49f211210b8183325052d3ced37d55b713857db60393870972a9248?s=96&d=mm&r=g","caption":"Redacci\u00f3n Zacatecas 3.0"},"sameAs":["http:\/\/zacatecastrespuntocero.news"],"url":"https:\/\/zacatecastrespuntocero.news\/?author=2"}]}},"_links":{"self":[{"href":"https:\/\/zacatecastrespuntocero.news\/index.php?rest_route=\/wp\/v2\/posts\/13161","targetHints":{"allow":["GET"]}}],"collection":[{"href":"https:\/\/zacatecastrespuntocero.news\/index.php?rest_route=\/wp\/v2\/posts"}],"about":[{"href":"https:\/\/zacatecastrespuntocero.news\/index.php?rest_route=\/wp\/v2\/types\/post"}],"author":[{"embeddable":true,"href":"https:\/\/zacatecastrespuntocero.news\/index.php?rest_route=\/wp\/v2\/users\/2"}],"replies":[{"embeddable":true,"href":"https:\/\/zacatecastrespuntocero.news\/index.php?rest_route=%2Fwp%2Fv2%2Fcomments&post=13161"}],"version-history":[{"count":2,"href":"https:\/\/zacatecastrespuntocero.news\/index.php?rest_route=\/wp\/v2\/posts\/13161\/revisions"}],"predecessor-version":[{"id":13164,"href":"https:\/\/zacatecastrespuntocero.news\/index.php?rest_route=\/wp\/v2\/posts\/13161\/revisions\/13164"}],"wp:featuredmedia":[{"embeddable":true,"href":"https:\/\/zacatecastrespuntocero.news\/index.php?rest_route=\/wp\/v2\/media\/13162"}],"wp:attachment":[{"href":"https:\/\/zacatecastrespuntocero.news\/index.php?rest_route=%2Fwp%2Fv2%2Fmedia&parent=13161"}],"wp:term":[{"taxonomy":"category","embeddable":true,"href":"https:\/\/zacatecastrespuntocero.news\/index.php?rest_route=%2Fwp%2Fv2%2Fcategories&post=13161"},{"taxonomy":"post_tag","embeddable":true,"href":"https:\/\/zacatecastrespuntocero.news\/index.php?rest_route=%2Fwp%2Fv2%2Ftags&post=13161"}],"curies":[{"name":"wp","href":"https:\/\/api.w.org\/{rel}","templated":true}]}}