{"id":13205,"date":"2025-11-14T20:32:17","date_gmt":"2025-11-14T20:32:17","guid":{"rendered":"https:\/\/zacatecastrespuntocero.news\/?p=13205"},"modified":"2025-11-14T20:32:17","modified_gmt":"2025-11-14T20:32:17","slug":"culpa-sheinbuam-a-oposicion-de-levantar-marcha","status":"publish","type":"post","link":"https:\/\/zacatecastrespuntocero.news\/?p=13205","title":{"rendered":"Culpa Sheinbuam a oposici\u00f3n de \u00ablevantar\u00bb marcha"},"content":{"rendered":"<p>La Presidenta Claudia Sheinbaum asegur\u00f3 que la marcha de la Generaci\u00f3n Z, convocada para este 15 de noviembre, fue levantada por la oposici\u00f3n.<\/p>\n<p>\u00abFue la Oposici\u00f3n quien levant\u00f3 esta marcha, el PRI, el PAN y personalidades vinculadas con ellos, con lo que fue la Marea Rosa. M\u00e1s que algunos j\u00f3venes que leg\u00edtimamente pudieran manifestarse, insisto, fue la Oposici\u00f3n quien levant\u00f3 mucho esta marcha\u00bb.<\/p>\n<p>En la ma\u00f1anera, sostuvo que algunos j\u00f3venes podr\u00edan participar leg\u00edtimamente, pero que la movilizaci\u00f3n fue amplificada por fuerzas opositoras.<\/p>\n","protected":false},"excerpt":{"rendered":"<p>La Presidenta Claudia Sheinbaum asegur\u00f3 que la marcha de la Generaci\u00f3n Z, convocada para este 15 de noviembre, fue levantada por la oposici\u00f3n. \u00abFue la Oposici\u00f3n quien levant\u00f3 esta marcha, el PRI, el PAN y personalidades vinculadas con ellos, con lo que fue la Marea Rosa. M\u00e1s que algunos j\u00f3venes que leg\u00edtimamente pudieran manifestarse, insisto, [&hellip;]<\/p>\n","protected":false},"author":2,"featured_media":13206,"comment_status":"open","ping_status":"open","sticky":false,"template":"","format":"standard","meta":{"footnotes":""},"categories":[39],"tags":[],"class_list":["post-13205","post","type-post","status-publish","format-standard","has-post-thumbnail","hentry","category-nacional"],"yoast_head":"<!-- This site is optimized with the Yoast SEO plugin v24.7 - https:\/\/yoast.com\/wordpress\/plugins\/seo\/ -->\n<title>Culpa Sheinbuam a oposici\u00f3n de &quot;levantar&quot; marcha - Zacatecas 3.0<\/title>\n<meta name=\"robots\" content=\"index, follow, max-snippet:-1, max-image-preview:large, max-video-preview:-1\" \/>\n<link rel=\"canonical\" href=\"https:\/\/zacatecastrespuntocero.news\/?p=13205\" \/>\n<meta property=\"og:locale\" content=\"es_ES\" \/>\n<meta property=\"og:type\" content=\"article\" \/>\n<meta property=\"og:title\" content=\"Culpa Sheinbuam a oposici\u00f3n de &quot;levantar&quot; marcha - Zacatecas 3.0\" \/>\n<meta property=\"og:description\" content=\"La Presidenta Claudia Sheinbaum asegur\u00f3 que la marcha de la Generaci\u00f3n Z, convocada para este 15 de noviembre, fue levantada por la oposici\u00f3n. \u00abFue la Oposici\u00f3n quien levant\u00f3 esta marcha, el PRI, el PAN y personalidades vinculadas con ellos, con lo que fue la Marea Rosa. M\u00e1s que algunos j\u00f3venes que leg\u00edtimamente pudieran manifestarse, insisto, [&hellip;]\" \/>\n<meta property=\"og:url\" content=\"https:\/\/zacatecastrespuntocero.news\/?p=13205\" \/>\n<meta property=\"og:site_name\" content=\"Zacatecas 3.0\" \/>\n<meta property=\"article:published_time\" content=\"2025-11-14T20:32:17+00:00\" \/>\n<meta property=\"og:image\" content=\"https:\/\/zacatecastrespuntocero.news\/wp-content\/uploads\/2025\/11\/G5mUzQkWcAAGTJ-.png\" \/>\n\t<meta property=\"og:image:width\" content=\"609\" \/>\n\t<meta property=\"og:image:height\" content=\"889\" \/>\n\t<meta property=\"og:image:type\" content=\"image\/png\" \/>\n<meta name=\"author\" content=\"Redacci\u00f3n Zacatecas 3.0\" \/>\n<meta name=\"twitter:card\" content=\"summary_large_image\" \/>\n<meta name=\"twitter:label1\" content=\"Escrito por\" \/>\n\t<meta name=\"twitter:data1\" content=\"Redacci\u00f3n Zacatecas 3.0\" \/>\n\t<meta name=\"twitter:label2\" content=\"Tiempo de lectura\" \/>\n\t<meta name=\"twitter:data2\" content=\"1 minuto\" \/>\n<script type=\"application\/ld+json\" class=\"yoast-schema-graph\">{\"@context\":\"https:\/\/schema.org\",\"@graph\":[{\"@type\":\"WebPage\",\"@id\":\"https:\/\/zacatecastrespuntocero.news\/?p=13205\",\"url\":\"https:\/\/zacatecastrespuntocero.news\/?p=13205\",\"name\":\"Culpa Sheinbuam a oposici\u00f3n de \\\"levantar\\\" marcha - Zacatecas 3.0\",\"isPartOf\":{\"@id\":\"https:\/\/zacatecastrespuntocero.news\/#website\"},\"primaryImageOfPage\":{\"@id\":\"https:\/\/zacatecastrespuntocero.news\/?p=13205#primaryimage\"},\"image\":{\"@id\":\"https:\/\/zacatecastrespuntocero.news\/?p=13205#primaryimage\"},\"thumbnailUrl\":\"https:\/\/zacatecastrespuntocero.news\/wp-content\/uploads\/2025\/11\/G5mUzQkWcAAGTJ-.png\",\"datePublished\":\"2025-11-14T20:32:17+00:00\",\"author\":{\"@id\":\"https:\/\/zacatecastrespuntocero.news\/#\/schema\/person\/a2399b2ec551c85a553c7e32e0eb5f01\"},\"breadcrumb\":{\"@id\":\"https:\/\/zacatecastrespuntocero.news\/?p=13205#breadcrumb\"},\"inLanguage\":\"es\",\"potentialAction\":[{\"@type\":\"ReadAction\",\"target\":[\"https:\/\/zacatecastrespuntocero.news\/?p=13205\"]}]},{\"@type\":\"ImageObject\",\"inLanguage\":\"es\",\"@id\":\"https:\/\/zacatecastrespuntocero.news\/?p=13205#primaryimage\",\"url\":\"https:\/\/zacatecastrespuntocero.news\/wp-content\/uploads\/2025\/11\/G5mUzQkWcAAGTJ-.png\",\"contentUrl\":\"https:\/\/zacatecastrespuntocero.news\/wp-content\/uploads\/2025\/11\/G5mUzQkWcAAGTJ-.png\",\"width\":609,\"height\":889},{\"@type\":\"BreadcrumbList\",\"@id\":\"https:\/\/zacatecastrespuntocero.news\/?p=13205#breadcrumb\",\"itemListElement\":[{\"@type\":\"ListItem\",\"position\":1,\"name\":\"Portada\",\"item\":\"https:\/\/zacatecastrespuntocero.news\/\"},{\"@type\":\"ListItem\",\"position\":2,\"name\":\"Culpa Sheinbuam a oposici\u00f3n de \u00ablevantar\u00bb marcha\"}]},{\"@type\":\"WebSite\",\"@id\":\"https:\/\/zacatecastrespuntocero.news\/#website\",\"url\":\"https:\/\/zacatecastrespuntocero.news\/\",\"name\":\"Zacatecas 3.0\",\"description\":\"\",\"potentialAction\":[{\"@type\":\"SearchAction\",\"target\":{\"@type\":\"EntryPoint\",\"urlTemplate\":\"https:\/\/zacatecastrespuntocero.news\/?s={search_term_string}\"},\"query-input\":{\"@type\":\"PropertyValueSpecification\",\"valueRequired\":true,\"valueName\":\"search_term_string\"}}],\"inLanguage\":\"es\"},{\"@type\":\"Person\",\"@id\":\"https:\/\/zacatecastrespuntocero.news\/#\/schema\/person\/a2399b2ec551c85a553c7e32e0eb5f01\",\"name\":\"Redacci\u00f3n Zacatecas 3.0\",\"image\":{\"@type\":\"ImageObject\",\"inLanguage\":\"es\",\"@id\":\"https:\/\/zacatecastrespuntocero.news\/#\/schema\/person\/image\/\",\"url\":\"https:\/\/secure.gravatar.com\/avatar\/898fb33ef49f211210b8183325052d3ced37d55b713857db60393870972a9248?s=96&d=mm&r=g\",\"contentUrl\":\"https:\/\/secure.gravatar.com\/avatar\/898fb33ef49f211210b8183325052d3ced37d55b713857db60393870972a9248?s=96&d=mm&r=g\",\"caption\":\"Redacci\u00f3n Zacatecas 3.0\"},\"sameAs\":[\"http:\/\/zacatecastrespuntocero.news\"],\"url\":\"https:\/\/zacatecastrespuntocero.news\/?author=2\"}]}<\/script>\n<!-- \/ Yoast SEO plugin. -->","yoast_head_json":{"title":"Culpa Sheinbuam a oposici\u00f3n de \"levantar\" marcha - Zacatecas 3.0","robots":{"index":"index","follow":"follow","max-snippet":"max-snippet:-1","max-image-preview":"max-image-preview:large","max-video-preview":"max-video-preview:-1"},"canonical":"https:\/\/zacatecastrespuntocero.news\/?p=13205","og_locale":"es_ES","og_type":"article","og_title":"Culpa Sheinbuam a oposici\u00f3n de \"levantar\" marcha - Zacatecas 3.0","og_description":"La Presidenta Claudia Sheinbaum asegur\u00f3 que la marcha de la Generaci\u00f3n Z, convocada para este 15 de noviembre, fue levantada por la oposici\u00f3n. \u00abFue la Oposici\u00f3n quien levant\u00f3 esta marcha, el PRI, el PAN y personalidades vinculadas con ellos, con lo que fue la Marea Rosa. M\u00e1s que algunos j\u00f3venes que leg\u00edtimamente pudieran manifestarse, insisto, [&hellip;]","og_url":"https:\/\/zacatecastrespuntocero.news\/?p=13205","og_site_name":"Zacatecas 3.0","article_published_time":"2025-11-14T20:32:17+00:00","og_image":[{"width":609,"height":889,"url":"https:\/\/zacatecastrespuntocero.news\/wp-content\/uploads\/2025\/11\/G5mUzQkWcAAGTJ-.png","type":"image\/png"}],"author":"Redacci\u00f3n Zacatecas 3.0","twitter_card":"summary_large_image","twitter_misc":{"Escrito por":"Redacci\u00f3n Zacatecas 3.0","Tiempo de lectura":"1 minuto"},"schema":{"@context":"https:\/\/schema.org","@graph":[{"@type":"WebPage","@id":"https:\/\/zacatecastrespuntocero.news\/?p=13205","url":"https:\/\/zacatecastrespuntocero.news\/?p=13205","name":"Culpa Sheinbuam a oposici\u00f3n de \"levantar\" marcha - Zacatecas 3.0","isPartOf":{"@id":"https:\/\/zacatecastrespuntocero.news\/#website"},"primaryImageOfPage":{"@id":"https:\/\/zacatecastrespuntocero.news\/?p=13205#primaryimage"},"image":{"@id":"https:\/\/zacatecastrespuntocero.news\/?p=13205#primaryimage"},"thumbnailUrl":"https:\/\/zacatecastrespuntocero.news\/wp-content\/uploads\/2025\/11\/G5mUzQkWcAAGTJ-.png","datePublished":"2025-11-14T20:32:17+00:00","author":{"@id":"https:\/\/zacatecastrespuntocero.news\/#\/schema\/person\/a2399b2ec551c85a553c7e32e0eb5f01"},"breadcrumb":{"@id":"https:\/\/zacatecastrespuntocero.news\/?p=13205#breadcrumb"},"inLanguage":"es","potentialAction":[{"@type":"ReadAction","target":["https:\/\/zacatecastrespuntocero.news\/?p=13205"]}]},{"@type":"ImageObject","inLanguage":"es","@id":"https:\/\/zacatecastrespuntocero.news\/?p=13205#primaryimage","url":"https:\/\/zacatecastrespuntocero.news\/wp-content\/uploads\/2025\/11\/G5mUzQkWcAAGTJ-.png","contentUrl":"https:\/\/zacatecastrespuntocero.news\/wp-content\/uploads\/2025\/11\/G5mUzQkWcAAGTJ-.png","width":609,"height":889},{"@type":"BreadcrumbList","@id":"https:\/\/zacatecastrespuntocero.news\/?p=13205#breadcrumb","itemListElement":[{"@type":"ListItem","position":1,"name":"Portada","item":"https:\/\/zacatecastrespuntocero.news\/"},{"@type":"ListItem","position":2,"name":"Culpa Sheinbuam a oposici\u00f3n de \u00ablevantar\u00bb marcha"}]},{"@type":"WebSite","@id":"https:\/\/zacatecastrespuntocero.news\/#website","url":"https:\/\/zacatecastrespuntocero.news\/","name":"Zacatecas 3.0","description":"","potentialAction":[{"@type":"SearchAction","target":{"@type":"EntryPoint","urlTemplate":"https:\/\/zacatecastrespuntocero.news\/?s={search_term_string}"},"query-input":{"@type":"PropertyValueSpecification","valueRequired":true,"valueName":"search_term_string"}}],"inLanguage":"es"},{"@type":"Person","@id":"https:\/\/zacatecastrespuntocero.news\/#\/schema\/person\/a2399b2ec551c85a553c7e32e0eb5f01","name":"Redacci\u00f3n Zacatecas 3.0","image":{"@type":"ImageObject","inLanguage":"es","@id":"https:\/\/zacatecastrespuntocero.news\/#\/schema\/person\/image\/","url":"https:\/\/secure.gravatar.com\/avatar\/898fb33ef49f211210b8183325052d3ced37d55b713857db60393870972a9248?s=96&d=mm&r=g","contentUrl":"https:\/\/secure.gravatar.com\/avatar\/898fb33ef49f211210b8183325052d3ced37d55b713857db60393870972a9248?s=96&d=mm&r=g","caption":"Redacci\u00f3n Zacatecas 3.0"},"sameAs":["http:\/\/zacatecastrespuntocero.news"],"url":"https:\/\/zacatecastrespuntocero.news\/?author=2"}]}},"_links":{"self":[{"href":"https:\/\/zacatecastrespuntocero.news\/index.php?rest_route=\/wp\/v2\/posts\/13205","targetHints":{"allow":["GET"]}}],"collection":[{"href":"https:\/\/zacatecastrespuntocero.news\/index.php?rest_route=\/wp\/v2\/posts"}],"about":[{"href":"https:\/\/zacatecastrespuntocero.news\/index.php?rest_route=\/wp\/v2\/types\/post"}],"author":[{"embeddable":true,"href":"https:\/\/zacatecastrespuntocero.news\/index.php?rest_route=\/wp\/v2\/users\/2"}],"replies":[{"embeddable":true,"href":"https:\/\/zacatecastrespuntocero.news\/index.php?rest_route=%2Fwp%2Fv2%2Fcomments&post=13205"}],"version-history":[{"count":1,"href":"https:\/\/zacatecastrespuntocero.news\/index.php?rest_route=\/wp\/v2\/posts\/13205\/revisions"}],"predecessor-version":[{"id":13207,"href":"https:\/\/zacatecastrespuntocero.news\/index.php?rest_route=\/wp\/v2\/posts\/13205\/revisions\/13207"}],"wp:featuredmedia":[{"embeddable":true,"href":"https:\/\/zacatecastrespuntocero.news\/index.php?rest_route=\/wp\/v2\/media\/13206"}],"wp:attachment":[{"href":"https:\/\/zacatecastrespuntocero.news\/index.php?rest_route=%2Fwp%2Fv2%2Fmedia&parent=13205"}],"wp:term":[{"taxonomy":"category","embeddable":true,"href":"https:\/\/zacatecastrespuntocero.news\/index.php?rest_route=%2Fwp%2Fv2%2Fcategories&post=13205"},{"taxonomy":"post_tag","embeddable":true,"href":"https:\/\/zacatecastrespuntocero.news\/index.php?rest_route=%2Fwp%2Fv2%2Ftags&post=13205"}],"curies":[{"name":"wp","href":"https:\/\/api.w.org\/{rel}","templated":true}]}}