{"id":13478,"date":"2025-11-22T16:09:56","date_gmt":"2025-11-22T16:09:56","guid":{"rendered":"https:\/\/zacatecastrespuntocero.news\/?p=13478"},"modified":"2025-11-22T16:09:56","modified_gmt":"2025-11-22T16:09:56","slug":"secuestro-masivo-en-nigeria-315-personas-raptadas-en-un-internado","status":"publish","type":"post","link":"https:\/\/zacatecastrespuntocero.news\/?p=13478","title":{"rendered":"Secuestro masivo en Nigeria: 315 personas raptadas en un internado"},"content":{"rendered":"<p>&nbsp;<\/p>\n<p>&nbsp;<\/p>\n<p data-start=\"72\" data-end=\"367\">El n\u00famero de estudiantes secuestrados en la Escuela Secundaria Cat\u00f3lica St. Mary\u2019s, en Papiri, estado de N\u00edger, ascendi\u00f3 a 303, adem\u00e1s de 12 profesores, inform\u00f3 la Asociaci\u00f3n Cristiana de Nigeria. En total, 315 personas fueron raptadas durante un ataque armado ocurrido la madrugada del viernes.<\/p>\n<p>&nbsp;<\/p>\n<p data-start=\"369\" data-end=\"686\">De acuerdo con el obispo Bulus Yohanna, los estudiantes \u2014hombres y mujeres de entre 10 y 18 a\u00f1os\u2014 fueron sustra\u00eddos tras el ingreso de sujetos armados al internado alrededor de las 2:00 de la ma\u00f1ana. El Gobierno de Nigeria orden\u00f3 el cierre temporal de 41 colegios en zonas vulnerables para prevenir nuevos incidentes.<\/p>\n<p>&nbsp;<\/p>\n<p data-start=\"688\" data-end=\"995\">Este secuestro ocurre tras otros ataques recientes, incluido el rapto de 25 ni\u00f1as en otro internado y un atentado contra fieles cristianos en Eruku, donde murieron dos personas y 38 fueron secuestradas. La polic\u00eda y fuerzas militares realizan un operativo en el bosque cercano para localizar a los captores.<\/p>\n<p>&nbsp;<\/p>\n<p data-start=\"997\" data-end=\"1294\" data-is-last-node=\"\" data-is-only-node=\"\">UNICEF advirti\u00f3 que s\u00f3lo el 37% de los colegios en los estados afectados cuenta con sistemas de alerta temprana. El norte y centro de Nigeria enfrentan una grave crisis de seguridad por bandas criminales dedicadas al secuestro y por la persistencia de grupos yihadistas como Boko Haram y el ISWAP.<\/p>\n","protected":false},"excerpt":{"rendered":"<p>&nbsp; &nbsp; El n\u00famero de estudiantes secuestrados en la Escuela Secundaria Cat\u00f3lica St. Mary\u2019s, en Papiri, estado de N\u00edger, ascendi\u00f3 a 303, adem\u00e1s de 12 profesores, inform\u00f3 la Asociaci\u00f3n Cristiana de Nigeria. En total, 315 personas fueron raptadas durante un ataque armado ocurrido la madrugada del viernes. &nbsp; De acuerdo con el obispo Bulus Yohanna, [&hellip;]<\/p>\n","protected":false},"author":2,"featured_media":13479,"comment_status":"open","ping_status":"open","sticky":false,"template":"","format":"standard","meta":{"footnotes":""},"categories":[40],"tags":[3292,3293,2349,3291],"class_list":["post-13478","post","type-post","status-publish","format-standard","has-post-thumbnail","hentry","category-internacional","tag-315-personas-raptadas","tag-internado","tag-nigeria","tag-secuestro-masivo"],"yoast_head":"<!-- This site is optimized with the Yoast SEO plugin v24.7 - https:\/\/yoast.com\/wordpress\/plugins\/seo\/ -->\n<title>Secuestro masivo en Nigeria: 315 personas raptadas en un internado - Zacatecas 3.0<\/title>\n<meta name=\"robots\" content=\"index, follow, max-snippet:-1, max-image-preview:large, max-video-preview:-1\" \/>\n<link rel=\"canonical\" href=\"https:\/\/zacatecastrespuntocero.news\/?p=13478\" \/>\n<meta property=\"og:locale\" content=\"es_ES\" \/>\n<meta property=\"og:type\" content=\"article\" \/>\n<meta property=\"og:title\" content=\"Secuestro masivo en Nigeria: 315 personas raptadas en un internado - Zacatecas 3.0\" \/>\n<meta property=\"og:description\" content=\"&nbsp; &nbsp; El n\u00famero de estudiantes secuestrados en la Escuela Secundaria Cat\u00f3lica St. Mary\u2019s, en Papiri, estado de N\u00edger, ascendi\u00f3 a 303, adem\u00e1s de 12 profesores, inform\u00f3 la Asociaci\u00f3n Cristiana de Nigeria. En total, 315 personas fueron raptadas durante un ataque armado ocurrido la madrugada del viernes. &nbsp; De acuerdo con el obispo Bulus Yohanna, [&hellip;]\" \/>\n<meta property=\"og:url\" content=\"https:\/\/zacatecastrespuntocero.news\/?p=13478\" \/>\n<meta property=\"og:site_name\" content=\"Zacatecas 3.0\" \/>\n<meta property=\"article:published_time\" content=\"2025-11-22T16:09:56+00:00\" \/>\n<meta property=\"og:image\" content=\"https:\/\/zacatecastrespuntocero.news\/wp-content\/uploads\/2025\/11\/badcf834-f59b-4219-82c1-527a33d47f9b.jpg\" \/>\n\t<meta property=\"og:image:width\" content=\"954\" \/>\n\t<meta property=\"og:image:height\" content=\"634\" \/>\n\t<meta property=\"og:image:type\" content=\"image\/jpeg\" \/>\n<meta name=\"author\" content=\"Redacci\u00f3n Zacatecas 3.0\" \/>\n<meta name=\"twitter:card\" content=\"summary_large_image\" \/>\n<meta name=\"twitter:label1\" content=\"Escrito por\" \/>\n\t<meta name=\"twitter:data1\" content=\"Redacci\u00f3n Zacatecas 3.0\" \/>\n\t<meta name=\"twitter:label2\" content=\"Tiempo de lectura\" \/>\n\t<meta name=\"twitter:data2\" content=\"2 minutos\" \/>\n<script type=\"application\/ld+json\" class=\"yoast-schema-graph\">{\"@context\":\"https:\/\/schema.org\",\"@graph\":[{\"@type\":\"WebPage\",\"@id\":\"https:\/\/zacatecastrespuntocero.news\/?p=13478\",\"url\":\"https:\/\/zacatecastrespuntocero.news\/?p=13478\",\"name\":\"Secuestro masivo en Nigeria: 315 personas raptadas en un internado - Zacatecas 3.0\",\"isPartOf\":{\"@id\":\"https:\/\/zacatecastrespuntocero.news\/#website\"},\"primaryImageOfPage\":{\"@id\":\"https:\/\/zacatecastrespuntocero.news\/?p=13478#primaryimage\"},\"image\":{\"@id\":\"https:\/\/zacatecastrespuntocero.news\/?p=13478#primaryimage\"},\"thumbnailUrl\":\"https:\/\/zacatecastrespuntocero.news\/wp-content\/uploads\/2025\/11\/badcf834-f59b-4219-82c1-527a33d47f9b.jpg\",\"datePublished\":\"2025-11-22T16:09:56+00:00\",\"author\":{\"@id\":\"https:\/\/zacatecastrespuntocero.news\/#\/schema\/person\/a2399b2ec551c85a553c7e32e0eb5f01\"},\"breadcrumb\":{\"@id\":\"https:\/\/zacatecastrespuntocero.news\/?p=13478#breadcrumb\"},\"inLanguage\":\"es\",\"potentialAction\":[{\"@type\":\"ReadAction\",\"target\":[\"https:\/\/zacatecastrespuntocero.news\/?p=13478\"]}]},{\"@type\":\"ImageObject\",\"inLanguage\":\"es\",\"@id\":\"https:\/\/zacatecastrespuntocero.news\/?p=13478#primaryimage\",\"url\":\"https:\/\/zacatecastrespuntocero.news\/wp-content\/uploads\/2025\/11\/badcf834-f59b-4219-82c1-527a33d47f9b.jpg\",\"contentUrl\":\"https:\/\/zacatecastrespuntocero.news\/wp-content\/uploads\/2025\/11\/badcf834-f59b-4219-82c1-527a33d47f9b.jpg\",\"width\":954,\"height\":634},{\"@type\":\"BreadcrumbList\",\"@id\":\"https:\/\/zacatecastrespuntocero.news\/?p=13478#breadcrumb\",\"itemListElement\":[{\"@type\":\"ListItem\",\"position\":1,\"name\":\"Portada\",\"item\":\"https:\/\/zacatecastrespuntocero.news\/\"},{\"@type\":\"ListItem\",\"position\":2,\"name\":\"Secuestro masivo en Nigeria: 315 personas raptadas en un internado\"}]},{\"@type\":\"WebSite\",\"@id\":\"https:\/\/zacatecastrespuntocero.news\/#website\",\"url\":\"https:\/\/zacatecastrespuntocero.news\/\",\"name\":\"Zacatecas 3.0\",\"description\":\"\",\"potentialAction\":[{\"@type\":\"SearchAction\",\"target\":{\"@type\":\"EntryPoint\",\"urlTemplate\":\"https:\/\/zacatecastrespuntocero.news\/?s={search_term_string}\"},\"query-input\":{\"@type\":\"PropertyValueSpecification\",\"valueRequired\":true,\"valueName\":\"search_term_string\"}}],\"inLanguage\":\"es\"},{\"@type\":\"Person\",\"@id\":\"https:\/\/zacatecastrespuntocero.news\/#\/schema\/person\/a2399b2ec551c85a553c7e32e0eb5f01\",\"name\":\"Redacci\u00f3n Zacatecas 3.0\",\"image\":{\"@type\":\"ImageObject\",\"inLanguage\":\"es\",\"@id\":\"https:\/\/zacatecastrespuntocero.news\/#\/schema\/person\/image\/\",\"url\":\"https:\/\/secure.gravatar.com\/avatar\/898fb33ef49f211210b8183325052d3ced37d55b713857db60393870972a9248?s=96&d=mm&r=g\",\"contentUrl\":\"https:\/\/secure.gravatar.com\/avatar\/898fb33ef49f211210b8183325052d3ced37d55b713857db60393870972a9248?s=96&d=mm&r=g\",\"caption\":\"Redacci\u00f3n Zacatecas 3.0\"},\"sameAs\":[\"http:\/\/zacatecastrespuntocero.news\"],\"url\":\"https:\/\/zacatecastrespuntocero.news\/?author=2\"}]}<\/script>\n<!-- \/ Yoast SEO plugin. -->","yoast_head_json":{"title":"Secuestro masivo en Nigeria: 315 personas raptadas en un internado - Zacatecas 3.0","robots":{"index":"index","follow":"follow","max-snippet":"max-snippet:-1","max-image-preview":"max-image-preview:large","max-video-preview":"max-video-preview:-1"},"canonical":"https:\/\/zacatecastrespuntocero.news\/?p=13478","og_locale":"es_ES","og_type":"article","og_title":"Secuestro masivo en Nigeria: 315 personas raptadas en un internado - Zacatecas 3.0","og_description":"&nbsp; &nbsp; El n\u00famero de estudiantes secuestrados en la Escuela Secundaria Cat\u00f3lica St. Mary\u2019s, en Papiri, estado de N\u00edger, ascendi\u00f3 a 303, adem\u00e1s de 12 profesores, inform\u00f3 la Asociaci\u00f3n Cristiana de Nigeria. En total, 315 personas fueron raptadas durante un ataque armado ocurrido la madrugada del viernes. &nbsp; De acuerdo con el obispo Bulus Yohanna, [&hellip;]","og_url":"https:\/\/zacatecastrespuntocero.news\/?p=13478","og_site_name":"Zacatecas 3.0","article_published_time":"2025-11-22T16:09:56+00:00","og_image":[{"width":954,"height":634,"url":"https:\/\/zacatecastrespuntocero.news\/wp-content\/uploads\/2025\/11\/badcf834-f59b-4219-82c1-527a33d47f9b.jpg","type":"image\/jpeg"}],"author":"Redacci\u00f3n Zacatecas 3.0","twitter_card":"summary_large_image","twitter_misc":{"Escrito por":"Redacci\u00f3n Zacatecas 3.0","Tiempo de lectura":"2 minutos"},"schema":{"@context":"https:\/\/schema.org","@graph":[{"@type":"WebPage","@id":"https:\/\/zacatecastrespuntocero.news\/?p=13478","url":"https:\/\/zacatecastrespuntocero.news\/?p=13478","name":"Secuestro masivo en Nigeria: 315 personas raptadas en un internado - Zacatecas 3.0","isPartOf":{"@id":"https:\/\/zacatecastrespuntocero.news\/#website"},"primaryImageOfPage":{"@id":"https:\/\/zacatecastrespuntocero.news\/?p=13478#primaryimage"},"image":{"@id":"https:\/\/zacatecastrespuntocero.news\/?p=13478#primaryimage"},"thumbnailUrl":"https:\/\/zacatecastrespuntocero.news\/wp-content\/uploads\/2025\/11\/badcf834-f59b-4219-82c1-527a33d47f9b.jpg","datePublished":"2025-11-22T16:09:56+00:00","author":{"@id":"https:\/\/zacatecastrespuntocero.news\/#\/schema\/person\/a2399b2ec551c85a553c7e32e0eb5f01"},"breadcrumb":{"@id":"https:\/\/zacatecastrespuntocero.news\/?p=13478#breadcrumb"},"inLanguage":"es","potentialAction":[{"@type":"ReadAction","target":["https:\/\/zacatecastrespuntocero.news\/?p=13478"]}]},{"@type":"ImageObject","inLanguage":"es","@id":"https:\/\/zacatecastrespuntocero.news\/?p=13478#primaryimage","url":"https:\/\/zacatecastrespuntocero.news\/wp-content\/uploads\/2025\/11\/badcf834-f59b-4219-82c1-527a33d47f9b.jpg","contentUrl":"https:\/\/zacatecastrespuntocero.news\/wp-content\/uploads\/2025\/11\/badcf834-f59b-4219-82c1-527a33d47f9b.jpg","width":954,"height":634},{"@type":"BreadcrumbList","@id":"https:\/\/zacatecastrespuntocero.news\/?p=13478#breadcrumb","itemListElement":[{"@type":"ListItem","position":1,"name":"Portada","item":"https:\/\/zacatecastrespuntocero.news\/"},{"@type":"ListItem","position":2,"name":"Secuestro masivo en Nigeria: 315 personas raptadas en un internado"}]},{"@type":"WebSite","@id":"https:\/\/zacatecastrespuntocero.news\/#website","url":"https:\/\/zacatecastrespuntocero.news\/","name":"Zacatecas 3.0","description":"","potentialAction":[{"@type":"SearchAction","target":{"@type":"EntryPoint","urlTemplate":"https:\/\/zacatecastrespuntocero.news\/?s={search_term_string}"},"query-input":{"@type":"PropertyValueSpecification","valueRequired":true,"valueName":"search_term_string"}}],"inLanguage":"es"},{"@type":"Person","@id":"https:\/\/zacatecastrespuntocero.news\/#\/schema\/person\/a2399b2ec551c85a553c7e32e0eb5f01","name":"Redacci\u00f3n Zacatecas 3.0","image":{"@type":"ImageObject","inLanguage":"es","@id":"https:\/\/zacatecastrespuntocero.news\/#\/schema\/person\/image\/","url":"https:\/\/secure.gravatar.com\/avatar\/898fb33ef49f211210b8183325052d3ced37d55b713857db60393870972a9248?s=96&d=mm&r=g","contentUrl":"https:\/\/secure.gravatar.com\/avatar\/898fb33ef49f211210b8183325052d3ced37d55b713857db60393870972a9248?s=96&d=mm&r=g","caption":"Redacci\u00f3n Zacatecas 3.0"},"sameAs":["http:\/\/zacatecastrespuntocero.news"],"url":"https:\/\/zacatecastrespuntocero.news\/?author=2"}]}},"_links":{"self":[{"href":"https:\/\/zacatecastrespuntocero.news\/index.php?rest_route=\/wp\/v2\/posts\/13478","targetHints":{"allow":["GET"]}}],"collection":[{"href":"https:\/\/zacatecastrespuntocero.news\/index.php?rest_route=\/wp\/v2\/posts"}],"about":[{"href":"https:\/\/zacatecastrespuntocero.news\/index.php?rest_route=\/wp\/v2\/types\/post"}],"author":[{"embeddable":true,"href":"https:\/\/zacatecastrespuntocero.news\/index.php?rest_route=\/wp\/v2\/users\/2"}],"replies":[{"embeddable":true,"href":"https:\/\/zacatecastrespuntocero.news\/index.php?rest_route=%2Fwp%2Fv2%2Fcomments&post=13478"}],"version-history":[{"count":1,"href":"https:\/\/zacatecastrespuntocero.news\/index.php?rest_route=\/wp\/v2\/posts\/13478\/revisions"}],"predecessor-version":[{"id":13480,"href":"https:\/\/zacatecastrespuntocero.news\/index.php?rest_route=\/wp\/v2\/posts\/13478\/revisions\/13480"}],"wp:featuredmedia":[{"embeddable":true,"href":"https:\/\/zacatecastrespuntocero.news\/index.php?rest_route=\/wp\/v2\/media\/13479"}],"wp:attachment":[{"href":"https:\/\/zacatecastrespuntocero.news\/index.php?rest_route=%2Fwp%2Fv2%2Fmedia&parent=13478"}],"wp:term":[{"taxonomy":"category","embeddable":true,"href":"https:\/\/zacatecastrespuntocero.news\/index.php?rest_route=%2Fwp%2Fv2%2Fcategories&post=13478"},{"taxonomy":"post_tag","embeddable":true,"href":"https:\/\/zacatecastrespuntocero.news\/index.php?rest_route=%2Fwp%2Fv2%2Ftags&post=13478"}],"curies":[{"name":"wp","href":"https:\/\/api.w.org\/{rel}","templated":true}]}}