{"id":15181,"date":"2026-01-16T16:53:49","date_gmt":"2026-01-16T16:53:49","guid":{"rendered":"https:\/\/zacatecastrespuntocero.news\/?p=15181"},"modified":"2026-01-16T16:53:49","modified_gmt":"2026-01-16T16:53:49","slug":"operativo-policial-por-homicidio-en-la-emiliano-zapata","status":"publish","type":"post","link":"https:\/\/zacatecastrespuntocero.news\/?p=15181","title":{"rendered":"Operativo policial por homicidio en la Emiliano Zapata"},"content":{"rendered":"<p>&nbsp;<\/p>\n<p>Una intensa movilizaci\u00f3n de corporaciones de seguridad se despleg\u00f3 la tarde de este jueves en la colonia Emiliano Zapata, tras confirmarse la muerte de un hombre de 30 a\u00f1os, identificado como Juan Jos\u00e9 Ambriz Soriano, v\u00edctima de un ataque con arma de fuego.<\/p>\n<p>El operativo se concentr\u00f3 entre las calles 24 de Marzo y Samuel Qui\u00f1ones, donde autoridades realizaron diligencias de investigaci\u00f3n, al tratarse del sitio presuntamente relacionado con la agresi\u00f3n ocurrida la madrugada del martes.<\/p>\n<p>De acuerdo con las primeras indagatorias, Juan Jos\u00e9 se encontraba en una reuni\u00f3n cuando surgi\u00f3 una discusi\u00f3n. Ya en el exterior de un domicilio, uno de los involucrados sac\u00f3 un arma y le dispar\u00f3 en el abdomen y en un brazo. El joven fue trasladado de emergencia a un hospital, donde perdi\u00f3 la vida mientras recib\u00eda atenci\u00f3n m\u00e9dica.<\/p>\n<p>La persona que lo llev\u00f3 al nosocomio desapareci\u00f3 antes de que se le notificara el fallecimiento.<\/p>\n<p>Como parte de la b\u00fasqueda del responsable, al lugar acudieron elementos de la Polic\u00eda Municipal, Polic\u00eda Estatal, Polic\u00eda de Investigaci\u00f3n y peritos del Instituto Zacatecano de Ciencias Forenses, quienes procesaron la escena para integrar la carpeta correspondiente.<\/p>\n","protected":false},"excerpt":{"rendered":"<p>&nbsp; Una intensa movilizaci\u00f3n de corporaciones de seguridad se despleg\u00f3 la tarde de este jueves en la colonia Emiliano Zapata, tras confirmarse la muerte de un hombre de 30 a\u00f1os, identificado como Juan Jos\u00e9 Ambriz Soriano, v\u00edctima de un ataque con arma de fuego. El operativo se concentr\u00f3 entre las calles 24 de Marzo y [&hellip;]<\/p>\n","protected":false},"author":2,"featured_media":15182,"comment_status":"open","ping_status":"open","sticky":false,"template":"","format":"image","meta":{"footnotes":""},"categories":[38],"tags":[],"class_list":["post-15181","post","type-post","status-publish","format-image","has-post-thumbnail","hentry","category-estatal","post_format-post-format-image"],"yoast_head":"<!-- This site is optimized with the Yoast SEO plugin v24.7 - https:\/\/yoast.com\/wordpress\/plugins\/seo\/ -->\n<title>Operativo policial por homicidio en la Emiliano Zapata - Zacatecas 3.0<\/title>\n<meta name=\"robots\" content=\"index, follow, max-snippet:-1, max-image-preview:large, max-video-preview:-1\" \/>\n<link rel=\"canonical\" href=\"https:\/\/zacatecastrespuntocero.news\/?p=15181\" \/>\n<meta property=\"og:locale\" content=\"es_ES\" \/>\n<meta property=\"og:type\" content=\"article\" \/>\n<meta property=\"og:title\" content=\"Operativo policial por homicidio en la Emiliano Zapata - Zacatecas 3.0\" \/>\n<meta property=\"og:description\" content=\"&nbsp; Una intensa movilizaci\u00f3n de corporaciones de seguridad se despleg\u00f3 la tarde de este jueves en la colonia Emiliano Zapata, tras confirmarse la muerte de un hombre de 30 a\u00f1os, identificado como Juan Jos\u00e9 Ambriz Soriano, v\u00edctima de un ataque con arma de fuego. El operativo se concentr\u00f3 entre las calles 24 de Marzo y [&hellip;]\" \/>\n<meta property=\"og:url\" content=\"https:\/\/zacatecastrespuntocero.news\/?p=15181\" \/>\n<meta property=\"og:site_name\" content=\"Zacatecas 3.0\" \/>\n<meta property=\"article:published_time\" content=\"2026-01-16T16:53:49+00:00\" \/>\n<meta property=\"og:image\" content=\"https:\/\/zacatecastrespuntocero.news\/wp-content\/uploads\/2026\/01\/IMG_1111.jpeg\" \/>\n\t<meta property=\"og:image:width\" content=\"576\" \/>\n\t<meta property=\"og:image:height\" content=\"384\" \/>\n\t<meta property=\"og:image:type\" content=\"image\/jpeg\" \/>\n<meta name=\"author\" content=\"Redacci\u00f3n Zacatecas 3.0\" \/>\n<meta name=\"twitter:card\" content=\"summary_large_image\" \/>\n<meta name=\"twitter:label1\" content=\"Escrito por\" \/>\n\t<meta name=\"twitter:data1\" content=\"Redacci\u00f3n Zacatecas 3.0\" \/>\n\t<meta name=\"twitter:label2\" content=\"Tiempo de lectura\" \/>\n\t<meta name=\"twitter:data2\" content=\"2 minutos\" \/>\n<script type=\"application\/ld+json\" class=\"yoast-schema-graph\">{\"@context\":\"https:\/\/schema.org\",\"@graph\":[{\"@type\":\"WebPage\",\"@id\":\"https:\/\/zacatecastrespuntocero.news\/?p=15181\",\"url\":\"https:\/\/zacatecastrespuntocero.news\/?p=15181\",\"name\":\"Operativo policial por homicidio en la Emiliano Zapata - Zacatecas 3.0\",\"isPartOf\":{\"@id\":\"https:\/\/zacatecastrespuntocero.news\/#website\"},\"primaryImageOfPage\":{\"@id\":\"https:\/\/zacatecastrespuntocero.news\/?p=15181#primaryimage\"},\"image\":{\"@id\":\"https:\/\/zacatecastrespuntocero.news\/?p=15181#primaryimage\"},\"thumbnailUrl\":\"https:\/\/zacatecastrespuntocero.news\/wp-content\/uploads\/2026\/01\/IMG_1111.jpeg\",\"datePublished\":\"2026-01-16T16:53:49+00:00\",\"author\":{\"@id\":\"https:\/\/zacatecastrespuntocero.news\/#\/schema\/person\/a2399b2ec551c85a553c7e32e0eb5f01\"},\"breadcrumb\":{\"@id\":\"https:\/\/zacatecastrespuntocero.news\/?p=15181#breadcrumb\"},\"inLanguage\":\"es\",\"potentialAction\":[{\"@type\":\"ReadAction\",\"target\":[\"https:\/\/zacatecastrespuntocero.news\/?p=15181\"]}]},{\"@type\":\"ImageObject\",\"inLanguage\":\"es\",\"@id\":\"https:\/\/zacatecastrespuntocero.news\/?p=15181#primaryimage\",\"url\":\"https:\/\/zacatecastrespuntocero.news\/wp-content\/uploads\/2026\/01\/IMG_1111.jpeg\",\"contentUrl\":\"https:\/\/zacatecastrespuntocero.news\/wp-content\/uploads\/2026\/01\/IMG_1111.jpeg\",\"width\":576,\"height\":384},{\"@type\":\"BreadcrumbList\",\"@id\":\"https:\/\/zacatecastrespuntocero.news\/?p=15181#breadcrumb\",\"itemListElement\":[{\"@type\":\"ListItem\",\"position\":1,\"name\":\"Portada\",\"item\":\"https:\/\/zacatecastrespuntocero.news\/\"},{\"@type\":\"ListItem\",\"position\":2,\"name\":\"Operativo policial por homicidio en la Emiliano Zapata\"}]},{\"@type\":\"WebSite\",\"@id\":\"https:\/\/zacatecastrespuntocero.news\/#website\",\"url\":\"https:\/\/zacatecastrespuntocero.news\/\",\"name\":\"Zacatecas 3.0\",\"description\":\"\",\"potentialAction\":[{\"@type\":\"SearchAction\",\"target\":{\"@type\":\"EntryPoint\",\"urlTemplate\":\"https:\/\/zacatecastrespuntocero.news\/?s={search_term_string}\"},\"query-input\":{\"@type\":\"PropertyValueSpecification\",\"valueRequired\":true,\"valueName\":\"search_term_string\"}}],\"inLanguage\":\"es\"},{\"@type\":\"Person\",\"@id\":\"https:\/\/zacatecastrespuntocero.news\/#\/schema\/person\/a2399b2ec551c85a553c7e32e0eb5f01\",\"name\":\"Redacci\u00f3n Zacatecas 3.0\",\"image\":{\"@type\":\"ImageObject\",\"inLanguage\":\"es\",\"@id\":\"https:\/\/zacatecastrespuntocero.news\/#\/schema\/person\/image\/\",\"url\":\"https:\/\/secure.gravatar.com\/avatar\/898fb33ef49f211210b8183325052d3ced37d55b713857db60393870972a9248?s=96&d=mm&r=g\",\"contentUrl\":\"https:\/\/secure.gravatar.com\/avatar\/898fb33ef49f211210b8183325052d3ced37d55b713857db60393870972a9248?s=96&d=mm&r=g\",\"caption\":\"Redacci\u00f3n Zacatecas 3.0\"},\"sameAs\":[\"http:\/\/zacatecastrespuntocero.news\"],\"url\":\"https:\/\/zacatecastrespuntocero.news\/?author=2\"}]}<\/script>\n<!-- \/ Yoast SEO plugin. -->","yoast_head_json":{"title":"Operativo policial por homicidio en la Emiliano Zapata - Zacatecas 3.0","robots":{"index":"index","follow":"follow","max-snippet":"max-snippet:-1","max-image-preview":"max-image-preview:large","max-video-preview":"max-video-preview:-1"},"canonical":"https:\/\/zacatecastrespuntocero.news\/?p=15181","og_locale":"es_ES","og_type":"article","og_title":"Operativo policial por homicidio en la Emiliano Zapata - Zacatecas 3.0","og_description":"&nbsp; Una intensa movilizaci\u00f3n de corporaciones de seguridad se despleg\u00f3 la tarde de este jueves en la colonia Emiliano Zapata, tras confirmarse la muerte de un hombre de 30 a\u00f1os, identificado como Juan Jos\u00e9 Ambriz Soriano, v\u00edctima de un ataque con arma de fuego. El operativo se concentr\u00f3 entre las calles 24 de Marzo y [&hellip;]","og_url":"https:\/\/zacatecastrespuntocero.news\/?p=15181","og_site_name":"Zacatecas 3.0","article_published_time":"2026-01-16T16:53:49+00:00","og_image":[{"width":576,"height":384,"url":"https:\/\/zacatecastrespuntocero.news\/wp-content\/uploads\/2026\/01\/IMG_1111.jpeg","type":"image\/jpeg"}],"author":"Redacci\u00f3n Zacatecas 3.0","twitter_card":"summary_large_image","twitter_misc":{"Escrito por":"Redacci\u00f3n Zacatecas 3.0","Tiempo de lectura":"2 minutos"},"schema":{"@context":"https:\/\/schema.org","@graph":[{"@type":"WebPage","@id":"https:\/\/zacatecastrespuntocero.news\/?p=15181","url":"https:\/\/zacatecastrespuntocero.news\/?p=15181","name":"Operativo policial por homicidio en la Emiliano Zapata - Zacatecas 3.0","isPartOf":{"@id":"https:\/\/zacatecastrespuntocero.news\/#website"},"primaryImageOfPage":{"@id":"https:\/\/zacatecastrespuntocero.news\/?p=15181#primaryimage"},"image":{"@id":"https:\/\/zacatecastrespuntocero.news\/?p=15181#primaryimage"},"thumbnailUrl":"https:\/\/zacatecastrespuntocero.news\/wp-content\/uploads\/2026\/01\/IMG_1111.jpeg","datePublished":"2026-01-16T16:53:49+00:00","author":{"@id":"https:\/\/zacatecastrespuntocero.news\/#\/schema\/person\/a2399b2ec551c85a553c7e32e0eb5f01"},"breadcrumb":{"@id":"https:\/\/zacatecastrespuntocero.news\/?p=15181#breadcrumb"},"inLanguage":"es","potentialAction":[{"@type":"ReadAction","target":["https:\/\/zacatecastrespuntocero.news\/?p=15181"]}]},{"@type":"ImageObject","inLanguage":"es","@id":"https:\/\/zacatecastrespuntocero.news\/?p=15181#primaryimage","url":"https:\/\/zacatecastrespuntocero.news\/wp-content\/uploads\/2026\/01\/IMG_1111.jpeg","contentUrl":"https:\/\/zacatecastrespuntocero.news\/wp-content\/uploads\/2026\/01\/IMG_1111.jpeg","width":576,"height":384},{"@type":"BreadcrumbList","@id":"https:\/\/zacatecastrespuntocero.news\/?p=15181#breadcrumb","itemListElement":[{"@type":"ListItem","position":1,"name":"Portada","item":"https:\/\/zacatecastrespuntocero.news\/"},{"@type":"ListItem","position":2,"name":"Operativo policial por homicidio en la Emiliano Zapata"}]},{"@type":"WebSite","@id":"https:\/\/zacatecastrespuntocero.news\/#website","url":"https:\/\/zacatecastrespuntocero.news\/","name":"Zacatecas 3.0","description":"","potentialAction":[{"@type":"SearchAction","target":{"@type":"EntryPoint","urlTemplate":"https:\/\/zacatecastrespuntocero.news\/?s={search_term_string}"},"query-input":{"@type":"PropertyValueSpecification","valueRequired":true,"valueName":"search_term_string"}}],"inLanguage":"es"},{"@type":"Person","@id":"https:\/\/zacatecastrespuntocero.news\/#\/schema\/person\/a2399b2ec551c85a553c7e32e0eb5f01","name":"Redacci\u00f3n Zacatecas 3.0","image":{"@type":"ImageObject","inLanguage":"es","@id":"https:\/\/zacatecastrespuntocero.news\/#\/schema\/person\/image\/","url":"https:\/\/secure.gravatar.com\/avatar\/898fb33ef49f211210b8183325052d3ced37d55b713857db60393870972a9248?s=96&d=mm&r=g","contentUrl":"https:\/\/secure.gravatar.com\/avatar\/898fb33ef49f211210b8183325052d3ced37d55b713857db60393870972a9248?s=96&d=mm&r=g","caption":"Redacci\u00f3n Zacatecas 3.0"},"sameAs":["http:\/\/zacatecastrespuntocero.news"],"url":"https:\/\/zacatecastrespuntocero.news\/?author=2"}]}},"_links":{"self":[{"href":"https:\/\/zacatecastrespuntocero.news\/index.php?rest_route=\/wp\/v2\/posts\/15181","targetHints":{"allow":["GET"]}}],"collection":[{"href":"https:\/\/zacatecastrespuntocero.news\/index.php?rest_route=\/wp\/v2\/posts"}],"about":[{"href":"https:\/\/zacatecastrespuntocero.news\/index.php?rest_route=\/wp\/v2\/types\/post"}],"author":[{"embeddable":true,"href":"https:\/\/zacatecastrespuntocero.news\/index.php?rest_route=\/wp\/v2\/users\/2"}],"replies":[{"embeddable":true,"href":"https:\/\/zacatecastrespuntocero.news\/index.php?rest_route=%2Fwp%2Fv2%2Fcomments&post=15181"}],"version-history":[{"count":1,"href":"https:\/\/zacatecastrespuntocero.news\/index.php?rest_route=\/wp\/v2\/posts\/15181\/revisions"}],"predecessor-version":[{"id":15183,"href":"https:\/\/zacatecastrespuntocero.news\/index.php?rest_route=\/wp\/v2\/posts\/15181\/revisions\/15183"}],"wp:featuredmedia":[{"embeddable":true,"href":"https:\/\/zacatecastrespuntocero.news\/index.php?rest_route=\/wp\/v2\/media\/15182"}],"wp:attachment":[{"href":"https:\/\/zacatecastrespuntocero.news\/index.php?rest_route=%2Fwp%2Fv2%2Fmedia&parent=15181"}],"wp:term":[{"taxonomy":"category","embeddable":true,"href":"https:\/\/zacatecastrespuntocero.news\/index.php?rest_route=%2Fwp%2Fv2%2Fcategories&post=15181"},{"taxonomy":"post_tag","embeddable":true,"href":"https:\/\/zacatecastrespuntocero.news\/index.php?rest_route=%2Fwp%2Fv2%2Ftags&post=15181"}],"curies":[{"name":"wp","href":"https:\/\/api.w.org\/{rel}","templated":true}]}}