{"id":15440,"date":"2026-01-23T15:41:13","date_gmt":"2026-01-23T15:41:13","guid":{"rendered":"https:\/\/zacatecastrespuntocero.news\/?p=15440"},"modified":"2026-01-23T15:41:13","modified_gmt":"2026-01-23T15:41:13","slug":"zacatecas-recibira-a-la-seleccion-mexicana-de-basquetbol-y-enfrentara-a-ee-uu","status":"publish","type":"post","link":"https:\/\/zacatecastrespuntocero.news\/?p=15440","title":{"rendered":"Zacatecas recibir\u00e1 a la Selecci\u00f3n Mexicana de Basquetbol\u2026 y enfrentar\u00e1 a EE. UU."},"content":{"rendered":"<p>&nbsp;<\/p>\n<p>Zacatecas ser\u00e1 sede de dos partidos de alto nivel de la Selecci\u00f3n Mexicana de Basquetbol este mes de julio: el 3 de julio ante Nicaragua y el 6 de julio frente a Estados Unidos, actual campe\u00f3n ol\u00edmpico y n\u00famero uno del ranking mundial. Ambos encuentros se jugar\u00e1n en el gimnasio Marcelino Gonz\u00e1lez.<\/p>\n<p>El anuncio fue hecho por el gobernador David Monreal, quien destac\u00f3 que la FIBA aval\u00f3 a Zacatecas como sede internacional tras verificar que el estado cumple con est\u00e1ndares de seguridad, log\u00edstica, infraestructura y hospitalidad.<\/p>\n<p>La aprobaci\u00f3n, dijo, representa un mensaje de confianza para Zacatecas y confirma que el estado est\u00e1 listo para recibir eventos deportivos de talla mundial.<\/p>\n<p>Los encuentros forman parte de las eliminatorias rumbo a los Juegos Ol\u00edmpicos y la Copa del Mundo FIBA, por lo que forman parte del calendario oficial del organismo internacional.<\/p>\n<p>Adem\u00e1s, se adelant\u00f3 que Zacatecas tambi\u00e9n albergar\u00e1 un partido eliminatorio de la Selecci\u00f3n Mexicana Femenil de Futbol, lo que refuerza la presencia del estado en el mapa internacional del deporte de alto rendimiento.<\/p>\n<p>Por su parte, el coach de la Selecci\u00f3n Mexicana, Omar Quintero, reconoci\u00f3 a Zacatecas como una de las mejores sedes del pa\u00eds y destac\u00f3 la pasi\u00f3n de su afici\u00f3n.<\/p>\n<p>\u201cZacatecas tiene la mejor afici\u00f3n de M\u00e9xico. La energ\u00eda que se vive en el Marcelino Gonz\u00e1lez no se compara con nada\u201d, afirm\u00f3.<\/p>\n<p>Quintero subray\u00f3 que el ambiente, la organizaci\u00f3n y la seguridad han hecho de Zacatecas un ejemplo nacional, y asegur\u00f3 que el deporte es un trabajo en equipo donde sociedad y autoridades \u201ctienen que sudar la camiseta\u201d para avanzar en paz y progreso.<\/p>\n","protected":false},"excerpt":{"rendered":"<p>&nbsp; Zacatecas ser\u00e1 sede de dos partidos de alto nivel de la Selecci\u00f3n Mexicana de Basquetbol este mes de julio: el 3 de julio ante Nicaragua y el 6 de julio frente a Estados Unidos, actual campe\u00f3n ol\u00edmpico y n\u00famero uno del ranking mundial. Ambos encuentros se jugar\u00e1n en el gimnasio Marcelino Gonz\u00e1lez. El anuncio [&hellip;]<\/p>\n","protected":false},"author":2,"featured_media":15441,"comment_status":"open","ping_status":"open","sticky":false,"template":"","format":"image","meta":{"footnotes":""},"categories":[38],"tags":[],"class_list":["post-15440","post","type-post","status-publish","format-image","has-post-thumbnail","hentry","category-estatal","post_format-post-format-image"],"yoast_head":"<!-- This site is optimized with the Yoast SEO plugin v24.7 - https:\/\/yoast.com\/wordpress\/plugins\/seo\/ -->\n<title>Zacatecas recibir\u00e1 a la Selecci\u00f3n Mexicana de Basquetbol\u2026 y enfrentar\u00e1 a EE. UU. - Zacatecas 3.0<\/title>\n<meta name=\"robots\" content=\"index, follow, max-snippet:-1, max-image-preview:large, max-video-preview:-1\" \/>\n<link rel=\"canonical\" href=\"https:\/\/zacatecastrespuntocero.news\/?p=15440\" \/>\n<meta property=\"og:locale\" content=\"es_ES\" \/>\n<meta property=\"og:type\" content=\"article\" \/>\n<meta property=\"og:title\" content=\"Zacatecas recibir\u00e1 a la Selecci\u00f3n Mexicana de Basquetbol\u2026 y enfrentar\u00e1 a EE. UU. - Zacatecas 3.0\" \/>\n<meta property=\"og:description\" content=\"&nbsp; Zacatecas ser\u00e1 sede de dos partidos de alto nivel de la Selecci\u00f3n Mexicana de Basquetbol este mes de julio: el 3 de julio ante Nicaragua y el 6 de julio frente a Estados Unidos, actual campe\u00f3n ol\u00edmpico y n\u00famero uno del ranking mundial. Ambos encuentros se jugar\u00e1n en el gimnasio Marcelino Gonz\u00e1lez. El anuncio [&hellip;]\" \/>\n<meta property=\"og:url\" content=\"https:\/\/zacatecastrespuntocero.news\/?p=15440\" \/>\n<meta property=\"og:site_name\" content=\"Zacatecas 3.0\" \/>\n<meta property=\"article:published_time\" content=\"2026-01-23T15:41:13+00:00\" \/>\n<meta property=\"og:image\" content=\"https:\/\/zacatecastrespuntocero.news\/wp-content\/uploads\/2026\/01\/d5b5bc98-8699-4ae6-8a45-86b50b04b3f9.jpeg\" \/>\n\t<meta property=\"og:image:width\" content=\"1280\" \/>\n\t<meta property=\"og:image:height\" content=\"853\" \/>\n\t<meta property=\"og:image:type\" content=\"image\/jpeg\" \/>\n<meta name=\"author\" content=\"Redacci\u00f3n Zacatecas 3.0\" \/>\n<meta name=\"twitter:card\" content=\"summary_large_image\" \/>\n<meta name=\"twitter:label1\" content=\"Escrito por\" \/>\n\t<meta name=\"twitter:data1\" content=\"Redacci\u00f3n Zacatecas 3.0\" \/>\n\t<meta name=\"twitter:label2\" content=\"Tiempo de lectura\" \/>\n\t<meta name=\"twitter:data2\" content=\"2 minutos\" \/>\n<script type=\"application\/ld+json\" class=\"yoast-schema-graph\">{\"@context\":\"https:\/\/schema.org\",\"@graph\":[{\"@type\":\"WebPage\",\"@id\":\"https:\/\/zacatecastrespuntocero.news\/?p=15440\",\"url\":\"https:\/\/zacatecastrespuntocero.news\/?p=15440\",\"name\":\"Zacatecas recibir\u00e1 a la Selecci\u00f3n Mexicana de Basquetbol\u2026 y enfrentar\u00e1 a EE. UU. - Zacatecas 3.0\",\"isPartOf\":{\"@id\":\"https:\/\/zacatecastrespuntocero.news\/#website\"},\"primaryImageOfPage\":{\"@id\":\"https:\/\/zacatecastrespuntocero.news\/?p=15440#primaryimage\"},\"image\":{\"@id\":\"https:\/\/zacatecastrespuntocero.news\/?p=15440#primaryimage\"},\"thumbnailUrl\":\"https:\/\/zacatecastrespuntocero.news\/wp-content\/uploads\/2026\/01\/d5b5bc98-8699-4ae6-8a45-86b50b04b3f9.jpeg\",\"datePublished\":\"2026-01-23T15:41:13+00:00\",\"author\":{\"@id\":\"https:\/\/zacatecastrespuntocero.news\/#\/schema\/person\/a2399b2ec551c85a553c7e32e0eb5f01\"},\"breadcrumb\":{\"@id\":\"https:\/\/zacatecastrespuntocero.news\/?p=15440#breadcrumb\"},\"inLanguage\":\"es\",\"potentialAction\":[{\"@type\":\"ReadAction\",\"target\":[\"https:\/\/zacatecastrespuntocero.news\/?p=15440\"]}]},{\"@type\":\"ImageObject\",\"inLanguage\":\"es\",\"@id\":\"https:\/\/zacatecastrespuntocero.news\/?p=15440#primaryimage\",\"url\":\"https:\/\/zacatecastrespuntocero.news\/wp-content\/uploads\/2026\/01\/d5b5bc98-8699-4ae6-8a45-86b50b04b3f9.jpeg\",\"contentUrl\":\"https:\/\/zacatecastrespuntocero.news\/wp-content\/uploads\/2026\/01\/d5b5bc98-8699-4ae6-8a45-86b50b04b3f9.jpeg\",\"width\":1280,\"height\":853},{\"@type\":\"BreadcrumbList\",\"@id\":\"https:\/\/zacatecastrespuntocero.news\/?p=15440#breadcrumb\",\"itemListElement\":[{\"@type\":\"ListItem\",\"position\":1,\"name\":\"Portada\",\"item\":\"https:\/\/zacatecastrespuntocero.news\/\"},{\"@type\":\"ListItem\",\"position\":2,\"name\":\"Zacatecas recibir\u00e1 a la Selecci\u00f3n Mexicana de Basquetbol\u2026 y enfrentar\u00e1 a EE. UU.\"}]},{\"@type\":\"WebSite\",\"@id\":\"https:\/\/zacatecastrespuntocero.news\/#website\",\"url\":\"https:\/\/zacatecastrespuntocero.news\/\",\"name\":\"Zacatecas 3.0\",\"description\":\"\",\"potentialAction\":[{\"@type\":\"SearchAction\",\"target\":{\"@type\":\"EntryPoint\",\"urlTemplate\":\"https:\/\/zacatecastrespuntocero.news\/?s={search_term_string}\"},\"query-input\":{\"@type\":\"PropertyValueSpecification\",\"valueRequired\":true,\"valueName\":\"search_term_string\"}}],\"inLanguage\":\"es\"},{\"@type\":\"Person\",\"@id\":\"https:\/\/zacatecastrespuntocero.news\/#\/schema\/person\/a2399b2ec551c85a553c7e32e0eb5f01\",\"name\":\"Redacci\u00f3n Zacatecas 3.0\",\"image\":{\"@type\":\"ImageObject\",\"inLanguage\":\"es\",\"@id\":\"https:\/\/zacatecastrespuntocero.news\/#\/schema\/person\/image\/\",\"url\":\"https:\/\/secure.gravatar.com\/avatar\/898fb33ef49f211210b8183325052d3ced37d55b713857db60393870972a9248?s=96&d=mm&r=g\",\"contentUrl\":\"https:\/\/secure.gravatar.com\/avatar\/898fb33ef49f211210b8183325052d3ced37d55b713857db60393870972a9248?s=96&d=mm&r=g\",\"caption\":\"Redacci\u00f3n Zacatecas 3.0\"},\"sameAs\":[\"http:\/\/zacatecastrespuntocero.news\"],\"url\":\"https:\/\/zacatecastrespuntocero.news\/?author=2\"}]}<\/script>\n<!-- \/ Yoast SEO plugin. -->","yoast_head_json":{"title":"Zacatecas recibir\u00e1 a la Selecci\u00f3n Mexicana de Basquetbol\u2026 y enfrentar\u00e1 a EE. UU. - Zacatecas 3.0","robots":{"index":"index","follow":"follow","max-snippet":"max-snippet:-1","max-image-preview":"max-image-preview:large","max-video-preview":"max-video-preview:-1"},"canonical":"https:\/\/zacatecastrespuntocero.news\/?p=15440","og_locale":"es_ES","og_type":"article","og_title":"Zacatecas recibir\u00e1 a la Selecci\u00f3n Mexicana de Basquetbol\u2026 y enfrentar\u00e1 a EE. UU. - Zacatecas 3.0","og_description":"&nbsp; Zacatecas ser\u00e1 sede de dos partidos de alto nivel de la Selecci\u00f3n Mexicana de Basquetbol este mes de julio: el 3 de julio ante Nicaragua y el 6 de julio frente a Estados Unidos, actual campe\u00f3n ol\u00edmpico y n\u00famero uno del ranking mundial. Ambos encuentros se jugar\u00e1n en el gimnasio Marcelino Gonz\u00e1lez. El anuncio [&hellip;]","og_url":"https:\/\/zacatecastrespuntocero.news\/?p=15440","og_site_name":"Zacatecas 3.0","article_published_time":"2026-01-23T15:41:13+00:00","og_image":[{"width":1280,"height":853,"url":"https:\/\/zacatecastrespuntocero.news\/wp-content\/uploads\/2026\/01\/d5b5bc98-8699-4ae6-8a45-86b50b04b3f9.jpeg","type":"image\/jpeg"}],"author":"Redacci\u00f3n Zacatecas 3.0","twitter_card":"summary_large_image","twitter_misc":{"Escrito por":"Redacci\u00f3n Zacatecas 3.0","Tiempo de lectura":"2 minutos"},"schema":{"@context":"https:\/\/schema.org","@graph":[{"@type":"WebPage","@id":"https:\/\/zacatecastrespuntocero.news\/?p=15440","url":"https:\/\/zacatecastrespuntocero.news\/?p=15440","name":"Zacatecas recibir\u00e1 a la Selecci\u00f3n Mexicana de Basquetbol\u2026 y enfrentar\u00e1 a EE. UU. - Zacatecas 3.0","isPartOf":{"@id":"https:\/\/zacatecastrespuntocero.news\/#website"},"primaryImageOfPage":{"@id":"https:\/\/zacatecastrespuntocero.news\/?p=15440#primaryimage"},"image":{"@id":"https:\/\/zacatecastrespuntocero.news\/?p=15440#primaryimage"},"thumbnailUrl":"https:\/\/zacatecastrespuntocero.news\/wp-content\/uploads\/2026\/01\/d5b5bc98-8699-4ae6-8a45-86b50b04b3f9.jpeg","datePublished":"2026-01-23T15:41:13+00:00","author":{"@id":"https:\/\/zacatecastrespuntocero.news\/#\/schema\/person\/a2399b2ec551c85a553c7e32e0eb5f01"},"breadcrumb":{"@id":"https:\/\/zacatecastrespuntocero.news\/?p=15440#breadcrumb"},"inLanguage":"es","potentialAction":[{"@type":"ReadAction","target":["https:\/\/zacatecastrespuntocero.news\/?p=15440"]}]},{"@type":"ImageObject","inLanguage":"es","@id":"https:\/\/zacatecastrespuntocero.news\/?p=15440#primaryimage","url":"https:\/\/zacatecastrespuntocero.news\/wp-content\/uploads\/2026\/01\/d5b5bc98-8699-4ae6-8a45-86b50b04b3f9.jpeg","contentUrl":"https:\/\/zacatecastrespuntocero.news\/wp-content\/uploads\/2026\/01\/d5b5bc98-8699-4ae6-8a45-86b50b04b3f9.jpeg","width":1280,"height":853},{"@type":"BreadcrumbList","@id":"https:\/\/zacatecastrespuntocero.news\/?p=15440#breadcrumb","itemListElement":[{"@type":"ListItem","position":1,"name":"Portada","item":"https:\/\/zacatecastrespuntocero.news\/"},{"@type":"ListItem","position":2,"name":"Zacatecas recibir\u00e1 a la Selecci\u00f3n Mexicana de Basquetbol\u2026 y enfrentar\u00e1 a EE. UU."}]},{"@type":"WebSite","@id":"https:\/\/zacatecastrespuntocero.news\/#website","url":"https:\/\/zacatecastrespuntocero.news\/","name":"Zacatecas 3.0","description":"","potentialAction":[{"@type":"SearchAction","target":{"@type":"EntryPoint","urlTemplate":"https:\/\/zacatecastrespuntocero.news\/?s={search_term_string}"},"query-input":{"@type":"PropertyValueSpecification","valueRequired":true,"valueName":"search_term_string"}}],"inLanguage":"es"},{"@type":"Person","@id":"https:\/\/zacatecastrespuntocero.news\/#\/schema\/person\/a2399b2ec551c85a553c7e32e0eb5f01","name":"Redacci\u00f3n Zacatecas 3.0","image":{"@type":"ImageObject","inLanguage":"es","@id":"https:\/\/zacatecastrespuntocero.news\/#\/schema\/person\/image\/","url":"https:\/\/secure.gravatar.com\/avatar\/898fb33ef49f211210b8183325052d3ced37d55b713857db60393870972a9248?s=96&d=mm&r=g","contentUrl":"https:\/\/secure.gravatar.com\/avatar\/898fb33ef49f211210b8183325052d3ced37d55b713857db60393870972a9248?s=96&d=mm&r=g","caption":"Redacci\u00f3n Zacatecas 3.0"},"sameAs":["http:\/\/zacatecastrespuntocero.news"],"url":"https:\/\/zacatecastrespuntocero.news\/?author=2"}]}},"_links":{"self":[{"href":"https:\/\/zacatecastrespuntocero.news\/index.php?rest_route=\/wp\/v2\/posts\/15440","targetHints":{"allow":["GET"]}}],"collection":[{"href":"https:\/\/zacatecastrespuntocero.news\/index.php?rest_route=\/wp\/v2\/posts"}],"about":[{"href":"https:\/\/zacatecastrespuntocero.news\/index.php?rest_route=\/wp\/v2\/types\/post"}],"author":[{"embeddable":true,"href":"https:\/\/zacatecastrespuntocero.news\/index.php?rest_route=\/wp\/v2\/users\/2"}],"replies":[{"embeddable":true,"href":"https:\/\/zacatecastrespuntocero.news\/index.php?rest_route=%2Fwp%2Fv2%2Fcomments&post=15440"}],"version-history":[{"count":1,"href":"https:\/\/zacatecastrespuntocero.news\/index.php?rest_route=\/wp\/v2\/posts\/15440\/revisions"}],"predecessor-version":[{"id":15442,"href":"https:\/\/zacatecastrespuntocero.news\/index.php?rest_route=\/wp\/v2\/posts\/15440\/revisions\/15442"}],"wp:featuredmedia":[{"embeddable":true,"href":"https:\/\/zacatecastrespuntocero.news\/index.php?rest_route=\/wp\/v2\/media\/15441"}],"wp:attachment":[{"href":"https:\/\/zacatecastrespuntocero.news\/index.php?rest_route=%2Fwp%2Fv2%2Fmedia&parent=15440"}],"wp:term":[{"taxonomy":"category","embeddable":true,"href":"https:\/\/zacatecastrespuntocero.news\/index.php?rest_route=%2Fwp%2Fv2%2Fcategories&post=15440"},{"taxonomy":"post_tag","embeddable":true,"href":"https:\/\/zacatecastrespuntocero.news\/index.php?rest_route=%2Fwp%2Fv2%2Ftags&post=15440"}],"curies":[{"name":"wp","href":"https:\/\/api.w.org\/{rel}","templated":true}]}}