{"id":17018,"date":"2026-03-02T16:35:49","date_gmt":"2026-03-02T16:35:49","guid":{"rendered":"https:\/\/zacatecastrespuntocero.news\/?p=17018"},"modified":"2026-03-02T16:35:49","modified_gmt":"2026-03-02T16:35:49","slug":"hara-presidenta-revision-final-a-reforma-electoral-antes-de-enviarla","status":"publish","type":"post","link":"https:\/\/zacatecastrespuntocero.news\/?p=17018","title":{"rendered":"Har\u00e1 presidenta revisi\u00f3n final a reforma electoral antes de enviarla"},"content":{"rendered":"<p>La presidenta Claudia Sheinbaum reiter\u00f3 que este d\u00eda enviar\u00e1 a la C\u00e1mara de Diputados la reforma electoral, luego de dar \u201cuna \u00faltima revisada\u201d.<\/p>\n<p>Insisti\u00f3 en que, si no se aprueba la iniciativa, \u201cyo cumplo, y ya la gente sabr\u00e1 quien vot\u00f3 en favor y quien vot\u00f3 en contra de lo que han estado pidiendo\u201d.<\/p>\n","protected":false},"excerpt":{"rendered":"<p>La presidenta Claudia Sheinbaum reiter\u00f3 que este d\u00eda enviar\u00e1 a la C\u00e1mara de Diputados la reforma electoral, luego de dar \u201cuna \u00faltima revisada\u201d. Insisti\u00f3 en que, si no se aprueba la iniciativa, \u201cyo cumplo, y ya la gente sabr\u00e1 quien vot\u00f3 en favor y quien vot\u00f3 en contra de lo que han estado pidiendo\u201d.<\/p>\n","protected":false},"author":2,"featured_media":17019,"comment_status":"open","ping_status":"open","sticky":false,"template":"","format":"standard","meta":{"footnotes":""},"categories":[39],"tags":[],"class_list":["post-17018","post","type-post","status-publish","format-standard","has-post-thumbnail","hentry","category-nacional"],"yoast_head":"<!-- This site is optimized with the Yoast SEO plugin v24.7 - https:\/\/yoast.com\/wordpress\/plugins\/seo\/ -->\n<title>Har\u00e1 presidenta revisi\u00f3n final a reforma electoral antes de enviarla - Zacatecas 3.0<\/title>\n<meta name=\"robots\" content=\"index, follow, max-snippet:-1, max-image-preview:large, max-video-preview:-1\" \/>\n<link rel=\"canonical\" href=\"https:\/\/zacatecastrespuntocero.news\/?p=17018\" \/>\n<meta property=\"og:locale\" content=\"es_ES\" \/>\n<meta property=\"og:type\" content=\"article\" \/>\n<meta property=\"og:title\" content=\"Har\u00e1 presidenta revisi\u00f3n final a reforma electoral antes de enviarla - Zacatecas 3.0\" \/>\n<meta property=\"og:description\" content=\"La presidenta Claudia Sheinbaum reiter\u00f3 que este d\u00eda enviar\u00e1 a la C\u00e1mara de Diputados la reforma electoral, luego de dar \u201cuna \u00faltima revisada\u201d. Insisti\u00f3 en que, si no se aprueba la iniciativa, \u201cyo cumplo, y ya la gente sabr\u00e1 quien vot\u00f3 en favor y quien vot\u00f3 en contra de lo que han estado pidiendo\u201d.\" \/>\n<meta property=\"og:url\" content=\"https:\/\/zacatecastrespuntocero.news\/?p=17018\" \/>\n<meta property=\"og:site_name\" content=\"Zacatecas 3.0\" \/>\n<meta property=\"article:published_time\" content=\"2026-03-02T16:35:49+00:00\" \/>\n<meta property=\"og:image\" content=\"https:\/\/zacatecastrespuntocero.news\/wp-content\/uploads\/2026\/03\/reforma.png\" \/>\n\t<meta property=\"og:image:width\" content=\"451\" \/>\n\t<meta property=\"og:image:height\" content=\"210\" \/>\n\t<meta property=\"og:image:type\" content=\"image\/png\" \/>\n<meta name=\"author\" content=\"Redacci\u00f3n Zacatecas 3.0\" \/>\n<meta name=\"twitter:card\" content=\"summary_large_image\" \/>\n<meta name=\"twitter:label1\" content=\"Escrito por\" \/>\n\t<meta name=\"twitter:data1\" content=\"Redacci\u00f3n Zacatecas 3.0\" \/>\n\t<meta name=\"twitter:label2\" content=\"Tiempo de lectura\" \/>\n\t<meta name=\"twitter:data2\" content=\"1 minuto\" \/>\n<script type=\"application\/ld+json\" class=\"yoast-schema-graph\">{\"@context\":\"https:\/\/schema.org\",\"@graph\":[{\"@type\":\"WebPage\",\"@id\":\"https:\/\/zacatecastrespuntocero.news\/?p=17018\",\"url\":\"https:\/\/zacatecastrespuntocero.news\/?p=17018\",\"name\":\"Har\u00e1 presidenta revisi\u00f3n final a reforma electoral antes de enviarla - Zacatecas 3.0\",\"isPartOf\":{\"@id\":\"https:\/\/zacatecastrespuntocero.news\/#website\"},\"primaryImageOfPage\":{\"@id\":\"https:\/\/zacatecastrespuntocero.news\/?p=17018#primaryimage\"},\"image\":{\"@id\":\"https:\/\/zacatecastrespuntocero.news\/?p=17018#primaryimage\"},\"thumbnailUrl\":\"https:\/\/zacatecastrespuntocero.news\/wp-content\/uploads\/2026\/03\/reforma.png\",\"datePublished\":\"2026-03-02T16:35:49+00:00\",\"author\":{\"@id\":\"https:\/\/zacatecastrespuntocero.news\/#\/schema\/person\/a2399b2ec551c85a553c7e32e0eb5f01\"},\"breadcrumb\":{\"@id\":\"https:\/\/zacatecastrespuntocero.news\/?p=17018#breadcrumb\"},\"inLanguage\":\"es\",\"potentialAction\":[{\"@type\":\"ReadAction\",\"target\":[\"https:\/\/zacatecastrespuntocero.news\/?p=17018\"]}]},{\"@type\":\"ImageObject\",\"inLanguage\":\"es\",\"@id\":\"https:\/\/zacatecastrespuntocero.news\/?p=17018#primaryimage\",\"url\":\"https:\/\/zacatecastrespuntocero.news\/wp-content\/uploads\/2026\/03\/reforma.png\",\"contentUrl\":\"https:\/\/zacatecastrespuntocero.news\/wp-content\/uploads\/2026\/03\/reforma.png\",\"width\":451,\"height\":210},{\"@type\":\"BreadcrumbList\",\"@id\":\"https:\/\/zacatecastrespuntocero.news\/?p=17018#breadcrumb\",\"itemListElement\":[{\"@type\":\"ListItem\",\"position\":1,\"name\":\"Portada\",\"item\":\"https:\/\/zacatecastrespuntocero.news\/\"},{\"@type\":\"ListItem\",\"position\":2,\"name\":\"Har\u00e1 presidenta revisi\u00f3n final a reforma electoral antes de enviarla\"}]},{\"@type\":\"WebSite\",\"@id\":\"https:\/\/zacatecastrespuntocero.news\/#website\",\"url\":\"https:\/\/zacatecastrespuntocero.news\/\",\"name\":\"Zacatecas 3.0\",\"description\":\"\",\"potentialAction\":[{\"@type\":\"SearchAction\",\"target\":{\"@type\":\"EntryPoint\",\"urlTemplate\":\"https:\/\/zacatecastrespuntocero.news\/?s={search_term_string}\"},\"query-input\":{\"@type\":\"PropertyValueSpecification\",\"valueRequired\":true,\"valueName\":\"search_term_string\"}}],\"inLanguage\":\"es\"},{\"@type\":\"Person\",\"@id\":\"https:\/\/zacatecastrespuntocero.news\/#\/schema\/person\/a2399b2ec551c85a553c7e32e0eb5f01\",\"name\":\"Redacci\u00f3n Zacatecas 3.0\",\"image\":{\"@type\":\"ImageObject\",\"inLanguage\":\"es\",\"@id\":\"https:\/\/zacatecastrespuntocero.news\/#\/schema\/person\/image\/\",\"url\":\"https:\/\/secure.gravatar.com\/avatar\/898fb33ef49f211210b8183325052d3ced37d55b713857db60393870972a9248?s=96&d=mm&r=g\",\"contentUrl\":\"https:\/\/secure.gravatar.com\/avatar\/898fb33ef49f211210b8183325052d3ced37d55b713857db60393870972a9248?s=96&d=mm&r=g\",\"caption\":\"Redacci\u00f3n Zacatecas 3.0\"},\"sameAs\":[\"http:\/\/zacatecastrespuntocero.news\"],\"url\":\"https:\/\/zacatecastrespuntocero.news\/?author=2\"}]}<\/script>\n<!-- \/ Yoast SEO plugin. -->","yoast_head_json":{"title":"Har\u00e1 presidenta revisi\u00f3n final a reforma electoral antes de enviarla - Zacatecas 3.0","robots":{"index":"index","follow":"follow","max-snippet":"max-snippet:-1","max-image-preview":"max-image-preview:large","max-video-preview":"max-video-preview:-1"},"canonical":"https:\/\/zacatecastrespuntocero.news\/?p=17018","og_locale":"es_ES","og_type":"article","og_title":"Har\u00e1 presidenta revisi\u00f3n final a reforma electoral antes de enviarla - Zacatecas 3.0","og_description":"La presidenta Claudia Sheinbaum reiter\u00f3 que este d\u00eda enviar\u00e1 a la C\u00e1mara de Diputados la reforma electoral, luego de dar \u201cuna \u00faltima revisada\u201d. Insisti\u00f3 en que, si no se aprueba la iniciativa, \u201cyo cumplo, y ya la gente sabr\u00e1 quien vot\u00f3 en favor y quien vot\u00f3 en contra de lo que han estado pidiendo\u201d.","og_url":"https:\/\/zacatecastrespuntocero.news\/?p=17018","og_site_name":"Zacatecas 3.0","article_published_time":"2026-03-02T16:35:49+00:00","og_image":[{"width":451,"height":210,"url":"https:\/\/zacatecastrespuntocero.news\/wp-content\/uploads\/2026\/03\/reforma.png","type":"image\/png"}],"author":"Redacci\u00f3n Zacatecas 3.0","twitter_card":"summary_large_image","twitter_misc":{"Escrito por":"Redacci\u00f3n Zacatecas 3.0","Tiempo de lectura":"1 minuto"},"schema":{"@context":"https:\/\/schema.org","@graph":[{"@type":"WebPage","@id":"https:\/\/zacatecastrespuntocero.news\/?p=17018","url":"https:\/\/zacatecastrespuntocero.news\/?p=17018","name":"Har\u00e1 presidenta revisi\u00f3n final a reforma electoral antes de enviarla - Zacatecas 3.0","isPartOf":{"@id":"https:\/\/zacatecastrespuntocero.news\/#website"},"primaryImageOfPage":{"@id":"https:\/\/zacatecastrespuntocero.news\/?p=17018#primaryimage"},"image":{"@id":"https:\/\/zacatecastrespuntocero.news\/?p=17018#primaryimage"},"thumbnailUrl":"https:\/\/zacatecastrespuntocero.news\/wp-content\/uploads\/2026\/03\/reforma.png","datePublished":"2026-03-02T16:35:49+00:00","author":{"@id":"https:\/\/zacatecastrespuntocero.news\/#\/schema\/person\/a2399b2ec551c85a553c7e32e0eb5f01"},"breadcrumb":{"@id":"https:\/\/zacatecastrespuntocero.news\/?p=17018#breadcrumb"},"inLanguage":"es","potentialAction":[{"@type":"ReadAction","target":["https:\/\/zacatecastrespuntocero.news\/?p=17018"]}]},{"@type":"ImageObject","inLanguage":"es","@id":"https:\/\/zacatecastrespuntocero.news\/?p=17018#primaryimage","url":"https:\/\/zacatecastrespuntocero.news\/wp-content\/uploads\/2026\/03\/reforma.png","contentUrl":"https:\/\/zacatecastrespuntocero.news\/wp-content\/uploads\/2026\/03\/reforma.png","width":451,"height":210},{"@type":"BreadcrumbList","@id":"https:\/\/zacatecastrespuntocero.news\/?p=17018#breadcrumb","itemListElement":[{"@type":"ListItem","position":1,"name":"Portada","item":"https:\/\/zacatecastrespuntocero.news\/"},{"@type":"ListItem","position":2,"name":"Har\u00e1 presidenta revisi\u00f3n final a reforma electoral antes de enviarla"}]},{"@type":"WebSite","@id":"https:\/\/zacatecastrespuntocero.news\/#website","url":"https:\/\/zacatecastrespuntocero.news\/","name":"Zacatecas 3.0","description":"","potentialAction":[{"@type":"SearchAction","target":{"@type":"EntryPoint","urlTemplate":"https:\/\/zacatecastrespuntocero.news\/?s={search_term_string}"},"query-input":{"@type":"PropertyValueSpecification","valueRequired":true,"valueName":"search_term_string"}}],"inLanguage":"es"},{"@type":"Person","@id":"https:\/\/zacatecastrespuntocero.news\/#\/schema\/person\/a2399b2ec551c85a553c7e32e0eb5f01","name":"Redacci\u00f3n Zacatecas 3.0","image":{"@type":"ImageObject","inLanguage":"es","@id":"https:\/\/zacatecastrespuntocero.news\/#\/schema\/person\/image\/","url":"https:\/\/secure.gravatar.com\/avatar\/898fb33ef49f211210b8183325052d3ced37d55b713857db60393870972a9248?s=96&d=mm&r=g","contentUrl":"https:\/\/secure.gravatar.com\/avatar\/898fb33ef49f211210b8183325052d3ced37d55b713857db60393870972a9248?s=96&d=mm&r=g","caption":"Redacci\u00f3n Zacatecas 3.0"},"sameAs":["http:\/\/zacatecastrespuntocero.news"],"url":"https:\/\/zacatecastrespuntocero.news\/?author=2"}]}},"_links":{"self":[{"href":"https:\/\/zacatecastrespuntocero.news\/index.php?rest_route=\/wp\/v2\/posts\/17018","targetHints":{"allow":["GET"]}}],"collection":[{"href":"https:\/\/zacatecastrespuntocero.news\/index.php?rest_route=\/wp\/v2\/posts"}],"about":[{"href":"https:\/\/zacatecastrespuntocero.news\/index.php?rest_route=\/wp\/v2\/types\/post"}],"author":[{"embeddable":true,"href":"https:\/\/zacatecastrespuntocero.news\/index.php?rest_route=\/wp\/v2\/users\/2"}],"replies":[{"embeddable":true,"href":"https:\/\/zacatecastrespuntocero.news\/index.php?rest_route=%2Fwp%2Fv2%2Fcomments&post=17018"}],"version-history":[{"count":1,"href":"https:\/\/zacatecastrespuntocero.news\/index.php?rest_route=\/wp\/v2\/posts\/17018\/revisions"}],"predecessor-version":[{"id":17020,"href":"https:\/\/zacatecastrespuntocero.news\/index.php?rest_route=\/wp\/v2\/posts\/17018\/revisions\/17020"}],"wp:featuredmedia":[{"embeddable":true,"href":"https:\/\/zacatecastrespuntocero.news\/index.php?rest_route=\/wp\/v2\/media\/17019"}],"wp:attachment":[{"href":"https:\/\/zacatecastrespuntocero.news\/index.php?rest_route=%2Fwp%2Fv2%2Fmedia&parent=17018"}],"wp:term":[{"taxonomy":"category","embeddable":true,"href":"https:\/\/zacatecastrespuntocero.news\/index.php?rest_route=%2Fwp%2Fv2%2Fcategories&post=17018"},{"taxonomy":"post_tag","embeddable":true,"href":"https:\/\/zacatecastrespuntocero.news\/index.php?rest_route=%2Fwp%2Fv2%2Ftags&post=17018"}],"curies":[{"name":"wp","href":"https:\/\/api.w.org\/{rel}","templated":true}]}}