{"id":17048,"date":"2026-03-02T20:58:51","date_gmt":"2026-03-02T20:58:51","guid":{"rendered":"https:\/\/zacatecastrespuntocero.news\/?p=17048"},"modified":"2026-03-02T20:58:51","modified_gmt":"2026-03-02T20:58:51","slug":"muere-mexicano-bajo-custodia-del-ice","status":"publish","type":"post","link":"https:\/\/zacatecastrespuntocero.news\/?p=17048","title":{"rendered":"Muere mexicano bajo custodia del ICE"},"content":{"rendered":"<p>La Secretar\u00eda de Relaciones Exteriores (SRE) inform\u00f3 sobre el fallecimiento de una persona mexicana bajo custodia de ICE en el Centro de Procesamiento en Adelanto, California, por lo que exigir\u00e1 una investigaci\u00f3n inmediata y exhaustiva sobre las condiciones que han derivado en el fallecimiento de connacionales bajo custodia de esta autoridad, a fin de determinar responsabilidades y garantizar que estos hechos no se repitan.<\/p>\n<p>Ante la gravedad de los hechos, el Consulado de M\u00e9xico en San Bernardino activ\u00f3 de inmediato los protocolos de protecci\u00f3n consular y estableci\u00f3 comunicaci\u00f3n urgente con las autoridades para solicitar informaci\u00f3n detallada sobre las circunstancias del deceso. Se solicit\u00f3 formalmente el expediente m\u00e9dico, los reportes de custodia y todos los elementos que permitan esclarecer plenamente lo ocurrido.<\/p>\n<p>Personal de Protecci\u00f3n del Consulado ha brindado acompa\u00f1amiento cercano y permanente a la familia del connacional. El titular de la Representaci\u00f3n estableci\u00f3 contacto directo para expresar condolencias y brindar el acompa\u00f1amiento legal que se requiera, as\u00ed como apoyo con las gestiones necesarias para la repatriaci\u00f3n de sus restos.<\/p>\n<p>La atenci\u00f3n a este tipo de situaciones y el establecimiento de v\u00edas para resolverlas son prioritarias para el Gobierno de M\u00e9xico; la Canciller\u00eda solicitar\u00e1 formalmente la investigaci\u00f3n de las condiciones sist\u00e9micas que han llevado a que ocurran sucesos tan lamentables como este. Se reitera que la protecci\u00f3n de los derechos humanos de las personas mexicanas en el exterior es una prioridad del Gobierno de M\u00e9xico.<\/p>\n","protected":false},"excerpt":{"rendered":"<p>La Secretar\u00eda de Relaciones Exteriores (SRE) inform\u00f3 sobre el fallecimiento de una persona mexicana bajo custodia de ICE en el Centro de Procesamiento en Adelanto, California, por lo que exigir\u00e1 una investigaci\u00f3n inmediata y exhaustiva sobre las condiciones que han derivado en el fallecimiento de connacionales bajo custodia de esta autoridad, a fin de determinar [&hellip;]<\/p>\n","protected":false},"author":2,"featured_media":17049,"comment_status":"open","ping_status":"open","sticky":false,"template":"","format":"standard","meta":{"footnotes":""},"categories":[39],"tags":[],"class_list":["post-17048","post","type-post","status-publish","format-standard","has-post-thumbnail","hentry","category-nacional"],"yoast_head":"<!-- This site is optimized with the Yoast SEO plugin v24.7 - https:\/\/yoast.com\/wordpress\/plugins\/seo\/ -->\n<title>Muere mexicano bajo custodia del ICE - Zacatecas 3.0<\/title>\n<meta name=\"robots\" content=\"index, follow, max-snippet:-1, max-image-preview:large, max-video-preview:-1\" \/>\n<link rel=\"canonical\" href=\"https:\/\/zacatecastrespuntocero.news\/?p=17048\" \/>\n<meta property=\"og:locale\" content=\"es_ES\" \/>\n<meta property=\"og:type\" content=\"article\" \/>\n<meta property=\"og:title\" content=\"Muere mexicano bajo custodia del ICE - Zacatecas 3.0\" \/>\n<meta property=\"og:description\" content=\"La Secretar\u00eda de Relaciones Exteriores (SRE) inform\u00f3 sobre el fallecimiento de una persona mexicana bajo custodia de ICE en el Centro de Procesamiento en Adelanto, California, por lo que exigir\u00e1 una investigaci\u00f3n inmediata y exhaustiva sobre las condiciones que han derivado en el fallecimiento de connacionales bajo custodia de esta autoridad, a fin de determinar [&hellip;]\" \/>\n<meta property=\"og:url\" content=\"https:\/\/zacatecastrespuntocero.news\/?p=17048\" \/>\n<meta property=\"og:site_name\" content=\"Zacatecas 3.0\" \/>\n<meta property=\"article:published_time\" content=\"2026-03-02T20:58:51+00:00\" \/>\n<meta property=\"og:image\" content=\"https:\/\/zacatecastrespuntocero.news\/wp-content\/uploads\/2026\/03\/Captura-de-pantalla-2026-03-02-145816.png\" \/>\n\t<meta property=\"og:image:width\" content=\"429\" \/>\n\t<meta property=\"og:image:height\" content=\"196\" \/>\n\t<meta property=\"og:image:type\" content=\"image\/png\" \/>\n<meta name=\"author\" content=\"Redacci\u00f3n Zacatecas 3.0\" \/>\n<meta name=\"twitter:card\" content=\"summary_large_image\" \/>\n<meta name=\"twitter:label1\" content=\"Escrito por\" \/>\n\t<meta name=\"twitter:data1\" content=\"Redacci\u00f3n Zacatecas 3.0\" \/>\n\t<meta name=\"twitter:label2\" content=\"Tiempo de lectura\" \/>\n\t<meta name=\"twitter:data2\" content=\"2 minutos\" \/>\n<script type=\"application\/ld+json\" class=\"yoast-schema-graph\">{\"@context\":\"https:\/\/schema.org\",\"@graph\":[{\"@type\":\"WebPage\",\"@id\":\"https:\/\/zacatecastrespuntocero.news\/?p=17048\",\"url\":\"https:\/\/zacatecastrespuntocero.news\/?p=17048\",\"name\":\"Muere mexicano bajo custodia del ICE - Zacatecas 3.0\",\"isPartOf\":{\"@id\":\"https:\/\/zacatecastrespuntocero.news\/#website\"},\"primaryImageOfPage\":{\"@id\":\"https:\/\/zacatecastrespuntocero.news\/?p=17048#primaryimage\"},\"image\":{\"@id\":\"https:\/\/zacatecastrespuntocero.news\/?p=17048#primaryimage\"},\"thumbnailUrl\":\"https:\/\/zacatecastrespuntocero.news\/wp-content\/uploads\/2026\/03\/Captura-de-pantalla-2026-03-02-145816.png\",\"datePublished\":\"2026-03-02T20:58:51+00:00\",\"author\":{\"@id\":\"https:\/\/zacatecastrespuntocero.news\/#\/schema\/person\/a2399b2ec551c85a553c7e32e0eb5f01\"},\"breadcrumb\":{\"@id\":\"https:\/\/zacatecastrespuntocero.news\/?p=17048#breadcrumb\"},\"inLanguage\":\"es\",\"potentialAction\":[{\"@type\":\"ReadAction\",\"target\":[\"https:\/\/zacatecastrespuntocero.news\/?p=17048\"]}]},{\"@type\":\"ImageObject\",\"inLanguage\":\"es\",\"@id\":\"https:\/\/zacatecastrespuntocero.news\/?p=17048#primaryimage\",\"url\":\"https:\/\/zacatecastrespuntocero.news\/wp-content\/uploads\/2026\/03\/Captura-de-pantalla-2026-03-02-145816.png\",\"contentUrl\":\"https:\/\/zacatecastrespuntocero.news\/wp-content\/uploads\/2026\/03\/Captura-de-pantalla-2026-03-02-145816.png\",\"width\":429,\"height\":196},{\"@type\":\"BreadcrumbList\",\"@id\":\"https:\/\/zacatecastrespuntocero.news\/?p=17048#breadcrumb\",\"itemListElement\":[{\"@type\":\"ListItem\",\"position\":1,\"name\":\"Portada\",\"item\":\"https:\/\/zacatecastrespuntocero.news\/\"},{\"@type\":\"ListItem\",\"position\":2,\"name\":\"Muere mexicano bajo custodia del ICE\"}]},{\"@type\":\"WebSite\",\"@id\":\"https:\/\/zacatecastrespuntocero.news\/#website\",\"url\":\"https:\/\/zacatecastrespuntocero.news\/\",\"name\":\"Zacatecas 3.0\",\"description\":\"\",\"potentialAction\":[{\"@type\":\"SearchAction\",\"target\":{\"@type\":\"EntryPoint\",\"urlTemplate\":\"https:\/\/zacatecastrespuntocero.news\/?s={search_term_string}\"},\"query-input\":{\"@type\":\"PropertyValueSpecification\",\"valueRequired\":true,\"valueName\":\"search_term_string\"}}],\"inLanguage\":\"es\"},{\"@type\":\"Person\",\"@id\":\"https:\/\/zacatecastrespuntocero.news\/#\/schema\/person\/a2399b2ec551c85a553c7e32e0eb5f01\",\"name\":\"Redacci\u00f3n Zacatecas 3.0\",\"image\":{\"@type\":\"ImageObject\",\"inLanguage\":\"es\",\"@id\":\"https:\/\/zacatecastrespuntocero.news\/#\/schema\/person\/image\/\",\"url\":\"https:\/\/secure.gravatar.com\/avatar\/898fb33ef49f211210b8183325052d3ced37d55b713857db60393870972a9248?s=96&d=mm&r=g\",\"contentUrl\":\"https:\/\/secure.gravatar.com\/avatar\/898fb33ef49f211210b8183325052d3ced37d55b713857db60393870972a9248?s=96&d=mm&r=g\",\"caption\":\"Redacci\u00f3n Zacatecas 3.0\"},\"sameAs\":[\"http:\/\/zacatecastrespuntocero.news\"],\"url\":\"https:\/\/zacatecastrespuntocero.news\/?author=2\"}]}<\/script>\n<!-- \/ Yoast SEO plugin. -->","yoast_head_json":{"title":"Muere mexicano bajo custodia del ICE - Zacatecas 3.0","robots":{"index":"index","follow":"follow","max-snippet":"max-snippet:-1","max-image-preview":"max-image-preview:large","max-video-preview":"max-video-preview:-1"},"canonical":"https:\/\/zacatecastrespuntocero.news\/?p=17048","og_locale":"es_ES","og_type":"article","og_title":"Muere mexicano bajo custodia del ICE - Zacatecas 3.0","og_description":"La Secretar\u00eda de Relaciones Exteriores (SRE) inform\u00f3 sobre el fallecimiento de una persona mexicana bajo custodia de ICE en el Centro de Procesamiento en Adelanto, California, por lo que exigir\u00e1 una investigaci\u00f3n inmediata y exhaustiva sobre las condiciones que han derivado en el fallecimiento de connacionales bajo custodia de esta autoridad, a fin de determinar [&hellip;]","og_url":"https:\/\/zacatecastrespuntocero.news\/?p=17048","og_site_name":"Zacatecas 3.0","article_published_time":"2026-03-02T20:58:51+00:00","og_image":[{"width":429,"height":196,"url":"https:\/\/zacatecastrespuntocero.news\/wp-content\/uploads\/2026\/03\/Captura-de-pantalla-2026-03-02-145816.png","type":"image\/png"}],"author":"Redacci\u00f3n Zacatecas 3.0","twitter_card":"summary_large_image","twitter_misc":{"Escrito por":"Redacci\u00f3n Zacatecas 3.0","Tiempo de lectura":"2 minutos"},"schema":{"@context":"https:\/\/schema.org","@graph":[{"@type":"WebPage","@id":"https:\/\/zacatecastrespuntocero.news\/?p=17048","url":"https:\/\/zacatecastrespuntocero.news\/?p=17048","name":"Muere mexicano bajo custodia del ICE - Zacatecas 3.0","isPartOf":{"@id":"https:\/\/zacatecastrespuntocero.news\/#website"},"primaryImageOfPage":{"@id":"https:\/\/zacatecastrespuntocero.news\/?p=17048#primaryimage"},"image":{"@id":"https:\/\/zacatecastrespuntocero.news\/?p=17048#primaryimage"},"thumbnailUrl":"https:\/\/zacatecastrespuntocero.news\/wp-content\/uploads\/2026\/03\/Captura-de-pantalla-2026-03-02-145816.png","datePublished":"2026-03-02T20:58:51+00:00","author":{"@id":"https:\/\/zacatecastrespuntocero.news\/#\/schema\/person\/a2399b2ec551c85a553c7e32e0eb5f01"},"breadcrumb":{"@id":"https:\/\/zacatecastrespuntocero.news\/?p=17048#breadcrumb"},"inLanguage":"es","potentialAction":[{"@type":"ReadAction","target":["https:\/\/zacatecastrespuntocero.news\/?p=17048"]}]},{"@type":"ImageObject","inLanguage":"es","@id":"https:\/\/zacatecastrespuntocero.news\/?p=17048#primaryimage","url":"https:\/\/zacatecastrespuntocero.news\/wp-content\/uploads\/2026\/03\/Captura-de-pantalla-2026-03-02-145816.png","contentUrl":"https:\/\/zacatecastrespuntocero.news\/wp-content\/uploads\/2026\/03\/Captura-de-pantalla-2026-03-02-145816.png","width":429,"height":196},{"@type":"BreadcrumbList","@id":"https:\/\/zacatecastrespuntocero.news\/?p=17048#breadcrumb","itemListElement":[{"@type":"ListItem","position":1,"name":"Portada","item":"https:\/\/zacatecastrespuntocero.news\/"},{"@type":"ListItem","position":2,"name":"Muere mexicano bajo custodia del ICE"}]},{"@type":"WebSite","@id":"https:\/\/zacatecastrespuntocero.news\/#website","url":"https:\/\/zacatecastrespuntocero.news\/","name":"Zacatecas 3.0","description":"","potentialAction":[{"@type":"SearchAction","target":{"@type":"EntryPoint","urlTemplate":"https:\/\/zacatecastrespuntocero.news\/?s={search_term_string}"},"query-input":{"@type":"PropertyValueSpecification","valueRequired":true,"valueName":"search_term_string"}}],"inLanguage":"es"},{"@type":"Person","@id":"https:\/\/zacatecastrespuntocero.news\/#\/schema\/person\/a2399b2ec551c85a553c7e32e0eb5f01","name":"Redacci\u00f3n Zacatecas 3.0","image":{"@type":"ImageObject","inLanguage":"es","@id":"https:\/\/zacatecastrespuntocero.news\/#\/schema\/person\/image\/","url":"https:\/\/secure.gravatar.com\/avatar\/898fb33ef49f211210b8183325052d3ced37d55b713857db60393870972a9248?s=96&d=mm&r=g","contentUrl":"https:\/\/secure.gravatar.com\/avatar\/898fb33ef49f211210b8183325052d3ced37d55b713857db60393870972a9248?s=96&d=mm&r=g","caption":"Redacci\u00f3n Zacatecas 3.0"},"sameAs":["http:\/\/zacatecastrespuntocero.news"],"url":"https:\/\/zacatecastrespuntocero.news\/?author=2"}]}},"_links":{"self":[{"href":"https:\/\/zacatecastrespuntocero.news\/index.php?rest_route=\/wp\/v2\/posts\/17048","targetHints":{"allow":["GET"]}}],"collection":[{"href":"https:\/\/zacatecastrespuntocero.news\/index.php?rest_route=\/wp\/v2\/posts"}],"about":[{"href":"https:\/\/zacatecastrespuntocero.news\/index.php?rest_route=\/wp\/v2\/types\/post"}],"author":[{"embeddable":true,"href":"https:\/\/zacatecastrespuntocero.news\/index.php?rest_route=\/wp\/v2\/users\/2"}],"replies":[{"embeddable":true,"href":"https:\/\/zacatecastrespuntocero.news\/index.php?rest_route=%2Fwp%2Fv2%2Fcomments&post=17048"}],"version-history":[{"count":1,"href":"https:\/\/zacatecastrespuntocero.news\/index.php?rest_route=\/wp\/v2\/posts\/17048\/revisions"}],"predecessor-version":[{"id":17050,"href":"https:\/\/zacatecastrespuntocero.news\/index.php?rest_route=\/wp\/v2\/posts\/17048\/revisions\/17050"}],"wp:featuredmedia":[{"embeddable":true,"href":"https:\/\/zacatecastrespuntocero.news\/index.php?rest_route=\/wp\/v2\/media\/17049"}],"wp:attachment":[{"href":"https:\/\/zacatecastrespuntocero.news\/index.php?rest_route=%2Fwp%2Fv2%2Fmedia&parent=17048"}],"wp:term":[{"taxonomy":"category","embeddable":true,"href":"https:\/\/zacatecastrespuntocero.news\/index.php?rest_route=%2Fwp%2Fv2%2Fcategories&post=17048"},{"taxonomy":"post_tag","embeddable":true,"href":"https:\/\/zacatecastrespuntocero.news\/index.php?rest_route=%2Fwp%2Fv2%2Ftags&post=17048"}],"curies":[{"name":"wp","href":"https:\/\/api.w.org\/{rel}","templated":true}]}}