{"id":17063,"date":"2026-03-03T15:13:53","date_gmt":"2026-03-03T15:13:53","guid":{"rendered":"https:\/\/zacatecastrespuntocero.news\/?p=17063"},"modified":"2026-03-03T15:13:53","modified_gmt":"2026-03-03T15:13:53","slug":"zacatecas-se-suma-al-viernes-muy-mexicano-buscan-impulsar-el-consumo-local","status":"publish","type":"post","link":"https:\/\/zacatecastrespuntocero.news\/?p=17063","title":{"rendered":"Zacatecas se suma al \u201cViernes Muy Mexicano\u201d; buscan impulsar el consumo local"},"content":{"rendered":"<p>Zacatecas ya forma parte del programa nacional \u201cViernes Muy Mexicano\u201d, una estrategia que busca que, el \u00faltimo viernes de cada mes, los negocios del pa\u00eds ofrezcan promociones y actividades especiales para incentivar el consumo interno.<\/p>\n<p>La iniciativa es promovida por la <a href=\"chatgpt:\/\/generic-entity?number=0\">Confederaci\u00f3n de C\u00e1maras Nacionales de Comercio, Servicios y Turismo<\/a> en coordinaci\u00f3n con la Presidencia de la Rep\u00fablica y la Asamblea Nacional de Empresas y Negocios Familiares. La meta: fortalecer a los comercios familiares y locales como motor de la econom\u00eda mexicana.<\/p>\n<p>De acuerdo con el presidente nacional del organismo empresarial, <a href=\"chatgpt:\/\/generic-entity?number=1\">Octavio de la Torre Steffano<\/a>, los establecimientos que se registren podr\u00e1n ofrecer descuentos, experiencias y promociones bajo el distintivo \u201cAqu\u00ed se vive un Viernes Muy Mexicano\u201d. Este sello incluir\u00e1 un c\u00f3digo QR que dirigir\u00e1 a un mapa digital para ubicar los negocios participantes en todo el pa\u00eds.<\/p>\n<p>Se estima que podr\u00edan integrarse m\u00e1s de 258 c\u00e1maras nacionales y una red superior a 5.2 millones de negocios en sectores como alimentos y bebidas, turismo, hospedaje, educaci\u00f3n, tecnolog\u00eda, farmacias, ferreter\u00edas, entre otros. El programa ser\u00e1 permanente y tendr\u00e1 evaluaciones anuales.<\/p>\n<p>El secretario de Turismo estatal, <a href=\"chatgpt:\/\/generic-entity?number=2\">Le Roy Barrag\u00e1n Ocampo<\/a>, destac\u00f3 que esta estrategia tambi\u00e9n puede ayudar a mover el sector tur\u00edstico y la econom\u00eda local. Se\u00f1al\u00f3 que Zacatecas est\u00e1 entre las primeras tres entidades del norte del pa\u00eds en presentar formalmente el programa.<\/p>\n<p>Adem\u00e1s, se aprovech\u00f3 el anuncio para extender la invitaci\u00f3n a que el liderazgo nacional de Concanaco visite el estado durante el <a href=\"chatgpt:\/\/generic-entity?number=3\">Festival Cultural Zacatecas 2026<\/a>, que este a\u00f1o celebra su 40 aniversario y es considerado uno de los eventos culturales m\u00e1s importantes del pa\u00eds.<\/p>\n<p>Los negocios interesados pueden registrarse en la p\u00e1gina oficial del programa, donde se detallan requisitos y lineamientos de participaci\u00f3n.<\/p>\n","protected":false},"excerpt":{"rendered":"<p>Zacatecas ya forma parte del programa nacional \u201cViernes Muy Mexicano\u201d, una estrategia que busca que, el \u00faltimo viernes de cada mes, los negocios del pa\u00eds ofrezcan promociones y actividades especiales para incentivar el consumo interno. La iniciativa es promovida por la Confederaci\u00f3n de C\u00e1maras Nacionales de Comercio, Servicios y Turismo en coordinaci\u00f3n con la Presidencia [&hellip;]<\/p>\n","protected":false},"author":2,"featured_media":17064,"comment_status":"open","ping_status":"open","sticky":false,"template":"","format":"image","meta":{"footnotes":""},"categories":[38],"tags":[],"class_list":["post-17063","post","type-post","status-publish","format-image","has-post-thumbnail","hentry","category-estatal","post_format-post-format-image"],"yoast_head":"<!-- This site is optimized with the Yoast SEO plugin v24.7 - https:\/\/yoast.com\/wordpress\/plugins\/seo\/ -->\n<title>Zacatecas se suma al \u201cViernes Muy Mexicano\u201d; buscan impulsar el consumo local - Zacatecas 3.0<\/title>\n<meta name=\"robots\" content=\"index, follow, max-snippet:-1, max-image-preview:large, max-video-preview:-1\" \/>\n<link rel=\"canonical\" href=\"https:\/\/zacatecastrespuntocero.news\/?p=17063\" \/>\n<meta property=\"og:locale\" content=\"es_ES\" \/>\n<meta property=\"og:type\" content=\"article\" \/>\n<meta property=\"og:title\" content=\"Zacatecas se suma al \u201cViernes Muy Mexicano\u201d; buscan impulsar el consumo local - Zacatecas 3.0\" \/>\n<meta property=\"og:description\" content=\"Zacatecas ya forma parte del programa nacional \u201cViernes Muy Mexicano\u201d, una estrategia que busca que, el \u00faltimo viernes de cada mes, los negocios del pa\u00eds ofrezcan promociones y actividades especiales para incentivar el consumo interno. La iniciativa es promovida por la Confederaci\u00f3n de C\u00e1maras Nacionales de Comercio, Servicios y Turismo en coordinaci\u00f3n con la Presidencia [&hellip;]\" \/>\n<meta property=\"og:url\" content=\"https:\/\/zacatecastrespuntocero.news\/?p=17063\" \/>\n<meta property=\"og:site_name\" content=\"Zacatecas 3.0\" \/>\n<meta property=\"article:published_time\" content=\"2026-03-03T15:13:53+00:00\" \/>\n<meta property=\"og:image\" content=\"https:\/\/zacatecastrespuntocero.news\/wp-content\/uploads\/2026\/03\/5a46e3c9-fc5e-464c-9507-9a3aeb1d9ca1.jpeg\" \/>\n\t<meta property=\"og:image:width\" content=\"1081\" \/>\n\t<meta property=\"og:image:height\" content=\"1081\" \/>\n\t<meta property=\"og:image:type\" content=\"image\/jpeg\" \/>\n<meta name=\"author\" content=\"Redacci\u00f3n Zacatecas 3.0\" \/>\n<meta name=\"twitter:card\" content=\"summary_large_image\" \/>\n<meta name=\"twitter:label1\" content=\"Escrito por\" \/>\n\t<meta name=\"twitter:data1\" content=\"Redacci\u00f3n Zacatecas 3.0\" \/>\n\t<meta name=\"twitter:label2\" content=\"Tiempo de lectura\" \/>\n\t<meta name=\"twitter:data2\" content=\"2 minutos\" \/>\n<script type=\"application\/ld+json\" class=\"yoast-schema-graph\">{\"@context\":\"https:\/\/schema.org\",\"@graph\":[{\"@type\":\"WebPage\",\"@id\":\"https:\/\/zacatecastrespuntocero.news\/?p=17063\",\"url\":\"https:\/\/zacatecastrespuntocero.news\/?p=17063\",\"name\":\"Zacatecas se suma al \u201cViernes Muy Mexicano\u201d; buscan impulsar el consumo local - Zacatecas 3.0\",\"isPartOf\":{\"@id\":\"https:\/\/zacatecastrespuntocero.news\/#website\"},\"primaryImageOfPage\":{\"@id\":\"https:\/\/zacatecastrespuntocero.news\/?p=17063#primaryimage\"},\"image\":{\"@id\":\"https:\/\/zacatecastrespuntocero.news\/?p=17063#primaryimage\"},\"thumbnailUrl\":\"https:\/\/zacatecastrespuntocero.news\/wp-content\/uploads\/2026\/03\/5a46e3c9-fc5e-464c-9507-9a3aeb1d9ca1.jpeg\",\"datePublished\":\"2026-03-03T15:13:53+00:00\",\"author\":{\"@id\":\"https:\/\/zacatecastrespuntocero.news\/#\/schema\/person\/a2399b2ec551c85a553c7e32e0eb5f01\"},\"breadcrumb\":{\"@id\":\"https:\/\/zacatecastrespuntocero.news\/?p=17063#breadcrumb\"},\"inLanguage\":\"es\",\"potentialAction\":[{\"@type\":\"ReadAction\",\"target\":[\"https:\/\/zacatecastrespuntocero.news\/?p=17063\"]}]},{\"@type\":\"ImageObject\",\"inLanguage\":\"es\",\"@id\":\"https:\/\/zacatecastrespuntocero.news\/?p=17063#primaryimage\",\"url\":\"https:\/\/zacatecastrespuntocero.news\/wp-content\/uploads\/2026\/03\/5a46e3c9-fc5e-464c-9507-9a3aeb1d9ca1.jpeg\",\"contentUrl\":\"https:\/\/zacatecastrespuntocero.news\/wp-content\/uploads\/2026\/03\/5a46e3c9-fc5e-464c-9507-9a3aeb1d9ca1.jpeg\",\"width\":1081,\"height\":1081},{\"@type\":\"BreadcrumbList\",\"@id\":\"https:\/\/zacatecastrespuntocero.news\/?p=17063#breadcrumb\",\"itemListElement\":[{\"@type\":\"ListItem\",\"position\":1,\"name\":\"Portada\",\"item\":\"https:\/\/zacatecastrespuntocero.news\/\"},{\"@type\":\"ListItem\",\"position\":2,\"name\":\"Zacatecas se suma al \u201cViernes Muy Mexicano\u201d; buscan impulsar el consumo local\"}]},{\"@type\":\"WebSite\",\"@id\":\"https:\/\/zacatecastrespuntocero.news\/#website\",\"url\":\"https:\/\/zacatecastrespuntocero.news\/\",\"name\":\"Zacatecas 3.0\",\"description\":\"\",\"potentialAction\":[{\"@type\":\"SearchAction\",\"target\":{\"@type\":\"EntryPoint\",\"urlTemplate\":\"https:\/\/zacatecastrespuntocero.news\/?s={search_term_string}\"},\"query-input\":{\"@type\":\"PropertyValueSpecification\",\"valueRequired\":true,\"valueName\":\"search_term_string\"}}],\"inLanguage\":\"es\"},{\"@type\":\"Person\",\"@id\":\"https:\/\/zacatecastrespuntocero.news\/#\/schema\/person\/a2399b2ec551c85a553c7e32e0eb5f01\",\"name\":\"Redacci\u00f3n Zacatecas 3.0\",\"image\":{\"@type\":\"ImageObject\",\"inLanguage\":\"es\",\"@id\":\"https:\/\/zacatecastrespuntocero.news\/#\/schema\/person\/image\/\",\"url\":\"https:\/\/secure.gravatar.com\/avatar\/898fb33ef49f211210b8183325052d3ced37d55b713857db60393870972a9248?s=96&d=mm&r=g\",\"contentUrl\":\"https:\/\/secure.gravatar.com\/avatar\/898fb33ef49f211210b8183325052d3ced37d55b713857db60393870972a9248?s=96&d=mm&r=g\",\"caption\":\"Redacci\u00f3n Zacatecas 3.0\"},\"sameAs\":[\"http:\/\/zacatecastrespuntocero.news\"],\"url\":\"https:\/\/zacatecastrespuntocero.news\/?author=2\"}]}<\/script>\n<!-- \/ Yoast SEO plugin. -->","yoast_head_json":{"title":"Zacatecas se suma al \u201cViernes Muy Mexicano\u201d; buscan impulsar el consumo local - Zacatecas 3.0","robots":{"index":"index","follow":"follow","max-snippet":"max-snippet:-1","max-image-preview":"max-image-preview:large","max-video-preview":"max-video-preview:-1"},"canonical":"https:\/\/zacatecastrespuntocero.news\/?p=17063","og_locale":"es_ES","og_type":"article","og_title":"Zacatecas se suma al \u201cViernes Muy Mexicano\u201d; buscan impulsar el consumo local - Zacatecas 3.0","og_description":"Zacatecas ya forma parte del programa nacional \u201cViernes Muy Mexicano\u201d, una estrategia que busca que, el \u00faltimo viernes de cada mes, los negocios del pa\u00eds ofrezcan promociones y actividades especiales para incentivar el consumo interno. La iniciativa es promovida por la Confederaci\u00f3n de C\u00e1maras Nacionales de Comercio, Servicios y Turismo en coordinaci\u00f3n con la Presidencia [&hellip;]","og_url":"https:\/\/zacatecastrespuntocero.news\/?p=17063","og_site_name":"Zacatecas 3.0","article_published_time":"2026-03-03T15:13:53+00:00","og_image":[{"width":1081,"height":1081,"url":"https:\/\/zacatecastrespuntocero.news\/wp-content\/uploads\/2026\/03\/5a46e3c9-fc5e-464c-9507-9a3aeb1d9ca1.jpeg","type":"image\/jpeg"}],"author":"Redacci\u00f3n Zacatecas 3.0","twitter_card":"summary_large_image","twitter_misc":{"Escrito por":"Redacci\u00f3n Zacatecas 3.0","Tiempo de lectura":"2 minutos"},"schema":{"@context":"https:\/\/schema.org","@graph":[{"@type":"WebPage","@id":"https:\/\/zacatecastrespuntocero.news\/?p=17063","url":"https:\/\/zacatecastrespuntocero.news\/?p=17063","name":"Zacatecas se suma al \u201cViernes Muy Mexicano\u201d; buscan impulsar el consumo local - Zacatecas 3.0","isPartOf":{"@id":"https:\/\/zacatecastrespuntocero.news\/#website"},"primaryImageOfPage":{"@id":"https:\/\/zacatecastrespuntocero.news\/?p=17063#primaryimage"},"image":{"@id":"https:\/\/zacatecastrespuntocero.news\/?p=17063#primaryimage"},"thumbnailUrl":"https:\/\/zacatecastrespuntocero.news\/wp-content\/uploads\/2026\/03\/5a46e3c9-fc5e-464c-9507-9a3aeb1d9ca1.jpeg","datePublished":"2026-03-03T15:13:53+00:00","author":{"@id":"https:\/\/zacatecastrespuntocero.news\/#\/schema\/person\/a2399b2ec551c85a553c7e32e0eb5f01"},"breadcrumb":{"@id":"https:\/\/zacatecastrespuntocero.news\/?p=17063#breadcrumb"},"inLanguage":"es","potentialAction":[{"@type":"ReadAction","target":["https:\/\/zacatecastrespuntocero.news\/?p=17063"]}]},{"@type":"ImageObject","inLanguage":"es","@id":"https:\/\/zacatecastrespuntocero.news\/?p=17063#primaryimage","url":"https:\/\/zacatecastrespuntocero.news\/wp-content\/uploads\/2026\/03\/5a46e3c9-fc5e-464c-9507-9a3aeb1d9ca1.jpeg","contentUrl":"https:\/\/zacatecastrespuntocero.news\/wp-content\/uploads\/2026\/03\/5a46e3c9-fc5e-464c-9507-9a3aeb1d9ca1.jpeg","width":1081,"height":1081},{"@type":"BreadcrumbList","@id":"https:\/\/zacatecastrespuntocero.news\/?p=17063#breadcrumb","itemListElement":[{"@type":"ListItem","position":1,"name":"Portada","item":"https:\/\/zacatecastrespuntocero.news\/"},{"@type":"ListItem","position":2,"name":"Zacatecas se suma al \u201cViernes Muy Mexicano\u201d; buscan impulsar el consumo local"}]},{"@type":"WebSite","@id":"https:\/\/zacatecastrespuntocero.news\/#website","url":"https:\/\/zacatecastrespuntocero.news\/","name":"Zacatecas 3.0","description":"","potentialAction":[{"@type":"SearchAction","target":{"@type":"EntryPoint","urlTemplate":"https:\/\/zacatecastrespuntocero.news\/?s={search_term_string}"},"query-input":{"@type":"PropertyValueSpecification","valueRequired":true,"valueName":"search_term_string"}}],"inLanguage":"es"},{"@type":"Person","@id":"https:\/\/zacatecastrespuntocero.news\/#\/schema\/person\/a2399b2ec551c85a553c7e32e0eb5f01","name":"Redacci\u00f3n Zacatecas 3.0","image":{"@type":"ImageObject","inLanguage":"es","@id":"https:\/\/zacatecastrespuntocero.news\/#\/schema\/person\/image\/","url":"https:\/\/secure.gravatar.com\/avatar\/898fb33ef49f211210b8183325052d3ced37d55b713857db60393870972a9248?s=96&d=mm&r=g","contentUrl":"https:\/\/secure.gravatar.com\/avatar\/898fb33ef49f211210b8183325052d3ced37d55b713857db60393870972a9248?s=96&d=mm&r=g","caption":"Redacci\u00f3n Zacatecas 3.0"},"sameAs":["http:\/\/zacatecastrespuntocero.news"],"url":"https:\/\/zacatecastrespuntocero.news\/?author=2"}]}},"_links":{"self":[{"href":"https:\/\/zacatecastrespuntocero.news\/index.php?rest_route=\/wp\/v2\/posts\/17063","targetHints":{"allow":["GET"]}}],"collection":[{"href":"https:\/\/zacatecastrespuntocero.news\/index.php?rest_route=\/wp\/v2\/posts"}],"about":[{"href":"https:\/\/zacatecastrespuntocero.news\/index.php?rest_route=\/wp\/v2\/types\/post"}],"author":[{"embeddable":true,"href":"https:\/\/zacatecastrespuntocero.news\/index.php?rest_route=\/wp\/v2\/users\/2"}],"replies":[{"embeddable":true,"href":"https:\/\/zacatecastrespuntocero.news\/index.php?rest_route=%2Fwp%2Fv2%2Fcomments&post=17063"}],"version-history":[{"count":1,"href":"https:\/\/zacatecastrespuntocero.news\/index.php?rest_route=\/wp\/v2\/posts\/17063\/revisions"}],"predecessor-version":[{"id":17065,"href":"https:\/\/zacatecastrespuntocero.news\/index.php?rest_route=\/wp\/v2\/posts\/17063\/revisions\/17065"}],"wp:featuredmedia":[{"embeddable":true,"href":"https:\/\/zacatecastrespuntocero.news\/index.php?rest_route=\/wp\/v2\/media\/17064"}],"wp:attachment":[{"href":"https:\/\/zacatecastrespuntocero.news\/index.php?rest_route=%2Fwp%2Fv2%2Fmedia&parent=17063"}],"wp:term":[{"taxonomy":"category","embeddable":true,"href":"https:\/\/zacatecastrespuntocero.news\/index.php?rest_route=%2Fwp%2Fv2%2Fcategories&post=17063"},{"taxonomy":"post_tag","embeddable":true,"href":"https:\/\/zacatecastrespuntocero.news\/index.php?rest_route=%2Fwp%2Fv2%2Ftags&post=17063"}],"curies":[{"name":"wp","href":"https:\/\/api.w.org\/{rel}","templated":true}]}}