{"id":17086,"date":"2026-03-03T18:48:40","date_gmt":"2026-03-03T18:48:40","guid":{"rendered":"https:\/\/zacatecastrespuntocero.news\/?p=17086"},"modified":"2026-03-03T18:48:40","modified_gmt":"2026-03-03T18:48:40","slug":"investigan-a-seis-elementos-de-la-fuerza-de-elite-pakal-de-chiapas","status":"publish","type":"post","link":"https:\/\/zacatecastrespuntocero.news\/?p=17086","title":{"rendered":"Investigan a seis elementos de la Fuerza de \u00c9lite Pakal de Chiapas"},"content":{"rendered":"<p>El fiscal de Chiapas, Jorge Luis Llaven Abarca, inform\u00f3 que seis elementos de la Fuerza de \u00c9lite Pakal ya se encuentran sujetos al \u00f3rgano jurisdiccional por delitos de extorsi\u00f3n, abuso de autoridad y desaparici\u00f3n forzada de personas.<\/p>\n<p>Precis\u00f3 que estos procesos no est\u00e1n relacionados con la llamada \u201cnarcon\u00f3mina\u201d, vinculada a Nemesio Oseguera Cervantes, en la que se mencionan presuntos sobornos de hasta 100 mil pesos a \u201cPakales\u201d y dep\u00f3sitos a funcionarios en municipios como San Crist\u00f3bal y Chiapa de Corzo.<\/p>\n<p>Sobre esa informaci\u00f3n, dijo, apenas se iniciar\u00e1 una investigaci\u00f3n en coordinaci\u00f3n con la Fiscal\u00eda General de la Rep\u00fablica (FGR) para determinar si existe responsabilidad de los elementos se\u00f1alados.<\/p>\n","protected":false},"excerpt":{"rendered":"<p>El fiscal de Chiapas, Jorge Luis Llaven Abarca, inform\u00f3 que seis elementos de la Fuerza de \u00c9lite Pakal ya se encuentran sujetos al \u00f3rgano jurisdiccional por delitos de extorsi\u00f3n, abuso de autoridad y desaparici\u00f3n forzada de personas. Precis\u00f3 que estos procesos no est\u00e1n relacionados con la llamada \u201cnarcon\u00f3mina\u201d, vinculada a Nemesio Oseguera Cervantes, en la [&hellip;]<\/p>\n","protected":false},"author":2,"featured_media":17087,"comment_status":"open","ping_status":"open","sticky":false,"template":"","format":"standard","meta":{"footnotes":""},"categories":[39],"tags":[],"class_list":["post-17086","post","type-post","status-publish","format-standard","has-post-thumbnail","hentry","category-nacional"],"yoast_head":"<!-- This site is optimized with the Yoast SEO plugin v24.7 - https:\/\/yoast.com\/wordpress\/plugins\/seo\/ -->\n<title>Investigan a seis elementos de la Fuerza de \u00c9lite Pakal de Chiapas - Zacatecas 3.0<\/title>\n<meta name=\"robots\" content=\"index, follow, max-snippet:-1, max-image-preview:large, max-video-preview:-1\" \/>\n<link rel=\"canonical\" href=\"https:\/\/zacatecastrespuntocero.news\/?p=17086\" \/>\n<meta property=\"og:locale\" content=\"es_ES\" \/>\n<meta property=\"og:type\" content=\"article\" \/>\n<meta property=\"og:title\" content=\"Investigan a seis elementos de la Fuerza de \u00c9lite Pakal de Chiapas - Zacatecas 3.0\" \/>\n<meta property=\"og:description\" content=\"El fiscal de Chiapas, Jorge Luis Llaven Abarca, inform\u00f3 que seis elementos de la Fuerza de \u00c9lite Pakal ya se encuentran sujetos al \u00f3rgano jurisdiccional por delitos de extorsi\u00f3n, abuso de autoridad y desaparici\u00f3n forzada de personas. Precis\u00f3 que estos procesos no est\u00e1n relacionados con la llamada \u201cnarcon\u00f3mina\u201d, vinculada a Nemesio Oseguera Cervantes, en la [&hellip;]\" \/>\n<meta property=\"og:url\" content=\"https:\/\/zacatecastrespuntocero.news\/?p=17086\" \/>\n<meta property=\"og:site_name\" content=\"Zacatecas 3.0\" \/>\n<meta property=\"article:published_time\" content=\"2026-03-03T18:48:40+00:00\" \/>\n<meta property=\"og:image\" content=\"https:\/\/zacatecastrespuntocero.news\/wp-content\/uploads\/2026\/03\/JorgeLuisLlavenAbarca.jpg\" \/>\n\t<meta property=\"og:image:width\" content=\"957\" \/>\n\t<meta property=\"og:image:height\" content=\"774\" \/>\n\t<meta property=\"og:image:type\" content=\"image\/jpeg\" \/>\n<meta name=\"author\" content=\"Redacci\u00f3n Zacatecas 3.0\" \/>\n<meta name=\"twitter:card\" content=\"summary_large_image\" \/>\n<meta name=\"twitter:label1\" content=\"Escrito por\" \/>\n\t<meta name=\"twitter:data1\" content=\"Redacci\u00f3n Zacatecas 3.0\" \/>\n\t<meta name=\"twitter:label2\" content=\"Tiempo de lectura\" \/>\n\t<meta name=\"twitter:data2\" content=\"1 minuto\" \/>\n<script type=\"application\/ld+json\" class=\"yoast-schema-graph\">{\"@context\":\"https:\/\/schema.org\",\"@graph\":[{\"@type\":\"WebPage\",\"@id\":\"https:\/\/zacatecastrespuntocero.news\/?p=17086\",\"url\":\"https:\/\/zacatecastrespuntocero.news\/?p=17086\",\"name\":\"Investigan a seis elementos de la Fuerza de \u00c9lite Pakal de Chiapas - Zacatecas 3.0\",\"isPartOf\":{\"@id\":\"https:\/\/zacatecastrespuntocero.news\/#website\"},\"primaryImageOfPage\":{\"@id\":\"https:\/\/zacatecastrespuntocero.news\/?p=17086#primaryimage\"},\"image\":{\"@id\":\"https:\/\/zacatecastrespuntocero.news\/?p=17086#primaryimage\"},\"thumbnailUrl\":\"https:\/\/zacatecastrespuntocero.news\/wp-content\/uploads\/2026\/03\/JorgeLuisLlavenAbarca.jpg\",\"datePublished\":\"2026-03-03T18:48:40+00:00\",\"author\":{\"@id\":\"https:\/\/zacatecastrespuntocero.news\/#\/schema\/person\/a2399b2ec551c85a553c7e32e0eb5f01\"},\"breadcrumb\":{\"@id\":\"https:\/\/zacatecastrespuntocero.news\/?p=17086#breadcrumb\"},\"inLanguage\":\"es\",\"potentialAction\":[{\"@type\":\"ReadAction\",\"target\":[\"https:\/\/zacatecastrespuntocero.news\/?p=17086\"]}]},{\"@type\":\"ImageObject\",\"inLanguage\":\"es\",\"@id\":\"https:\/\/zacatecastrespuntocero.news\/?p=17086#primaryimage\",\"url\":\"https:\/\/zacatecastrespuntocero.news\/wp-content\/uploads\/2026\/03\/JorgeLuisLlavenAbarca.jpg\",\"contentUrl\":\"https:\/\/zacatecastrespuntocero.news\/wp-content\/uploads\/2026\/03\/JorgeLuisLlavenAbarca.jpg\",\"width\":957,\"height\":774},{\"@type\":\"BreadcrumbList\",\"@id\":\"https:\/\/zacatecastrespuntocero.news\/?p=17086#breadcrumb\",\"itemListElement\":[{\"@type\":\"ListItem\",\"position\":1,\"name\":\"Portada\",\"item\":\"https:\/\/zacatecastrespuntocero.news\/\"},{\"@type\":\"ListItem\",\"position\":2,\"name\":\"Investigan a seis elementos de la Fuerza de \u00c9lite Pakal de Chiapas\"}]},{\"@type\":\"WebSite\",\"@id\":\"https:\/\/zacatecastrespuntocero.news\/#website\",\"url\":\"https:\/\/zacatecastrespuntocero.news\/\",\"name\":\"Zacatecas 3.0\",\"description\":\"\",\"potentialAction\":[{\"@type\":\"SearchAction\",\"target\":{\"@type\":\"EntryPoint\",\"urlTemplate\":\"https:\/\/zacatecastrespuntocero.news\/?s={search_term_string}\"},\"query-input\":{\"@type\":\"PropertyValueSpecification\",\"valueRequired\":true,\"valueName\":\"search_term_string\"}}],\"inLanguage\":\"es\"},{\"@type\":\"Person\",\"@id\":\"https:\/\/zacatecastrespuntocero.news\/#\/schema\/person\/a2399b2ec551c85a553c7e32e0eb5f01\",\"name\":\"Redacci\u00f3n Zacatecas 3.0\",\"image\":{\"@type\":\"ImageObject\",\"inLanguage\":\"es\",\"@id\":\"https:\/\/zacatecastrespuntocero.news\/#\/schema\/person\/image\/\",\"url\":\"https:\/\/secure.gravatar.com\/avatar\/898fb33ef49f211210b8183325052d3ced37d55b713857db60393870972a9248?s=96&d=mm&r=g\",\"contentUrl\":\"https:\/\/secure.gravatar.com\/avatar\/898fb33ef49f211210b8183325052d3ced37d55b713857db60393870972a9248?s=96&d=mm&r=g\",\"caption\":\"Redacci\u00f3n Zacatecas 3.0\"},\"sameAs\":[\"http:\/\/zacatecastrespuntocero.news\"],\"url\":\"https:\/\/zacatecastrespuntocero.news\/?author=2\"}]}<\/script>\n<!-- \/ Yoast SEO plugin. -->","yoast_head_json":{"title":"Investigan a seis elementos de la Fuerza de \u00c9lite Pakal de Chiapas - Zacatecas 3.0","robots":{"index":"index","follow":"follow","max-snippet":"max-snippet:-1","max-image-preview":"max-image-preview:large","max-video-preview":"max-video-preview:-1"},"canonical":"https:\/\/zacatecastrespuntocero.news\/?p=17086","og_locale":"es_ES","og_type":"article","og_title":"Investigan a seis elementos de la Fuerza de \u00c9lite Pakal de Chiapas - Zacatecas 3.0","og_description":"El fiscal de Chiapas, Jorge Luis Llaven Abarca, inform\u00f3 que seis elementos de la Fuerza de \u00c9lite Pakal ya se encuentran sujetos al \u00f3rgano jurisdiccional por delitos de extorsi\u00f3n, abuso de autoridad y desaparici\u00f3n forzada de personas. Precis\u00f3 que estos procesos no est\u00e1n relacionados con la llamada \u201cnarcon\u00f3mina\u201d, vinculada a Nemesio Oseguera Cervantes, en la [&hellip;]","og_url":"https:\/\/zacatecastrespuntocero.news\/?p=17086","og_site_name":"Zacatecas 3.0","article_published_time":"2026-03-03T18:48:40+00:00","og_image":[{"width":957,"height":774,"url":"https:\/\/zacatecastrespuntocero.news\/wp-content\/uploads\/2026\/03\/JorgeLuisLlavenAbarca.jpg","type":"image\/jpeg"}],"author":"Redacci\u00f3n Zacatecas 3.0","twitter_card":"summary_large_image","twitter_misc":{"Escrito por":"Redacci\u00f3n Zacatecas 3.0","Tiempo de lectura":"1 minuto"},"schema":{"@context":"https:\/\/schema.org","@graph":[{"@type":"WebPage","@id":"https:\/\/zacatecastrespuntocero.news\/?p=17086","url":"https:\/\/zacatecastrespuntocero.news\/?p=17086","name":"Investigan a seis elementos de la Fuerza de \u00c9lite Pakal de Chiapas - Zacatecas 3.0","isPartOf":{"@id":"https:\/\/zacatecastrespuntocero.news\/#website"},"primaryImageOfPage":{"@id":"https:\/\/zacatecastrespuntocero.news\/?p=17086#primaryimage"},"image":{"@id":"https:\/\/zacatecastrespuntocero.news\/?p=17086#primaryimage"},"thumbnailUrl":"https:\/\/zacatecastrespuntocero.news\/wp-content\/uploads\/2026\/03\/JorgeLuisLlavenAbarca.jpg","datePublished":"2026-03-03T18:48:40+00:00","author":{"@id":"https:\/\/zacatecastrespuntocero.news\/#\/schema\/person\/a2399b2ec551c85a553c7e32e0eb5f01"},"breadcrumb":{"@id":"https:\/\/zacatecastrespuntocero.news\/?p=17086#breadcrumb"},"inLanguage":"es","potentialAction":[{"@type":"ReadAction","target":["https:\/\/zacatecastrespuntocero.news\/?p=17086"]}]},{"@type":"ImageObject","inLanguage":"es","@id":"https:\/\/zacatecastrespuntocero.news\/?p=17086#primaryimage","url":"https:\/\/zacatecastrespuntocero.news\/wp-content\/uploads\/2026\/03\/JorgeLuisLlavenAbarca.jpg","contentUrl":"https:\/\/zacatecastrespuntocero.news\/wp-content\/uploads\/2026\/03\/JorgeLuisLlavenAbarca.jpg","width":957,"height":774},{"@type":"BreadcrumbList","@id":"https:\/\/zacatecastrespuntocero.news\/?p=17086#breadcrumb","itemListElement":[{"@type":"ListItem","position":1,"name":"Portada","item":"https:\/\/zacatecastrespuntocero.news\/"},{"@type":"ListItem","position":2,"name":"Investigan a seis elementos de la Fuerza de \u00c9lite Pakal de Chiapas"}]},{"@type":"WebSite","@id":"https:\/\/zacatecastrespuntocero.news\/#website","url":"https:\/\/zacatecastrespuntocero.news\/","name":"Zacatecas 3.0","description":"","potentialAction":[{"@type":"SearchAction","target":{"@type":"EntryPoint","urlTemplate":"https:\/\/zacatecastrespuntocero.news\/?s={search_term_string}"},"query-input":{"@type":"PropertyValueSpecification","valueRequired":true,"valueName":"search_term_string"}}],"inLanguage":"es"},{"@type":"Person","@id":"https:\/\/zacatecastrespuntocero.news\/#\/schema\/person\/a2399b2ec551c85a553c7e32e0eb5f01","name":"Redacci\u00f3n Zacatecas 3.0","image":{"@type":"ImageObject","inLanguage":"es","@id":"https:\/\/zacatecastrespuntocero.news\/#\/schema\/person\/image\/","url":"https:\/\/secure.gravatar.com\/avatar\/898fb33ef49f211210b8183325052d3ced37d55b713857db60393870972a9248?s=96&d=mm&r=g","contentUrl":"https:\/\/secure.gravatar.com\/avatar\/898fb33ef49f211210b8183325052d3ced37d55b713857db60393870972a9248?s=96&d=mm&r=g","caption":"Redacci\u00f3n Zacatecas 3.0"},"sameAs":["http:\/\/zacatecastrespuntocero.news"],"url":"https:\/\/zacatecastrespuntocero.news\/?author=2"}]}},"_links":{"self":[{"href":"https:\/\/zacatecastrespuntocero.news\/index.php?rest_route=\/wp\/v2\/posts\/17086","targetHints":{"allow":["GET"]}}],"collection":[{"href":"https:\/\/zacatecastrespuntocero.news\/index.php?rest_route=\/wp\/v2\/posts"}],"about":[{"href":"https:\/\/zacatecastrespuntocero.news\/index.php?rest_route=\/wp\/v2\/types\/post"}],"author":[{"embeddable":true,"href":"https:\/\/zacatecastrespuntocero.news\/index.php?rest_route=\/wp\/v2\/users\/2"}],"replies":[{"embeddable":true,"href":"https:\/\/zacatecastrespuntocero.news\/index.php?rest_route=%2Fwp%2Fv2%2Fcomments&post=17086"}],"version-history":[{"count":1,"href":"https:\/\/zacatecastrespuntocero.news\/index.php?rest_route=\/wp\/v2\/posts\/17086\/revisions"}],"predecessor-version":[{"id":17088,"href":"https:\/\/zacatecastrespuntocero.news\/index.php?rest_route=\/wp\/v2\/posts\/17086\/revisions\/17088"}],"wp:featuredmedia":[{"embeddable":true,"href":"https:\/\/zacatecastrespuntocero.news\/index.php?rest_route=\/wp\/v2\/media\/17087"}],"wp:attachment":[{"href":"https:\/\/zacatecastrespuntocero.news\/index.php?rest_route=%2Fwp%2Fv2%2Fmedia&parent=17086"}],"wp:term":[{"taxonomy":"category","embeddable":true,"href":"https:\/\/zacatecastrespuntocero.news\/index.php?rest_route=%2Fwp%2Fv2%2Fcategories&post=17086"},{"taxonomy":"post_tag","embeddable":true,"href":"https:\/\/zacatecastrespuntocero.news\/index.php?rest_route=%2Fwp%2Fv2%2Ftags&post=17086"}],"curies":[{"name":"wp","href":"https:\/\/api.w.org\/{rel}","templated":true}]}}