{"id":18732,"date":"2026-04-29T14:55:04","date_gmt":"2026-04-29T14:55:04","guid":{"rendered":"https:\/\/zacatecastrespuntocero.news\/?p=18732"},"modified":"2026-04-29T14:55:04","modified_gmt":"2026-04-29T14:55:04","slug":"ola-de-calor-eleva-temperaturas-y-pone-en-alerta-al-estado","status":"publish","type":"post","link":"https:\/\/zacatecastrespuntocero.news\/?p=18732","title":{"rendered":"Ola de calor eleva temperaturas y pone en alerta al estado"},"content":{"rendered":"<p>&nbsp;<\/p>\n<p>La intensa onda de calor contin\u00faa golpeando a Zacatecas y mantendr\u00e1 temperaturas extremas durante este d\u00eda, con m\u00e1ximas de entre 35 y 40 grados cent\u00edgrados, principalmente en municipios del sur de la entidad, donde el riesgo por exposici\u00f3n al sol es mayor.<\/p>\n<p>De acuerdo con la Coordinaci\u00f3n Estatal de Protecci\u00f3n Civil, la capital zacatecana tambi\u00e9n resentir\u00e1 el calor con temperaturas que podr\u00edan alcanzar los 32 grados, bajo un cielo parcialmente nublado, lo que no reduce el peligro por radiaci\u00f3n solar.<\/p>\n<p>Las autoridades exhortaron a la poblaci\u00f3n a mantenerse hidratada, evitar exposici\u00f3n prolongada al sol y reducir actividades f\u00edsicas al aire libre durante las horas de mayor intensidad, ya que el calor extremo puede provocar golpes de calor y deshidrataci\u00f3n.<\/p>\n","protected":false},"excerpt":{"rendered":"<p>&nbsp; La intensa onda de calor contin\u00faa golpeando a Zacatecas y mantendr\u00e1 temperaturas extremas durante este d\u00eda, con m\u00e1ximas de entre 35 y 40 grados cent\u00edgrados, principalmente en municipios del sur de la entidad, donde el riesgo por exposici\u00f3n al sol es mayor. De acuerdo con la Coordinaci\u00f3n Estatal de Protecci\u00f3n Civil, la capital zacatecana [&hellip;]<\/p>\n","protected":false},"author":2,"featured_media":18733,"comment_status":"open","ping_status":"open","sticky":false,"template":"","format":"image","meta":{"footnotes":""},"categories":[38],"tags":[],"class_list":["post-18732","post","type-post","status-publish","format-image","has-post-thumbnail","hentry","category-estatal","post_format-post-format-image"],"yoast_head":"<!-- This site is optimized with the Yoast SEO plugin v24.7 - https:\/\/yoast.com\/wordpress\/plugins\/seo\/ -->\n<title>Ola de calor eleva temperaturas y pone en alerta al estado - Zacatecas 3.0<\/title>\n<meta name=\"robots\" content=\"index, follow, max-snippet:-1, max-image-preview:large, max-video-preview:-1\" \/>\n<link rel=\"canonical\" href=\"https:\/\/zacatecastrespuntocero.news\/?p=18732\" \/>\n<meta property=\"og:locale\" content=\"es_ES\" \/>\n<meta property=\"og:type\" content=\"article\" \/>\n<meta property=\"og:title\" content=\"Ola de calor eleva temperaturas y pone en alerta al estado - Zacatecas 3.0\" \/>\n<meta property=\"og:description\" content=\"&nbsp; La intensa onda de calor contin\u00faa golpeando a Zacatecas y mantendr\u00e1 temperaturas extremas durante este d\u00eda, con m\u00e1ximas de entre 35 y 40 grados cent\u00edgrados, principalmente en municipios del sur de la entidad, donde el riesgo por exposici\u00f3n al sol es mayor. De acuerdo con la Coordinaci\u00f3n Estatal de Protecci\u00f3n Civil, la capital zacatecana [&hellip;]\" \/>\n<meta property=\"og:url\" content=\"https:\/\/zacatecastrespuntocero.news\/?p=18732\" \/>\n<meta property=\"og:site_name\" content=\"Zacatecas 3.0\" \/>\n<meta property=\"article:published_time\" content=\"2026-04-29T14:55:04+00:00\" \/>\n<meta property=\"og:image\" content=\"https:\/\/zacatecastrespuntocero.news\/wp-content\/uploads\/2026\/04\/IMG_1812.jpeg\" \/>\n\t<meta property=\"og:image:width\" content=\"1178\" \/>\n\t<meta property=\"og:image:height\" content=\"817\" \/>\n\t<meta property=\"og:image:type\" content=\"image\/jpeg\" \/>\n<meta name=\"author\" content=\"Redacci\u00f3n Zacatecas 3.0\" \/>\n<meta name=\"twitter:card\" content=\"summary_large_image\" \/>\n<meta name=\"twitter:label1\" content=\"Escrito por\" \/>\n\t<meta name=\"twitter:data1\" content=\"Redacci\u00f3n Zacatecas 3.0\" \/>\n\t<meta name=\"twitter:label2\" content=\"Tiempo de lectura\" \/>\n\t<meta name=\"twitter:data2\" content=\"1 minuto\" \/>\n<script type=\"application\/ld+json\" class=\"yoast-schema-graph\">{\"@context\":\"https:\/\/schema.org\",\"@graph\":[{\"@type\":\"WebPage\",\"@id\":\"https:\/\/zacatecastrespuntocero.news\/?p=18732\",\"url\":\"https:\/\/zacatecastrespuntocero.news\/?p=18732\",\"name\":\"Ola de calor eleva temperaturas y pone en alerta al estado - Zacatecas 3.0\",\"isPartOf\":{\"@id\":\"https:\/\/zacatecastrespuntocero.news\/#website\"},\"primaryImageOfPage\":{\"@id\":\"https:\/\/zacatecastrespuntocero.news\/?p=18732#primaryimage\"},\"image\":{\"@id\":\"https:\/\/zacatecastrespuntocero.news\/?p=18732#primaryimage\"},\"thumbnailUrl\":\"https:\/\/zacatecastrespuntocero.news\/wp-content\/uploads\/2026\/04\/IMG_1812.jpeg\",\"datePublished\":\"2026-04-29T14:55:04+00:00\",\"author\":{\"@id\":\"https:\/\/zacatecastrespuntocero.news\/#\/schema\/person\/a2399b2ec551c85a553c7e32e0eb5f01\"},\"breadcrumb\":{\"@id\":\"https:\/\/zacatecastrespuntocero.news\/?p=18732#breadcrumb\"},\"inLanguage\":\"es\",\"potentialAction\":[{\"@type\":\"ReadAction\",\"target\":[\"https:\/\/zacatecastrespuntocero.news\/?p=18732\"]}]},{\"@type\":\"ImageObject\",\"inLanguage\":\"es\",\"@id\":\"https:\/\/zacatecastrespuntocero.news\/?p=18732#primaryimage\",\"url\":\"https:\/\/zacatecastrespuntocero.news\/wp-content\/uploads\/2026\/04\/IMG_1812.jpeg\",\"contentUrl\":\"https:\/\/zacatecastrespuntocero.news\/wp-content\/uploads\/2026\/04\/IMG_1812.jpeg\",\"width\":1178,\"height\":817},{\"@type\":\"BreadcrumbList\",\"@id\":\"https:\/\/zacatecastrespuntocero.news\/?p=18732#breadcrumb\",\"itemListElement\":[{\"@type\":\"ListItem\",\"position\":1,\"name\":\"Portada\",\"item\":\"https:\/\/zacatecastrespuntocero.news\/\"},{\"@type\":\"ListItem\",\"position\":2,\"name\":\"Ola de calor eleva temperaturas y pone en alerta al estado\"}]},{\"@type\":\"WebSite\",\"@id\":\"https:\/\/zacatecastrespuntocero.news\/#website\",\"url\":\"https:\/\/zacatecastrespuntocero.news\/\",\"name\":\"Zacatecas 3.0\",\"description\":\"\",\"potentialAction\":[{\"@type\":\"SearchAction\",\"target\":{\"@type\":\"EntryPoint\",\"urlTemplate\":\"https:\/\/zacatecastrespuntocero.news\/?s={search_term_string}\"},\"query-input\":{\"@type\":\"PropertyValueSpecification\",\"valueRequired\":true,\"valueName\":\"search_term_string\"}}],\"inLanguage\":\"es\"},{\"@type\":\"Person\",\"@id\":\"https:\/\/zacatecastrespuntocero.news\/#\/schema\/person\/a2399b2ec551c85a553c7e32e0eb5f01\",\"name\":\"Redacci\u00f3n Zacatecas 3.0\",\"image\":{\"@type\":\"ImageObject\",\"inLanguage\":\"es\",\"@id\":\"https:\/\/zacatecastrespuntocero.news\/#\/schema\/person\/image\/\",\"url\":\"https:\/\/secure.gravatar.com\/avatar\/898fb33ef49f211210b8183325052d3ced37d55b713857db60393870972a9248?s=96&d=mm&r=g\",\"contentUrl\":\"https:\/\/secure.gravatar.com\/avatar\/898fb33ef49f211210b8183325052d3ced37d55b713857db60393870972a9248?s=96&d=mm&r=g\",\"caption\":\"Redacci\u00f3n Zacatecas 3.0\"},\"sameAs\":[\"http:\/\/zacatecastrespuntocero.news\"],\"url\":\"https:\/\/zacatecastrespuntocero.news\/?author=2\"}]}<\/script>\n<!-- \/ Yoast SEO plugin. -->","yoast_head_json":{"title":"Ola de calor eleva temperaturas y pone en alerta al estado - Zacatecas 3.0","robots":{"index":"index","follow":"follow","max-snippet":"max-snippet:-1","max-image-preview":"max-image-preview:large","max-video-preview":"max-video-preview:-1"},"canonical":"https:\/\/zacatecastrespuntocero.news\/?p=18732","og_locale":"es_ES","og_type":"article","og_title":"Ola de calor eleva temperaturas y pone en alerta al estado - Zacatecas 3.0","og_description":"&nbsp; La intensa onda de calor contin\u00faa golpeando a Zacatecas y mantendr\u00e1 temperaturas extremas durante este d\u00eda, con m\u00e1ximas de entre 35 y 40 grados cent\u00edgrados, principalmente en municipios del sur de la entidad, donde el riesgo por exposici\u00f3n al sol es mayor. De acuerdo con la Coordinaci\u00f3n Estatal de Protecci\u00f3n Civil, la capital zacatecana [&hellip;]","og_url":"https:\/\/zacatecastrespuntocero.news\/?p=18732","og_site_name":"Zacatecas 3.0","article_published_time":"2026-04-29T14:55:04+00:00","og_image":[{"width":1178,"height":817,"url":"https:\/\/zacatecastrespuntocero.news\/wp-content\/uploads\/2026\/04\/IMG_1812.jpeg","type":"image\/jpeg"}],"author":"Redacci\u00f3n Zacatecas 3.0","twitter_card":"summary_large_image","twitter_misc":{"Escrito por":"Redacci\u00f3n Zacatecas 3.0","Tiempo de lectura":"1 minuto"},"schema":{"@context":"https:\/\/schema.org","@graph":[{"@type":"WebPage","@id":"https:\/\/zacatecastrespuntocero.news\/?p=18732","url":"https:\/\/zacatecastrespuntocero.news\/?p=18732","name":"Ola de calor eleva temperaturas y pone en alerta al estado - Zacatecas 3.0","isPartOf":{"@id":"https:\/\/zacatecastrespuntocero.news\/#website"},"primaryImageOfPage":{"@id":"https:\/\/zacatecastrespuntocero.news\/?p=18732#primaryimage"},"image":{"@id":"https:\/\/zacatecastrespuntocero.news\/?p=18732#primaryimage"},"thumbnailUrl":"https:\/\/zacatecastrespuntocero.news\/wp-content\/uploads\/2026\/04\/IMG_1812.jpeg","datePublished":"2026-04-29T14:55:04+00:00","author":{"@id":"https:\/\/zacatecastrespuntocero.news\/#\/schema\/person\/a2399b2ec551c85a553c7e32e0eb5f01"},"breadcrumb":{"@id":"https:\/\/zacatecastrespuntocero.news\/?p=18732#breadcrumb"},"inLanguage":"es","potentialAction":[{"@type":"ReadAction","target":["https:\/\/zacatecastrespuntocero.news\/?p=18732"]}]},{"@type":"ImageObject","inLanguage":"es","@id":"https:\/\/zacatecastrespuntocero.news\/?p=18732#primaryimage","url":"https:\/\/zacatecastrespuntocero.news\/wp-content\/uploads\/2026\/04\/IMG_1812.jpeg","contentUrl":"https:\/\/zacatecastrespuntocero.news\/wp-content\/uploads\/2026\/04\/IMG_1812.jpeg","width":1178,"height":817},{"@type":"BreadcrumbList","@id":"https:\/\/zacatecastrespuntocero.news\/?p=18732#breadcrumb","itemListElement":[{"@type":"ListItem","position":1,"name":"Portada","item":"https:\/\/zacatecastrespuntocero.news\/"},{"@type":"ListItem","position":2,"name":"Ola de calor eleva temperaturas y pone en alerta al estado"}]},{"@type":"WebSite","@id":"https:\/\/zacatecastrespuntocero.news\/#website","url":"https:\/\/zacatecastrespuntocero.news\/","name":"Zacatecas 3.0","description":"","potentialAction":[{"@type":"SearchAction","target":{"@type":"EntryPoint","urlTemplate":"https:\/\/zacatecastrespuntocero.news\/?s={search_term_string}"},"query-input":{"@type":"PropertyValueSpecification","valueRequired":true,"valueName":"search_term_string"}}],"inLanguage":"es"},{"@type":"Person","@id":"https:\/\/zacatecastrespuntocero.news\/#\/schema\/person\/a2399b2ec551c85a553c7e32e0eb5f01","name":"Redacci\u00f3n Zacatecas 3.0","image":{"@type":"ImageObject","inLanguage":"es","@id":"https:\/\/zacatecastrespuntocero.news\/#\/schema\/person\/image\/","url":"https:\/\/secure.gravatar.com\/avatar\/898fb33ef49f211210b8183325052d3ced37d55b713857db60393870972a9248?s=96&d=mm&r=g","contentUrl":"https:\/\/secure.gravatar.com\/avatar\/898fb33ef49f211210b8183325052d3ced37d55b713857db60393870972a9248?s=96&d=mm&r=g","caption":"Redacci\u00f3n Zacatecas 3.0"},"sameAs":["http:\/\/zacatecastrespuntocero.news"],"url":"https:\/\/zacatecastrespuntocero.news\/?author=2"}]}},"_links":{"self":[{"href":"https:\/\/zacatecastrespuntocero.news\/index.php?rest_route=\/wp\/v2\/posts\/18732","targetHints":{"allow":["GET"]}}],"collection":[{"href":"https:\/\/zacatecastrespuntocero.news\/index.php?rest_route=\/wp\/v2\/posts"}],"about":[{"href":"https:\/\/zacatecastrespuntocero.news\/index.php?rest_route=\/wp\/v2\/types\/post"}],"author":[{"embeddable":true,"href":"https:\/\/zacatecastrespuntocero.news\/index.php?rest_route=\/wp\/v2\/users\/2"}],"replies":[{"embeddable":true,"href":"https:\/\/zacatecastrespuntocero.news\/index.php?rest_route=%2Fwp%2Fv2%2Fcomments&post=18732"}],"version-history":[{"count":1,"href":"https:\/\/zacatecastrespuntocero.news\/index.php?rest_route=\/wp\/v2\/posts\/18732\/revisions"}],"predecessor-version":[{"id":18734,"href":"https:\/\/zacatecastrespuntocero.news\/index.php?rest_route=\/wp\/v2\/posts\/18732\/revisions\/18734"}],"wp:featuredmedia":[{"embeddable":true,"href":"https:\/\/zacatecastrespuntocero.news\/index.php?rest_route=\/wp\/v2\/media\/18733"}],"wp:attachment":[{"href":"https:\/\/zacatecastrespuntocero.news\/index.php?rest_route=%2Fwp%2Fv2%2Fmedia&parent=18732"}],"wp:term":[{"taxonomy":"category","embeddable":true,"href":"https:\/\/zacatecastrespuntocero.news\/index.php?rest_route=%2Fwp%2Fv2%2Fcategories&post=18732"},{"taxonomy":"post_tag","embeddable":true,"href":"https:\/\/zacatecastrespuntocero.news\/index.php?rest_route=%2Fwp%2Fv2%2Ftags&post=18732"}],"curies":[{"name":"wp","href":"https:\/\/api.w.org\/{rel}","templated":true}]}}