{"id":4193,"date":"2025-04-09T18:47:27","date_gmt":"2025-04-09T18:47:27","guid":{"rendered":"https:\/\/zacatecastrespuntocero.news\/?p=4193"},"modified":"2025-04-09T19:08:51","modified_gmt":"2025-04-09T19:08:51","slug":"muere-bebe-tras-incendio-en-su-vivienda","status":"publish","type":"post","link":"https:\/\/zacatecastrespuntocero.news\/?p=4193","title":{"rendered":"Muere beb\u00e9 tras incendio en su vivienda"},"content":{"rendered":"<p>La ma\u00f1ana de este mi\u00e9rcoles, un beb\u00e9 perdi\u00f3 la vida luego de que se incendiara la vivienda en la que se encontraba. A pesar de la r\u00e1pida llegada de las autoridades, el fuego se propag\u00f3 en cuesti\u00f3n de segundos por todo el inmueble, sin dar oportunidad de rescate.<\/p>\n<p>El tr\u00e1gico incidente ocurri\u00f3 en la comunidad de San Jos\u00e9 del Alamito, en Fresnillo, a pocos metros de la carretera federal 44 que conduce a Valpara\u00edso.<\/p>\n<p>Elementos de Protecci\u00f3n Civil acudieron al lugar y realizaron labores para sofocar las llamas. En el sitio tambi\u00e9n fue localizada la madre del menor, cuyo estado de salud a\u00fan no ha sido confirmado por las autoridades.<\/p>\n","protected":false},"excerpt":{"rendered":"<p>La ma\u00f1ana de este mi\u00e9rcoles, un beb\u00e9 perdi\u00f3 la vida luego de que se incendiara la vivienda en la que se encontraba. A pesar de la r\u00e1pida llegada de las autoridades, el fuego se propag\u00f3 en cuesti\u00f3n de segundos por todo el inmueble, sin dar oportunidad de rescate. El tr\u00e1gico incidente ocurri\u00f3 en la comunidad [&hellip;]<\/p>\n","protected":false},"author":2,"featured_media":4199,"comment_status":"open","ping_status":"open","sticky":false,"template":"","format":"image","meta":{"footnotes":""},"categories":[38,125],"tags":[123,91,157,50],"class_list":["post-4193","post","type-post","status-publish","format-image","has-post-thumbnail","hentry","category-estatal","category-seguridad","tag-fresnillo","tag-incendio","tag-muerte","tag-seguridad","post_format-post-format-image"],"yoast_head":"<!-- This site is optimized with the Yoast SEO plugin v24.7 - https:\/\/yoast.com\/wordpress\/plugins\/seo\/ -->\n<title>Muere beb\u00e9 tras incendio en su vivienda - Zacatecas 3.0<\/title>\n<meta name=\"robots\" content=\"index, follow, max-snippet:-1, max-image-preview:large, max-video-preview:-1\" \/>\n<link rel=\"canonical\" href=\"https:\/\/zacatecastrespuntocero.news\/?p=4193\" \/>\n<meta property=\"og:locale\" content=\"es_ES\" \/>\n<meta property=\"og:type\" content=\"article\" \/>\n<meta property=\"og:title\" content=\"Muere beb\u00e9 tras incendio en su vivienda - Zacatecas 3.0\" \/>\n<meta property=\"og:description\" content=\"La ma\u00f1ana de este mi\u00e9rcoles, un beb\u00e9 perdi\u00f3 la vida luego de que se incendiara la vivienda en la que se encontraba. A pesar de la r\u00e1pida llegada de las autoridades, el fuego se propag\u00f3 en cuesti\u00f3n de segundos por todo el inmueble, sin dar oportunidad de rescate. El tr\u00e1gico incidente ocurri\u00f3 en la comunidad [&hellip;]\" \/>\n<meta property=\"og:url\" content=\"https:\/\/zacatecastrespuntocero.news\/?p=4193\" \/>\n<meta property=\"og:site_name\" content=\"Zacatecas 3.0\" \/>\n<meta property=\"article:published_time\" content=\"2025-04-09T18:47:27+00:00\" \/>\n<meta property=\"article:modified_time\" content=\"2025-04-09T19:08:51+00:00\" \/>\n<meta property=\"og:image\" content=\"https:\/\/zacatecastrespuntocero.news\/wp-content\/uploads\/2025\/04\/WhatsApp-Image-2025-04-09-at-12.53.38-PM.jpeg\" \/>\n\t<meta property=\"og:image:width\" content=\"1156\" \/>\n\t<meta property=\"og:image:height\" content=\"868\" \/>\n\t<meta property=\"og:image:type\" content=\"image\/jpeg\" \/>\n<meta name=\"author\" content=\"Redacci\u00f3n Zacatecas 3.0\" \/>\n<meta name=\"twitter:card\" content=\"summary_large_image\" \/>\n<meta name=\"twitter:label1\" content=\"Escrito por\" \/>\n\t<meta name=\"twitter:data1\" content=\"Redacci\u00f3n Zacatecas 3.0\" \/>\n\t<meta name=\"twitter:label2\" content=\"Tiempo de lectura\" \/>\n\t<meta name=\"twitter:data2\" content=\"1 minuto\" \/>\n<script type=\"application\/ld+json\" class=\"yoast-schema-graph\">{\"@context\":\"https:\/\/schema.org\",\"@graph\":[{\"@type\":\"WebPage\",\"@id\":\"https:\/\/zacatecastrespuntocero.news\/?p=4193\",\"url\":\"https:\/\/zacatecastrespuntocero.news\/?p=4193\",\"name\":\"Muere beb\u00e9 tras incendio en su vivienda - Zacatecas 3.0\",\"isPartOf\":{\"@id\":\"https:\/\/zacatecastrespuntocero.news\/#website\"},\"primaryImageOfPage\":{\"@id\":\"https:\/\/zacatecastrespuntocero.news\/?p=4193#primaryimage\"},\"image\":{\"@id\":\"https:\/\/zacatecastrespuntocero.news\/?p=4193#primaryimage\"},\"thumbnailUrl\":\"https:\/\/zacatecastrespuntocero.news\/wp-content\/uploads\/2025\/04\/WhatsApp-Image-2025-04-09-at-12.53.38-PM.jpeg\",\"datePublished\":\"2025-04-09T18:47:27+00:00\",\"dateModified\":\"2025-04-09T19:08:51+00:00\",\"author\":{\"@id\":\"https:\/\/zacatecastrespuntocero.news\/#\/schema\/person\/a2399b2ec551c85a553c7e32e0eb5f01\"},\"breadcrumb\":{\"@id\":\"https:\/\/zacatecastrespuntocero.news\/?p=4193#breadcrumb\"},\"inLanguage\":\"es\",\"potentialAction\":[{\"@type\":\"ReadAction\",\"target\":[\"https:\/\/zacatecastrespuntocero.news\/?p=4193\"]}]},{\"@type\":\"ImageObject\",\"inLanguage\":\"es\",\"@id\":\"https:\/\/zacatecastrespuntocero.news\/?p=4193#primaryimage\",\"url\":\"https:\/\/zacatecastrespuntocero.news\/wp-content\/uploads\/2025\/04\/WhatsApp-Image-2025-04-09-at-12.53.38-PM.jpeg\",\"contentUrl\":\"https:\/\/zacatecastrespuntocero.news\/wp-content\/uploads\/2025\/04\/WhatsApp-Image-2025-04-09-at-12.53.38-PM.jpeg\",\"width\":1156,\"height\":868},{\"@type\":\"BreadcrumbList\",\"@id\":\"https:\/\/zacatecastrespuntocero.news\/?p=4193#breadcrumb\",\"itemListElement\":[{\"@type\":\"ListItem\",\"position\":1,\"name\":\"Portada\",\"item\":\"https:\/\/zacatecastrespuntocero.news\/\"},{\"@type\":\"ListItem\",\"position\":2,\"name\":\"Muere beb\u00e9 tras incendio en su vivienda\"}]},{\"@type\":\"WebSite\",\"@id\":\"https:\/\/zacatecastrespuntocero.news\/#website\",\"url\":\"https:\/\/zacatecastrespuntocero.news\/\",\"name\":\"Zacatecas 3.0\",\"description\":\"\",\"potentialAction\":[{\"@type\":\"SearchAction\",\"target\":{\"@type\":\"EntryPoint\",\"urlTemplate\":\"https:\/\/zacatecastrespuntocero.news\/?s={search_term_string}\"},\"query-input\":{\"@type\":\"PropertyValueSpecification\",\"valueRequired\":true,\"valueName\":\"search_term_string\"}}],\"inLanguage\":\"es\"},{\"@type\":\"Person\",\"@id\":\"https:\/\/zacatecastrespuntocero.news\/#\/schema\/person\/a2399b2ec551c85a553c7e32e0eb5f01\",\"name\":\"Redacci\u00f3n Zacatecas 3.0\",\"image\":{\"@type\":\"ImageObject\",\"inLanguage\":\"es\",\"@id\":\"https:\/\/zacatecastrespuntocero.news\/#\/schema\/person\/image\/\",\"url\":\"https:\/\/secure.gravatar.com\/avatar\/898fb33ef49f211210b8183325052d3ced37d55b713857db60393870972a9248?s=96&d=mm&r=g\",\"contentUrl\":\"https:\/\/secure.gravatar.com\/avatar\/898fb33ef49f211210b8183325052d3ced37d55b713857db60393870972a9248?s=96&d=mm&r=g\",\"caption\":\"Redacci\u00f3n Zacatecas 3.0\"},\"sameAs\":[\"http:\/\/zacatecastrespuntocero.news\"],\"url\":\"https:\/\/zacatecastrespuntocero.news\/?author=2\"}]}<\/script>\n<!-- \/ Yoast SEO plugin. -->","yoast_head_json":{"title":"Muere beb\u00e9 tras incendio en su vivienda - Zacatecas 3.0","robots":{"index":"index","follow":"follow","max-snippet":"max-snippet:-1","max-image-preview":"max-image-preview:large","max-video-preview":"max-video-preview:-1"},"canonical":"https:\/\/zacatecastrespuntocero.news\/?p=4193","og_locale":"es_ES","og_type":"article","og_title":"Muere beb\u00e9 tras incendio en su vivienda - Zacatecas 3.0","og_description":"La ma\u00f1ana de este mi\u00e9rcoles, un beb\u00e9 perdi\u00f3 la vida luego de que se incendiara la vivienda en la que se encontraba. A pesar de la r\u00e1pida llegada de las autoridades, el fuego se propag\u00f3 en cuesti\u00f3n de segundos por todo el inmueble, sin dar oportunidad de rescate. El tr\u00e1gico incidente ocurri\u00f3 en la comunidad [&hellip;]","og_url":"https:\/\/zacatecastrespuntocero.news\/?p=4193","og_site_name":"Zacatecas 3.0","article_published_time":"2025-04-09T18:47:27+00:00","article_modified_time":"2025-04-09T19:08:51+00:00","og_image":[{"width":1156,"height":868,"url":"https:\/\/zacatecastrespuntocero.news\/wp-content\/uploads\/2025\/04\/WhatsApp-Image-2025-04-09-at-12.53.38-PM.jpeg","type":"image\/jpeg"}],"author":"Redacci\u00f3n Zacatecas 3.0","twitter_card":"summary_large_image","twitter_misc":{"Escrito por":"Redacci\u00f3n Zacatecas 3.0","Tiempo de lectura":"1 minuto"},"schema":{"@context":"https:\/\/schema.org","@graph":[{"@type":"WebPage","@id":"https:\/\/zacatecastrespuntocero.news\/?p=4193","url":"https:\/\/zacatecastrespuntocero.news\/?p=4193","name":"Muere beb\u00e9 tras incendio en su vivienda - Zacatecas 3.0","isPartOf":{"@id":"https:\/\/zacatecastrespuntocero.news\/#website"},"primaryImageOfPage":{"@id":"https:\/\/zacatecastrespuntocero.news\/?p=4193#primaryimage"},"image":{"@id":"https:\/\/zacatecastrespuntocero.news\/?p=4193#primaryimage"},"thumbnailUrl":"https:\/\/zacatecastrespuntocero.news\/wp-content\/uploads\/2025\/04\/WhatsApp-Image-2025-04-09-at-12.53.38-PM.jpeg","datePublished":"2025-04-09T18:47:27+00:00","dateModified":"2025-04-09T19:08:51+00:00","author":{"@id":"https:\/\/zacatecastrespuntocero.news\/#\/schema\/person\/a2399b2ec551c85a553c7e32e0eb5f01"},"breadcrumb":{"@id":"https:\/\/zacatecastrespuntocero.news\/?p=4193#breadcrumb"},"inLanguage":"es","potentialAction":[{"@type":"ReadAction","target":["https:\/\/zacatecastrespuntocero.news\/?p=4193"]}]},{"@type":"ImageObject","inLanguage":"es","@id":"https:\/\/zacatecastrespuntocero.news\/?p=4193#primaryimage","url":"https:\/\/zacatecastrespuntocero.news\/wp-content\/uploads\/2025\/04\/WhatsApp-Image-2025-04-09-at-12.53.38-PM.jpeg","contentUrl":"https:\/\/zacatecastrespuntocero.news\/wp-content\/uploads\/2025\/04\/WhatsApp-Image-2025-04-09-at-12.53.38-PM.jpeg","width":1156,"height":868},{"@type":"BreadcrumbList","@id":"https:\/\/zacatecastrespuntocero.news\/?p=4193#breadcrumb","itemListElement":[{"@type":"ListItem","position":1,"name":"Portada","item":"https:\/\/zacatecastrespuntocero.news\/"},{"@type":"ListItem","position":2,"name":"Muere beb\u00e9 tras incendio en su vivienda"}]},{"@type":"WebSite","@id":"https:\/\/zacatecastrespuntocero.news\/#website","url":"https:\/\/zacatecastrespuntocero.news\/","name":"Zacatecas 3.0","description":"","potentialAction":[{"@type":"SearchAction","target":{"@type":"EntryPoint","urlTemplate":"https:\/\/zacatecastrespuntocero.news\/?s={search_term_string}"},"query-input":{"@type":"PropertyValueSpecification","valueRequired":true,"valueName":"search_term_string"}}],"inLanguage":"es"},{"@type":"Person","@id":"https:\/\/zacatecastrespuntocero.news\/#\/schema\/person\/a2399b2ec551c85a553c7e32e0eb5f01","name":"Redacci\u00f3n Zacatecas 3.0","image":{"@type":"ImageObject","inLanguage":"es","@id":"https:\/\/zacatecastrespuntocero.news\/#\/schema\/person\/image\/","url":"https:\/\/secure.gravatar.com\/avatar\/898fb33ef49f211210b8183325052d3ced37d55b713857db60393870972a9248?s=96&d=mm&r=g","contentUrl":"https:\/\/secure.gravatar.com\/avatar\/898fb33ef49f211210b8183325052d3ced37d55b713857db60393870972a9248?s=96&d=mm&r=g","caption":"Redacci\u00f3n Zacatecas 3.0"},"sameAs":["http:\/\/zacatecastrespuntocero.news"],"url":"https:\/\/zacatecastrespuntocero.news\/?author=2"}]}},"_links":{"self":[{"href":"https:\/\/zacatecastrespuntocero.news\/index.php?rest_route=\/wp\/v2\/posts\/4193","targetHints":{"allow":["GET"]}}],"collection":[{"href":"https:\/\/zacatecastrespuntocero.news\/index.php?rest_route=\/wp\/v2\/posts"}],"about":[{"href":"https:\/\/zacatecastrespuntocero.news\/index.php?rest_route=\/wp\/v2\/types\/post"}],"author":[{"embeddable":true,"href":"https:\/\/zacatecastrespuntocero.news\/index.php?rest_route=\/wp\/v2\/users\/2"}],"replies":[{"embeddable":true,"href":"https:\/\/zacatecastrespuntocero.news\/index.php?rest_route=%2Fwp%2Fv2%2Fcomments&post=4193"}],"version-history":[{"count":1,"href":"https:\/\/zacatecastrespuntocero.news\/index.php?rest_route=\/wp\/v2\/posts\/4193\/revisions"}],"predecessor-version":[{"id":4195,"href":"https:\/\/zacatecastrespuntocero.news\/index.php?rest_route=\/wp\/v2\/posts\/4193\/revisions\/4195"}],"wp:featuredmedia":[{"embeddable":true,"href":"https:\/\/zacatecastrespuntocero.news\/index.php?rest_route=\/wp\/v2\/media\/4199"}],"wp:attachment":[{"href":"https:\/\/zacatecastrespuntocero.news\/index.php?rest_route=%2Fwp%2Fv2%2Fmedia&parent=4193"}],"wp:term":[{"taxonomy":"category","embeddable":true,"href":"https:\/\/zacatecastrespuntocero.news\/index.php?rest_route=%2Fwp%2Fv2%2Fcategories&post=4193"},{"taxonomy":"post_tag","embeddable":true,"href":"https:\/\/zacatecastrespuntocero.news\/index.php?rest_route=%2Fwp%2Fv2%2Ftags&post=4193"}],"curies":[{"name":"wp","href":"https:\/\/api.w.org\/{rel}","templated":true}]}}