{"id":6134,"date":"2025-05-28T18:07:18","date_gmt":"2025-05-28T18:07:18","guid":{"rendered":"https:\/\/zacatecastrespuntocero.news\/?p=6134"},"modified":"2025-05-28T18:07:18","modified_gmt":"2025-05-28T18:07:18","slug":"descarrila-tren-de-pasajeros-en-cuba-al-menos-18-heridos","status":"publish","type":"post","link":"https:\/\/zacatecastrespuntocero.news\/?p=6134","title":{"rendered":"Descarrila tren de pasajeros en Cuba; al menos 18 heridos"},"content":{"rendered":"<p>Al menos 18 personas resultaron heridas, ninguna de gravedad, tras el descarrilamiento de un tren de pasajeros en la provincia de Camag\u00fcey, al este de Cuba. El convoy transportaba a unos 500 pasajeros cuando ocurri\u00f3 el accidente la noche del martes, alrededor de las 9:45 p.m., en el kil\u00f3metro 522.6 de la l\u00ednea central, a la altura de El C\u00e1rnico.<\/p>\n<p>El accidente se produjo cuando la locomotora y parte del tren \u2014compuesto por once vagones\u2014 se sali\u00f3 de las v\u00edas por causas a\u00fan no determinadas. Como consecuencia del incidente, la locomotora y dos vagones de pasajeros sufrieron da\u00f1os materiales.<\/p>\n<p>Los 18 heridos fueron trasladados al hospital provincial Manuel Ascunce Domenech, en la ciudad de Camag\u00fcey. Seg\u00fan reportes m\u00e9dicos, las lesiones incluyen contusiones, perforaciones y fracturas, pero ninguna pone en riesgo la vida de los afectados.<\/p>\n<p>Autoridades del Ministerio del Transporte y del Ministerio del Interior se encuentran investigando el origen del siniestro. El ministro de Transporte, Eduardo Rodr\u00edguez D\u00e1vila, ofreci\u00f3 disculpas p\u00fablicas y asegur\u00f3 que se trabaja para resolver la situaci\u00f3n con la mayor prontitud posible.<\/p>\n","protected":false},"excerpt":{"rendered":"<p>Al menos 18 personas resultaron heridas, ninguna de gravedad, tras el descarrilamiento de un tren de pasajeros en la provincia de Camag\u00fcey, al este de Cuba. El convoy transportaba a unos 500 pasajeros cuando ocurri\u00f3 el accidente la noche del martes, alrededor de las 9:45 p.m., en el kil\u00f3metro 522.6 de la l\u00ednea central, a [&hellip;]<\/p>\n","protected":false},"author":2,"featured_media":6135,"comment_status":"open","ping_status":"open","sticky":false,"template":"","format":"image","meta":{"footnotes":""},"categories":[40],"tags":[],"class_list":["post-6134","post","type-post","status-publish","format-image","has-post-thumbnail","hentry","category-internacional","post_format-post-format-image"],"yoast_head":"<!-- This site is optimized with the Yoast SEO plugin v24.7 - https:\/\/yoast.com\/wordpress\/plugins\/seo\/ -->\n<title>Descarrila tren de pasajeros en Cuba; al menos 18 heridos - Zacatecas 3.0<\/title>\n<meta name=\"description\" content=\"Al menos 18 personas resultaron heridas, ninguna de gravedad, tras el descarrilamiento de un tren de pasajeros en la provincia de Camag\u00fcey, al este de Cuba. El convoy transportaba a unos 500 pasajeros cuando ocurri\u00f3 el accidente la noche del martes, alrededor de las 9:45 p.m., en el kil\u00f3metro 522.6 de la l\u00ednea central, a la altura de El C\u00e1rnico.\" \/>\n<meta name=\"robots\" content=\"index, follow, max-snippet:-1, max-image-preview:large, max-video-preview:-1\" \/>\n<link rel=\"canonical\" href=\"https:\/\/zacatecastrespuntocero.news\/?p=6134\" \/>\n<meta property=\"og:locale\" content=\"es_ES\" \/>\n<meta property=\"og:type\" content=\"article\" \/>\n<meta property=\"og:title\" content=\"Descarrila tren de pasajeros en Cuba; al menos 18 heridos - Zacatecas 3.0\" \/>\n<meta property=\"og:description\" content=\"Al menos 18 personas resultaron heridas, ninguna de gravedad, tras el descarrilamiento de un tren de pasajeros en la provincia de Camag\u00fcey, al este de Cuba. El convoy transportaba a unos 500 pasajeros cuando ocurri\u00f3 el accidente la noche del martes, alrededor de las 9:45 p.m., en el kil\u00f3metro 522.6 de la l\u00ednea central, a la altura de El C\u00e1rnico.\" \/>\n<meta property=\"og:url\" content=\"https:\/\/zacatecastrespuntocero.news\/?p=6134\" \/>\n<meta property=\"og:site_name\" content=\"Zacatecas 3.0\" \/>\n<meta property=\"article:published_time\" content=\"2025-05-28T18:07:18+00:00\" \/>\n<meta property=\"og:image\" content=\"https:\/\/zacatecastrespuntocero.news\/wp-content\/uploads\/2025\/05\/WhatsApp-Image-2025-05-28-at-10.30.06-AM.jpeg\" \/>\n\t<meta property=\"og:image:width\" content=\"1440\" \/>\n\t<meta property=\"og:image:height\" content=\"960\" \/>\n\t<meta property=\"og:image:type\" content=\"image\/jpeg\" \/>\n<meta name=\"author\" content=\"Redacci\u00f3n Zacatecas 3.0\" \/>\n<meta name=\"twitter:card\" content=\"summary_large_image\" \/>\n<meta name=\"twitter:label1\" content=\"Escrito por\" \/>\n\t<meta name=\"twitter:data1\" content=\"Redacci\u00f3n Zacatecas 3.0\" \/>\n\t<meta name=\"twitter:label2\" content=\"Tiempo de lectura\" \/>\n\t<meta name=\"twitter:data2\" content=\"2 minutos\" \/>\n<script type=\"application\/ld+json\" class=\"yoast-schema-graph\">{\"@context\":\"https:\/\/schema.org\",\"@graph\":[{\"@type\":\"WebPage\",\"@id\":\"https:\/\/zacatecastrespuntocero.news\/?p=6134\",\"url\":\"https:\/\/zacatecastrespuntocero.news\/?p=6134\",\"name\":\"Descarrila tren de pasajeros en Cuba; al menos 18 heridos - Zacatecas 3.0\",\"isPartOf\":{\"@id\":\"https:\/\/zacatecastrespuntocero.news\/#website\"},\"primaryImageOfPage\":{\"@id\":\"https:\/\/zacatecastrespuntocero.news\/?p=6134#primaryimage\"},\"image\":{\"@id\":\"https:\/\/zacatecastrespuntocero.news\/?p=6134#primaryimage\"},\"thumbnailUrl\":\"https:\/\/zacatecastrespuntocero.news\/wp-content\/uploads\/2025\/05\/WhatsApp-Image-2025-05-28-at-10.30.06-AM.jpeg\",\"datePublished\":\"2025-05-28T18:07:18+00:00\",\"author\":{\"@id\":\"https:\/\/zacatecastrespuntocero.news\/#\/schema\/person\/a2399b2ec551c85a553c7e32e0eb5f01\"},\"description\":\"Al menos 18 personas resultaron heridas, ninguna de gravedad, tras el descarrilamiento de un tren de pasajeros en la provincia de Camag\u00fcey, al este de Cuba. El convoy transportaba a unos 500 pasajeros cuando ocurri\u00f3 el accidente la noche del martes, alrededor de las 9:45 p.m., en el kil\u00f3metro 522.6 de la l\u00ednea central, a la altura de El C\u00e1rnico.\",\"breadcrumb\":{\"@id\":\"https:\/\/zacatecastrespuntocero.news\/?p=6134#breadcrumb\"},\"inLanguage\":\"es\",\"potentialAction\":[{\"@type\":\"ReadAction\",\"target\":[\"https:\/\/zacatecastrespuntocero.news\/?p=6134\"]}]},{\"@type\":\"ImageObject\",\"inLanguage\":\"es\",\"@id\":\"https:\/\/zacatecastrespuntocero.news\/?p=6134#primaryimage\",\"url\":\"https:\/\/zacatecastrespuntocero.news\/wp-content\/uploads\/2025\/05\/WhatsApp-Image-2025-05-28-at-10.30.06-AM.jpeg\",\"contentUrl\":\"https:\/\/zacatecastrespuntocero.news\/wp-content\/uploads\/2025\/05\/WhatsApp-Image-2025-05-28-at-10.30.06-AM.jpeg\",\"width\":1440,\"height\":960},{\"@type\":\"BreadcrumbList\",\"@id\":\"https:\/\/zacatecastrespuntocero.news\/?p=6134#breadcrumb\",\"itemListElement\":[{\"@type\":\"ListItem\",\"position\":1,\"name\":\"Portada\",\"item\":\"https:\/\/zacatecastrespuntocero.news\/\"},{\"@type\":\"ListItem\",\"position\":2,\"name\":\"Descarrila tren de pasajeros en Cuba; al menos 18 heridos\"}]},{\"@type\":\"WebSite\",\"@id\":\"https:\/\/zacatecastrespuntocero.news\/#website\",\"url\":\"https:\/\/zacatecastrespuntocero.news\/\",\"name\":\"Zacatecas 3.0\",\"description\":\"\",\"potentialAction\":[{\"@type\":\"SearchAction\",\"target\":{\"@type\":\"EntryPoint\",\"urlTemplate\":\"https:\/\/zacatecastrespuntocero.news\/?s={search_term_string}\"},\"query-input\":{\"@type\":\"PropertyValueSpecification\",\"valueRequired\":true,\"valueName\":\"search_term_string\"}}],\"inLanguage\":\"es\"},{\"@type\":\"Person\",\"@id\":\"https:\/\/zacatecastrespuntocero.news\/#\/schema\/person\/a2399b2ec551c85a553c7e32e0eb5f01\",\"name\":\"Redacci\u00f3n Zacatecas 3.0\",\"image\":{\"@type\":\"ImageObject\",\"inLanguage\":\"es\",\"@id\":\"https:\/\/zacatecastrespuntocero.news\/#\/schema\/person\/image\/\",\"url\":\"https:\/\/secure.gravatar.com\/avatar\/898fb33ef49f211210b8183325052d3ced37d55b713857db60393870972a9248?s=96&d=mm&r=g\",\"contentUrl\":\"https:\/\/secure.gravatar.com\/avatar\/898fb33ef49f211210b8183325052d3ced37d55b713857db60393870972a9248?s=96&d=mm&r=g\",\"caption\":\"Redacci\u00f3n Zacatecas 3.0\"},\"sameAs\":[\"http:\/\/zacatecastrespuntocero.news\"],\"url\":\"https:\/\/zacatecastrespuntocero.news\/?author=2\"}]}<\/script>\n<!-- \/ Yoast SEO plugin. -->","yoast_head_json":{"title":"Descarrila tren de pasajeros en Cuba; al menos 18 heridos - Zacatecas 3.0","description":"Al menos 18 personas resultaron heridas, ninguna de gravedad, tras el descarrilamiento de un tren de pasajeros en la provincia de Camag\u00fcey, al este de Cuba. El convoy transportaba a unos 500 pasajeros cuando ocurri\u00f3 el accidente la noche del martes, alrededor de las 9:45 p.m., en el kil\u00f3metro 522.6 de la l\u00ednea central, a la altura de El C\u00e1rnico.","robots":{"index":"index","follow":"follow","max-snippet":"max-snippet:-1","max-image-preview":"max-image-preview:large","max-video-preview":"max-video-preview:-1"},"canonical":"https:\/\/zacatecastrespuntocero.news\/?p=6134","og_locale":"es_ES","og_type":"article","og_title":"Descarrila tren de pasajeros en Cuba; al menos 18 heridos - Zacatecas 3.0","og_description":"Al menos 18 personas resultaron heridas, ninguna de gravedad, tras el descarrilamiento de un tren de pasajeros en la provincia de Camag\u00fcey, al este de Cuba. El convoy transportaba a unos 500 pasajeros cuando ocurri\u00f3 el accidente la noche del martes, alrededor de las 9:45 p.m., en el kil\u00f3metro 522.6 de la l\u00ednea central, a la altura de El C\u00e1rnico.","og_url":"https:\/\/zacatecastrespuntocero.news\/?p=6134","og_site_name":"Zacatecas 3.0","article_published_time":"2025-05-28T18:07:18+00:00","og_image":[{"width":1440,"height":960,"url":"https:\/\/zacatecastrespuntocero.news\/wp-content\/uploads\/2025\/05\/WhatsApp-Image-2025-05-28-at-10.30.06-AM.jpeg","type":"image\/jpeg"}],"author":"Redacci\u00f3n Zacatecas 3.0","twitter_card":"summary_large_image","twitter_misc":{"Escrito por":"Redacci\u00f3n Zacatecas 3.0","Tiempo de lectura":"2 minutos"},"schema":{"@context":"https:\/\/schema.org","@graph":[{"@type":"WebPage","@id":"https:\/\/zacatecastrespuntocero.news\/?p=6134","url":"https:\/\/zacatecastrespuntocero.news\/?p=6134","name":"Descarrila tren de pasajeros en Cuba; al menos 18 heridos - Zacatecas 3.0","isPartOf":{"@id":"https:\/\/zacatecastrespuntocero.news\/#website"},"primaryImageOfPage":{"@id":"https:\/\/zacatecastrespuntocero.news\/?p=6134#primaryimage"},"image":{"@id":"https:\/\/zacatecastrespuntocero.news\/?p=6134#primaryimage"},"thumbnailUrl":"https:\/\/zacatecastrespuntocero.news\/wp-content\/uploads\/2025\/05\/WhatsApp-Image-2025-05-28-at-10.30.06-AM.jpeg","datePublished":"2025-05-28T18:07:18+00:00","author":{"@id":"https:\/\/zacatecastrespuntocero.news\/#\/schema\/person\/a2399b2ec551c85a553c7e32e0eb5f01"},"description":"Al menos 18 personas resultaron heridas, ninguna de gravedad, tras el descarrilamiento de un tren de pasajeros en la provincia de Camag\u00fcey, al este de Cuba. El convoy transportaba a unos 500 pasajeros cuando ocurri\u00f3 el accidente la noche del martes, alrededor de las 9:45 p.m., en el kil\u00f3metro 522.6 de la l\u00ednea central, a la altura de El C\u00e1rnico.","breadcrumb":{"@id":"https:\/\/zacatecastrespuntocero.news\/?p=6134#breadcrumb"},"inLanguage":"es","potentialAction":[{"@type":"ReadAction","target":["https:\/\/zacatecastrespuntocero.news\/?p=6134"]}]},{"@type":"ImageObject","inLanguage":"es","@id":"https:\/\/zacatecastrespuntocero.news\/?p=6134#primaryimage","url":"https:\/\/zacatecastrespuntocero.news\/wp-content\/uploads\/2025\/05\/WhatsApp-Image-2025-05-28-at-10.30.06-AM.jpeg","contentUrl":"https:\/\/zacatecastrespuntocero.news\/wp-content\/uploads\/2025\/05\/WhatsApp-Image-2025-05-28-at-10.30.06-AM.jpeg","width":1440,"height":960},{"@type":"BreadcrumbList","@id":"https:\/\/zacatecastrespuntocero.news\/?p=6134#breadcrumb","itemListElement":[{"@type":"ListItem","position":1,"name":"Portada","item":"https:\/\/zacatecastrespuntocero.news\/"},{"@type":"ListItem","position":2,"name":"Descarrila tren de pasajeros en Cuba; al menos 18 heridos"}]},{"@type":"WebSite","@id":"https:\/\/zacatecastrespuntocero.news\/#website","url":"https:\/\/zacatecastrespuntocero.news\/","name":"Zacatecas 3.0","description":"","potentialAction":[{"@type":"SearchAction","target":{"@type":"EntryPoint","urlTemplate":"https:\/\/zacatecastrespuntocero.news\/?s={search_term_string}"},"query-input":{"@type":"PropertyValueSpecification","valueRequired":true,"valueName":"search_term_string"}}],"inLanguage":"es"},{"@type":"Person","@id":"https:\/\/zacatecastrespuntocero.news\/#\/schema\/person\/a2399b2ec551c85a553c7e32e0eb5f01","name":"Redacci\u00f3n Zacatecas 3.0","image":{"@type":"ImageObject","inLanguage":"es","@id":"https:\/\/zacatecastrespuntocero.news\/#\/schema\/person\/image\/","url":"https:\/\/secure.gravatar.com\/avatar\/898fb33ef49f211210b8183325052d3ced37d55b713857db60393870972a9248?s=96&d=mm&r=g","contentUrl":"https:\/\/secure.gravatar.com\/avatar\/898fb33ef49f211210b8183325052d3ced37d55b713857db60393870972a9248?s=96&d=mm&r=g","caption":"Redacci\u00f3n Zacatecas 3.0"},"sameAs":["http:\/\/zacatecastrespuntocero.news"],"url":"https:\/\/zacatecastrespuntocero.news\/?author=2"}]}},"_links":{"self":[{"href":"https:\/\/zacatecastrespuntocero.news\/index.php?rest_route=\/wp\/v2\/posts\/6134","targetHints":{"allow":["GET"]}}],"collection":[{"href":"https:\/\/zacatecastrespuntocero.news\/index.php?rest_route=\/wp\/v2\/posts"}],"about":[{"href":"https:\/\/zacatecastrespuntocero.news\/index.php?rest_route=\/wp\/v2\/types\/post"}],"author":[{"embeddable":true,"href":"https:\/\/zacatecastrespuntocero.news\/index.php?rest_route=\/wp\/v2\/users\/2"}],"replies":[{"embeddable":true,"href":"https:\/\/zacatecastrespuntocero.news\/index.php?rest_route=%2Fwp%2Fv2%2Fcomments&post=6134"}],"version-history":[{"count":1,"href":"https:\/\/zacatecastrespuntocero.news\/index.php?rest_route=\/wp\/v2\/posts\/6134\/revisions"}],"predecessor-version":[{"id":6136,"href":"https:\/\/zacatecastrespuntocero.news\/index.php?rest_route=\/wp\/v2\/posts\/6134\/revisions\/6136"}],"wp:featuredmedia":[{"embeddable":true,"href":"https:\/\/zacatecastrespuntocero.news\/index.php?rest_route=\/wp\/v2\/media\/6135"}],"wp:attachment":[{"href":"https:\/\/zacatecastrespuntocero.news\/index.php?rest_route=%2Fwp%2Fv2%2Fmedia&parent=6134"}],"wp:term":[{"taxonomy":"category","embeddable":true,"href":"https:\/\/zacatecastrespuntocero.news\/index.php?rest_route=%2Fwp%2Fv2%2Fcategories&post=6134"},{"taxonomy":"post_tag","embeddable":true,"href":"https:\/\/zacatecastrespuntocero.news\/index.php?rest_route=%2Fwp%2Fv2%2Ftags&post=6134"}],"curies":[{"name":"wp","href":"https:\/\/api.w.org\/{rel}","templated":true}]}}