{"id":6140,"date":"2025-05-28T18:27:48","date_gmt":"2025-05-28T18:27:48","guid":{"rendered":"https:\/\/zacatecastrespuntocero.news\/?p=6140"},"modified":"2025-05-28T18:27:48","modified_gmt":"2025-05-28T18:27:48","slug":"carin-leon-protagoniza-momento-viral-al-quedarse-varado-en-pequeno-auto-en-hermosillo","status":"publish","type":"post","link":"https:\/\/zacatecastrespuntocero.news\/?p=6140","title":{"rendered":"Car\u00edn Le\u00f3n protagoniza momento viral al quedarse varado en peque\u00f1o auto en Hermosillo"},"content":{"rendered":"<p>El cantante Car\u00edn Le\u00f3n fue captado en una escena inusual y divertida cuando qued\u00f3 atrapado en un peque\u00f1o convertible varado en plena v\u00eda p\u00fablica de Hermosillo. El incidente ocurri\u00f3 a plena luz del d\u00eda, en la intersecci\u00f3n de Colosio y San Bernardino, justo frente al instituto Vanguardia, bajo las intensas temperaturas de la capital sonorense.<\/p>\n<p>En un video que r\u00e1pidamente se viraliz\u00f3 en redes sociales, se observa al artista intentando salir del veh\u00edculo con dificultad debido al reducido espacio del auto y su propia estatura. Aunque no se report\u00f3 una falla mec\u00e1nica espec\u00edfica, todo indica que el autom\u00f3vil se detuvo inesperadamente, dej\u00e1ndolo expuesto al fuerte calor.<\/p>\n<p>La grabaci\u00f3n fue publicada por los creadores de contenido @bolohernandez, @yatenemoscanas y @estudihambre, acumulando miles de reacciones en pocas horas. Los internautas respondieron con humor, destacando tanto la gracia del momento como la dureza del clima en Hermosillo.<\/p>\n<p>Una de las frases m\u00e1s comentadas del video fue: \u201cSi a Car\u00edn se le queda tirado el carro (que me espera a m\u00ed que el tablero parece arbolito de navidad)\u201d, reflejando la empat\u00eda del p\u00fablico. La publicaci\u00f3n tambi\u00e9n ironiz\u00f3 sobre el clima extremo al se\u00f1alar: \u201cEst\u00e1 duro el calor en #hermosillo @carinleon\u201d, en alusi\u00f3n al contexto que hizo a\u00fan m\u00e1s inc\u00f3modo el incidente.<\/p>\n","protected":false},"excerpt":{"rendered":"<p>El cantante Car\u00edn Le\u00f3n fue captado en una escena inusual y divertida cuando qued\u00f3 atrapado en un peque\u00f1o convertible varado en plena v\u00eda p\u00fablica de Hermosillo. El incidente ocurri\u00f3 a plena luz del d\u00eda, en la intersecci\u00f3n de Colosio y San Bernardino, justo frente al instituto Vanguardia, bajo las intensas temperaturas de la capital sonorense. [&hellip;]<\/p>\n","protected":false},"author":2,"featured_media":6141,"comment_status":"open","ping_status":"open","sticky":false,"template":"","format":"image","meta":{"footnotes":""},"categories":[64,39],"tags":[],"class_list":["post-6140","post","type-post","status-publish","format-image","has-post-thumbnail","hentry","category-entretenimiento","category-nacional","post_format-post-format-image"],"yoast_head":"<!-- This site is optimized with the Yoast SEO plugin v24.7 - https:\/\/yoast.com\/wordpress\/plugins\/seo\/ -->\n<title>Car\u00edn Le\u00f3n protagoniza momento viral al quedarse varado en peque\u00f1o auto en Hermosillo - Zacatecas 3.0<\/title>\n<meta name=\"description\" content=\"El cantante Car\u00edn Le\u00f3n fue captado en una escena inusual y divertida cuando qued\u00f3 atrapado en un peque\u00f1o convertible varado en plena v\u00eda p\u00fablica de Hermosillo. El incidente ocurri\u00f3 a plena luz del d\u00eda, en la intersecci\u00f3n de Colosio y San Bernardino, justo frente al instituto Vanguardia, bajo las intensas temperaturas de la capital sonorense.\" \/>\n<meta name=\"robots\" content=\"index, follow, max-snippet:-1, max-image-preview:large, max-video-preview:-1\" \/>\n<link rel=\"canonical\" href=\"https:\/\/zacatecastrespuntocero.news\/?p=6140\" \/>\n<meta property=\"og:locale\" content=\"es_ES\" \/>\n<meta property=\"og:type\" content=\"article\" \/>\n<meta property=\"og:title\" content=\"Car\u00edn Le\u00f3n protagoniza momento viral al quedarse varado en peque\u00f1o auto en Hermosillo - Zacatecas 3.0\" \/>\n<meta property=\"og:description\" content=\"El cantante Car\u00edn Le\u00f3n fue captado en una escena inusual y divertida cuando qued\u00f3 atrapado en un peque\u00f1o convertible varado en plena v\u00eda p\u00fablica de Hermosillo. El incidente ocurri\u00f3 a plena luz del d\u00eda, en la intersecci\u00f3n de Colosio y San Bernardino, justo frente al instituto Vanguardia, bajo las intensas temperaturas de la capital sonorense.\" \/>\n<meta property=\"og:url\" content=\"https:\/\/zacatecastrespuntocero.news\/?p=6140\" \/>\n<meta property=\"og:site_name\" content=\"Zacatecas 3.0\" \/>\n<meta property=\"article:published_time\" content=\"2025-05-28T18:27:48+00:00\" \/>\n<meta property=\"og:image\" content=\"https:\/\/zacatecastrespuntocero.news\/wp-content\/uploads\/2025\/05\/WhatsApp-Image-2025-05-28-at-10.30.46-AM.jpeg\" \/>\n\t<meta property=\"og:image:width\" content=\"1080\" \/>\n\t<meta property=\"og:image:height\" content=\"1049\" \/>\n\t<meta property=\"og:image:type\" content=\"image\/jpeg\" \/>\n<meta name=\"author\" content=\"Redacci\u00f3n Zacatecas 3.0\" \/>\n<meta name=\"twitter:card\" content=\"summary_large_image\" \/>\n<meta name=\"twitter:label1\" content=\"Escrito por\" \/>\n\t<meta name=\"twitter:data1\" content=\"Redacci\u00f3n Zacatecas 3.0\" \/>\n\t<meta name=\"twitter:label2\" content=\"Tiempo de lectura\" \/>\n\t<meta name=\"twitter:data2\" content=\"2 minutos\" \/>\n<script type=\"application\/ld+json\" class=\"yoast-schema-graph\">{\"@context\":\"https:\/\/schema.org\",\"@graph\":[{\"@type\":\"WebPage\",\"@id\":\"https:\/\/zacatecastrespuntocero.news\/?p=6140\",\"url\":\"https:\/\/zacatecastrespuntocero.news\/?p=6140\",\"name\":\"Car\u00edn Le\u00f3n protagoniza momento viral al quedarse varado en peque\u00f1o auto en Hermosillo - Zacatecas 3.0\",\"isPartOf\":{\"@id\":\"https:\/\/zacatecastrespuntocero.news\/#website\"},\"primaryImageOfPage\":{\"@id\":\"https:\/\/zacatecastrespuntocero.news\/?p=6140#primaryimage\"},\"image\":{\"@id\":\"https:\/\/zacatecastrespuntocero.news\/?p=6140#primaryimage\"},\"thumbnailUrl\":\"https:\/\/zacatecastrespuntocero.news\/wp-content\/uploads\/2025\/05\/WhatsApp-Image-2025-05-28-at-10.30.46-AM.jpeg\",\"datePublished\":\"2025-05-28T18:27:48+00:00\",\"author\":{\"@id\":\"https:\/\/zacatecastrespuntocero.news\/#\/schema\/person\/a2399b2ec551c85a553c7e32e0eb5f01\"},\"description\":\"El cantante Car\u00edn Le\u00f3n fue captado en una escena inusual y divertida cuando qued\u00f3 atrapado en un peque\u00f1o convertible varado en plena v\u00eda p\u00fablica de Hermosillo. El incidente ocurri\u00f3 a plena luz del d\u00eda, en la intersecci\u00f3n de Colosio y San Bernardino, justo frente al instituto Vanguardia, bajo las intensas temperaturas de la capital sonorense.\",\"breadcrumb\":{\"@id\":\"https:\/\/zacatecastrespuntocero.news\/?p=6140#breadcrumb\"},\"inLanguage\":\"es\",\"potentialAction\":[{\"@type\":\"ReadAction\",\"target\":[\"https:\/\/zacatecastrespuntocero.news\/?p=6140\"]}]},{\"@type\":\"ImageObject\",\"inLanguage\":\"es\",\"@id\":\"https:\/\/zacatecastrespuntocero.news\/?p=6140#primaryimage\",\"url\":\"https:\/\/zacatecastrespuntocero.news\/wp-content\/uploads\/2025\/05\/WhatsApp-Image-2025-05-28-at-10.30.46-AM.jpeg\",\"contentUrl\":\"https:\/\/zacatecastrespuntocero.news\/wp-content\/uploads\/2025\/05\/WhatsApp-Image-2025-05-28-at-10.30.46-AM.jpeg\",\"width\":1080,\"height\":1049},{\"@type\":\"BreadcrumbList\",\"@id\":\"https:\/\/zacatecastrespuntocero.news\/?p=6140#breadcrumb\",\"itemListElement\":[{\"@type\":\"ListItem\",\"position\":1,\"name\":\"Portada\",\"item\":\"https:\/\/zacatecastrespuntocero.news\/\"},{\"@type\":\"ListItem\",\"position\":2,\"name\":\"Car\u00edn Le\u00f3n protagoniza momento viral al quedarse varado en peque\u00f1o auto en Hermosillo\"}]},{\"@type\":\"WebSite\",\"@id\":\"https:\/\/zacatecastrespuntocero.news\/#website\",\"url\":\"https:\/\/zacatecastrespuntocero.news\/\",\"name\":\"Zacatecas 3.0\",\"description\":\"\",\"potentialAction\":[{\"@type\":\"SearchAction\",\"target\":{\"@type\":\"EntryPoint\",\"urlTemplate\":\"https:\/\/zacatecastrespuntocero.news\/?s={search_term_string}\"},\"query-input\":{\"@type\":\"PropertyValueSpecification\",\"valueRequired\":true,\"valueName\":\"search_term_string\"}}],\"inLanguage\":\"es\"},{\"@type\":\"Person\",\"@id\":\"https:\/\/zacatecastrespuntocero.news\/#\/schema\/person\/a2399b2ec551c85a553c7e32e0eb5f01\",\"name\":\"Redacci\u00f3n Zacatecas 3.0\",\"image\":{\"@type\":\"ImageObject\",\"inLanguage\":\"es\",\"@id\":\"https:\/\/zacatecastrespuntocero.news\/#\/schema\/person\/image\/\",\"url\":\"https:\/\/secure.gravatar.com\/avatar\/898fb33ef49f211210b8183325052d3ced37d55b713857db60393870972a9248?s=96&d=mm&r=g\",\"contentUrl\":\"https:\/\/secure.gravatar.com\/avatar\/898fb33ef49f211210b8183325052d3ced37d55b713857db60393870972a9248?s=96&d=mm&r=g\",\"caption\":\"Redacci\u00f3n Zacatecas 3.0\"},\"sameAs\":[\"http:\/\/zacatecastrespuntocero.news\"],\"url\":\"https:\/\/zacatecastrespuntocero.news\/?author=2\"}]}<\/script>\n<!-- \/ Yoast SEO plugin. -->","yoast_head_json":{"title":"Car\u00edn Le\u00f3n protagoniza momento viral al quedarse varado en peque\u00f1o auto en Hermosillo - Zacatecas 3.0","description":"El cantante Car\u00edn Le\u00f3n fue captado en una escena inusual y divertida cuando qued\u00f3 atrapado en un peque\u00f1o convertible varado en plena v\u00eda p\u00fablica de Hermosillo. El incidente ocurri\u00f3 a plena luz del d\u00eda, en la intersecci\u00f3n de Colosio y San Bernardino, justo frente al instituto Vanguardia, bajo las intensas temperaturas de la capital sonorense.","robots":{"index":"index","follow":"follow","max-snippet":"max-snippet:-1","max-image-preview":"max-image-preview:large","max-video-preview":"max-video-preview:-1"},"canonical":"https:\/\/zacatecastrespuntocero.news\/?p=6140","og_locale":"es_ES","og_type":"article","og_title":"Car\u00edn Le\u00f3n protagoniza momento viral al quedarse varado en peque\u00f1o auto en Hermosillo - Zacatecas 3.0","og_description":"El cantante Car\u00edn Le\u00f3n fue captado en una escena inusual y divertida cuando qued\u00f3 atrapado en un peque\u00f1o convertible varado en plena v\u00eda p\u00fablica de Hermosillo. El incidente ocurri\u00f3 a plena luz del d\u00eda, en la intersecci\u00f3n de Colosio y San Bernardino, justo frente al instituto Vanguardia, bajo las intensas temperaturas de la capital sonorense.","og_url":"https:\/\/zacatecastrespuntocero.news\/?p=6140","og_site_name":"Zacatecas 3.0","article_published_time":"2025-05-28T18:27:48+00:00","og_image":[{"width":1080,"height":1049,"url":"https:\/\/zacatecastrespuntocero.news\/wp-content\/uploads\/2025\/05\/WhatsApp-Image-2025-05-28-at-10.30.46-AM.jpeg","type":"image\/jpeg"}],"author":"Redacci\u00f3n Zacatecas 3.0","twitter_card":"summary_large_image","twitter_misc":{"Escrito por":"Redacci\u00f3n Zacatecas 3.0","Tiempo de lectura":"2 minutos"},"schema":{"@context":"https:\/\/schema.org","@graph":[{"@type":"WebPage","@id":"https:\/\/zacatecastrespuntocero.news\/?p=6140","url":"https:\/\/zacatecastrespuntocero.news\/?p=6140","name":"Car\u00edn Le\u00f3n protagoniza momento viral al quedarse varado en peque\u00f1o auto en Hermosillo - Zacatecas 3.0","isPartOf":{"@id":"https:\/\/zacatecastrespuntocero.news\/#website"},"primaryImageOfPage":{"@id":"https:\/\/zacatecastrespuntocero.news\/?p=6140#primaryimage"},"image":{"@id":"https:\/\/zacatecastrespuntocero.news\/?p=6140#primaryimage"},"thumbnailUrl":"https:\/\/zacatecastrespuntocero.news\/wp-content\/uploads\/2025\/05\/WhatsApp-Image-2025-05-28-at-10.30.46-AM.jpeg","datePublished":"2025-05-28T18:27:48+00:00","author":{"@id":"https:\/\/zacatecastrespuntocero.news\/#\/schema\/person\/a2399b2ec551c85a553c7e32e0eb5f01"},"description":"El cantante Car\u00edn Le\u00f3n fue captado en una escena inusual y divertida cuando qued\u00f3 atrapado en un peque\u00f1o convertible varado en plena v\u00eda p\u00fablica de Hermosillo. El incidente ocurri\u00f3 a plena luz del d\u00eda, en la intersecci\u00f3n de Colosio y San Bernardino, justo frente al instituto Vanguardia, bajo las intensas temperaturas de la capital sonorense.","breadcrumb":{"@id":"https:\/\/zacatecastrespuntocero.news\/?p=6140#breadcrumb"},"inLanguage":"es","potentialAction":[{"@type":"ReadAction","target":["https:\/\/zacatecastrespuntocero.news\/?p=6140"]}]},{"@type":"ImageObject","inLanguage":"es","@id":"https:\/\/zacatecastrespuntocero.news\/?p=6140#primaryimage","url":"https:\/\/zacatecastrespuntocero.news\/wp-content\/uploads\/2025\/05\/WhatsApp-Image-2025-05-28-at-10.30.46-AM.jpeg","contentUrl":"https:\/\/zacatecastrespuntocero.news\/wp-content\/uploads\/2025\/05\/WhatsApp-Image-2025-05-28-at-10.30.46-AM.jpeg","width":1080,"height":1049},{"@type":"BreadcrumbList","@id":"https:\/\/zacatecastrespuntocero.news\/?p=6140#breadcrumb","itemListElement":[{"@type":"ListItem","position":1,"name":"Portada","item":"https:\/\/zacatecastrespuntocero.news\/"},{"@type":"ListItem","position":2,"name":"Car\u00edn Le\u00f3n protagoniza momento viral al quedarse varado en peque\u00f1o auto en Hermosillo"}]},{"@type":"WebSite","@id":"https:\/\/zacatecastrespuntocero.news\/#website","url":"https:\/\/zacatecastrespuntocero.news\/","name":"Zacatecas 3.0","description":"","potentialAction":[{"@type":"SearchAction","target":{"@type":"EntryPoint","urlTemplate":"https:\/\/zacatecastrespuntocero.news\/?s={search_term_string}"},"query-input":{"@type":"PropertyValueSpecification","valueRequired":true,"valueName":"search_term_string"}}],"inLanguage":"es"},{"@type":"Person","@id":"https:\/\/zacatecastrespuntocero.news\/#\/schema\/person\/a2399b2ec551c85a553c7e32e0eb5f01","name":"Redacci\u00f3n Zacatecas 3.0","image":{"@type":"ImageObject","inLanguage":"es","@id":"https:\/\/zacatecastrespuntocero.news\/#\/schema\/person\/image\/","url":"https:\/\/secure.gravatar.com\/avatar\/898fb33ef49f211210b8183325052d3ced37d55b713857db60393870972a9248?s=96&d=mm&r=g","contentUrl":"https:\/\/secure.gravatar.com\/avatar\/898fb33ef49f211210b8183325052d3ced37d55b713857db60393870972a9248?s=96&d=mm&r=g","caption":"Redacci\u00f3n Zacatecas 3.0"},"sameAs":["http:\/\/zacatecastrespuntocero.news"],"url":"https:\/\/zacatecastrespuntocero.news\/?author=2"}]}},"_links":{"self":[{"href":"https:\/\/zacatecastrespuntocero.news\/index.php?rest_route=\/wp\/v2\/posts\/6140","targetHints":{"allow":["GET"]}}],"collection":[{"href":"https:\/\/zacatecastrespuntocero.news\/index.php?rest_route=\/wp\/v2\/posts"}],"about":[{"href":"https:\/\/zacatecastrespuntocero.news\/index.php?rest_route=\/wp\/v2\/types\/post"}],"author":[{"embeddable":true,"href":"https:\/\/zacatecastrespuntocero.news\/index.php?rest_route=\/wp\/v2\/users\/2"}],"replies":[{"embeddable":true,"href":"https:\/\/zacatecastrespuntocero.news\/index.php?rest_route=%2Fwp%2Fv2%2Fcomments&post=6140"}],"version-history":[{"count":1,"href":"https:\/\/zacatecastrespuntocero.news\/index.php?rest_route=\/wp\/v2\/posts\/6140\/revisions"}],"predecessor-version":[{"id":6142,"href":"https:\/\/zacatecastrespuntocero.news\/index.php?rest_route=\/wp\/v2\/posts\/6140\/revisions\/6142"}],"wp:featuredmedia":[{"embeddable":true,"href":"https:\/\/zacatecastrespuntocero.news\/index.php?rest_route=\/wp\/v2\/media\/6141"}],"wp:attachment":[{"href":"https:\/\/zacatecastrespuntocero.news\/index.php?rest_route=%2Fwp%2Fv2%2Fmedia&parent=6140"}],"wp:term":[{"taxonomy":"category","embeddable":true,"href":"https:\/\/zacatecastrespuntocero.news\/index.php?rest_route=%2Fwp%2Fv2%2Fcategories&post=6140"},{"taxonomy":"post_tag","embeddable":true,"href":"https:\/\/zacatecastrespuntocero.news\/index.php?rest_route=%2Fwp%2Fv2%2Ftags&post=6140"}],"curies":[{"name":"wp","href":"https:\/\/api.w.org\/{rel}","templated":true}]}}