{"id":6854,"date":"2025-06-13T18:46:09","date_gmt":"2025-06-13T18:46:09","guid":{"rendered":"https:\/\/zacatecastrespuntocero.news\/?p=6854"},"modified":"2025-06-13T18:46:09","modified_gmt":"2025-06-13T18:46:09","slug":"ee-uu-cancela-visa-a-consejera-de-morena-por-publicacion-considerada-vulgar","status":"publish","type":"post","link":"https:\/\/zacatecastrespuntocero.news\/?p=6854","title":{"rendered":"EE.UU. cancela visa a consejera de Morena por publicaci\u00f3n considerada \u201cvulgar\u201d"},"content":{"rendered":"<p>Christopher Landau, subsecretario del Departamento de Estado de Estados Unidos y exembajador en M\u00e9xico, inform\u00f3 que orden\u00f3 la cancelaci\u00f3n de la visa de la consejera de Morena en Jalisco, Melissa Cornejo, tras una publicaci\u00f3n en redes sociales que calific\u00f3 de \u201cvulgar\u201d. El anuncio lo hizo a trav\u00e9s de su cuenta oficial en X, en respuesta directa a un mensaje de Cornejo en el que criticaba las pol\u00edticas migratorias estadounidenses.<\/p>\n<p>La publicaci\u00f3n de Cornejo inclu\u00eda una imagen de una protesta contra el Servicio de Control de Inmigraci\u00f3n y Aduanas (ICE), acompa\u00f1ada del mensaje: \u201c\u2018Van a quitar visas a quienes compart\u2026\u2019 Viva la raza y m\u00e9tanse mi visa por el culo\u201d. Landau respondi\u00f3 que, aunque ella no contaba con una visa v\u00e1lida, hab\u00eda instruido su cancelaci\u00f3n como acto simb\u00f3lico ante el contenido del mensaje.<\/p>\n<p>\u201cLos que glorifican la violencia y el desaf\u00edo a las leg\u00edtimas autoridades y al orden p\u00fablico de ninguna manera son bienvenidos en nuestro pa\u00eds\u201d, escribi\u00f3 Landau, subrayando que el acceso a Estados Unidos es un privilegio, no un derecho. Tambi\u00e9n ironiz\u00f3 que \u201cno se puede meter una visa por ning\u00fan lado si ni siquiera se tiene\u201d.<\/p>\n<p>El incidente ocurri\u00f3 el mismo d\u00eda en que Landau sostuvo una reuni\u00f3n en Palacio Nacional con la presidenta Claudia Sheinbaum.<\/p>\n","protected":false},"excerpt":{"rendered":"<p>Christopher Landau, subsecretario del Departamento de Estado de Estados Unidos y exembajador en M\u00e9xico, inform\u00f3 que orden\u00f3 la cancelaci\u00f3n de la visa de la consejera de Morena en Jalisco, Melissa Cornejo, tras una publicaci\u00f3n en redes sociales que calific\u00f3 de \u201cvulgar\u201d. El anuncio lo hizo a trav\u00e9s de su cuenta oficial en X, en respuesta [&hellip;]<\/p>\n","protected":false},"author":2,"featured_media":6848,"comment_status":"open","ping_status":"open","sticky":false,"template":"","format":"image","meta":{"footnotes":""},"categories":[39],"tags":[1221,616,342,85,111],"class_list":["post-6854","post","type-post","status-publish","format-image","has-post-thumbnail","hentry","category-nacional","tag-consejera","tag-ee-uu","tag-morena","tag-nacional","tag-visa","post_format-post-format-image"],"yoast_head":"<!-- This site is optimized with the Yoast SEO plugin v24.7 - https:\/\/yoast.com\/wordpress\/plugins\/seo\/ -->\n<title>EE.UU. cancela visa a consejera de Morena por publicaci\u00f3n considerada \u201cvulgar\u201d - Zacatecas 3.0<\/title>\n<meta name=\"robots\" content=\"index, follow, max-snippet:-1, max-image-preview:large, max-video-preview:-1\" \/>\n<link rel=\"canonical\" href=\"https:\/\/zacatecastrespuntocero.news\/?p=6854\" \/>\n<meta property=\"og:locale\" content=\"es_ES\" \/>\n<meta property=\"og:type\" content=\"article\" \/>\n<meta property=\"og:title\" content=\"EE.UU. cancela visa a consejera de Morena por publicaci\u00f3n considerada \u201cvulgar\u201d - Zacatecas 3.0\" \/>\n<meta property=\"og:description\" content=\"Christopher Landau, subsecretario del Departamento de Estado de Estados Unidos y exembajador en M\u00e9xico, inform\u00f3 que orden\u00f3 la cancelaci\u00f3n de la visa de la consejera de Morena en Jalisco, Melissa Cornejo, tras una publicaci\u00f3n en redes sociales que calific\u00f3 de \u201cvulgar\u201d. El anuncio lo hizo a trav\u00e9s de su cuenta oficial en X, en respuesta [&hellip;]\" \/>\n<meta property=\"og:url\" content=\"https:\/\/zacatecastrespuntocero.news\/?p=6854\" \/>\n<meta property=\"og:site_name\" content=\"Zacatecas 3.0\" \/>\n<meta property=\"article:published_time\" content=\"2025-06-13T18:46:09+00:00\" \/>\n<meta property=\"og:image\" content=\"https:\/\/zacatecastrespuntocero.news\/wp-content\/uploads\/2025\/06\/WhatsApp-Image-2025-06-13-at-10.44.13.jpeg\" \/>\n\t<meta property=\"og:image:width\" content=\"960\" \/>\n\t<meta property=\"og:image:height\" content=\"960\" \/>\n\t<meta property=\"og:image:type\" content=\"image\/jpeg\" \/>\n<meta name=\"author\" content=\"Redacci\u00f3n Zacatecas 3.0\" \/>\n<meta name=\"twitter:card\" content=\"summary_large_image\" \/>\n<meta name=\"twitter:label1\" content=\"Escrito por\" \/>\n\t<meta name=\"twitter:data1\" content=\"Redacci\u00f3n Zacatecas 3.0\" \/>\n\t<meta name=\"twitter:label2\" content=\"Tiempo de lectura\" \/>\n\t<meta name=\"twitter:data2\" content=\"2 minutos\" \/>\n<script type=\"application\/ld+json\" class=\"yoast-schema-graph\">{\"@context\":\"https:\/\/schema.org\",\"@graph\":[{\"@type\":\"WebPage\",\"@id\":\"https:\/\/zacatecastrespuntocero.news\/?p=6854\",\"url\":\"https:\/\/zacatecastrespuntocero.news\/?p=6854\",\"name\":\"EE.UU. cancela visa a consejera de Morena por publicaci\u00f3n considerada \u201cvulgar\u201d - Zacatecas 3.0\",\"isPartOf\":{\"@id\":\"https:\/\/zacatecastrespuntocero.news\/#website\"},\"primaryImageOfPage\":{\"@id\":\"https:\/\/zacatecastrespuntocero.news\/?p=6854#primaryimage\"},\"image\":{\"@id\":\"https:\/\/zacatecastrespuntocero.news\/?p=6854#primaryimage\"},\"thumbnailUrl\":\"https:\/\/zacatecastrespuntocero.news\/wp-content\/uploads\/2025\/06\/WhatsApp-Image-2025-06-13-at-10.44.13.jpeg\",\"datePublished\":\"2025-06-13T18:46:09+00:00\",\"author\":{\"@id\":\"https:\/\/zacatecastrespuntocero.news\/#\/schema\/person\/a2399b2ec551c85a553c7e32e0eb5f01\"},\"breadcrumb\":{\"@id\":\"https:\/\/zacatecastrespuntocero.news\/?p=6854#breadcrumb\"},\"inLanguage\":\"es\",\"potentialAction\":[{\"@type\":\"ReadAction\",\"target\":[\"https:\/\/zacatecastrespuntocero.news\/?p=6854\"]}]},{\"@type\":\"ImageObject\",\"inLanguage\":\"es\",\"@id\":\"https:\/\/zacatecastrespuntocero.news\/?p=6854#primaryimage\",\"url\":\"https:\/\/zacatecastrespuntocero.news\/wp-content\/uploads\/2025\/06\/WhatsApp-Image-2025-06-13-at-10.44.13.jpeg\",\"contentUrl\":\"https:\/\/zacatecastrespuntocero.news\/wp-content\/uploads\/2025\/06\/WhatsApp-Image-2025-06-13-at-10.44.13.jpeg\",\"width\":960,\"height\":960},{\"@type\":\"BreadcrumbList\",\"@id\":\"https:\/\/zacatecastrespuntocero.news\/?p=6854#breadcrumb\",\"itemListElement\":[{\"@type\":\"ListItem\",\"position\":1,\"name\":\"Portada\",\"item\":\"https:\/\/zacatecastrespuntocero.news\/\"},{\"@type\":\"ListItem\",\"position\":2,\"name\":\"EE.UU. cancela visa a consejera de Morena por publicaci\u00f3n considerada \u201cvulgar\u201d\"}]},{\"@type\":\"WebSite\",\"@id\":\"https:\/\/zacatecastrespuntocero.news\/#website\",\"url\":\"https:\/\/zacatecastrespuntocero.news\/\",\"name\":\"Zacatecas 3.0\",\"description\":\"\",\"potentialAction\":[{\"@type\":\"SearchAction\",\"target\":{\"@type\":\"EntryPoint\",\"urlTemplate\":\"https:\/\/zacatecastrespuntocero.news\/?s={search_term_string}\"},\"query-input\":{\"@type\":\"PropertyValueSpecification\",\"valueRequired\":true,\"valueName\":\"search_term_string\"}}],\"inLanguage\":\"es\"},{\"@type\":\"Person\",\"@id\":\"https:\/\/zacatecastrespuntocero.news\/#\/schema\/person\/a2399b2ec551c85a553c7e32e0eb5f01\",\"name\":\"Redacci\u00f3n Zacatecas 3.0\",\"image\":{\"@type\":\"ImageObject\",\"inLanguage\":\"es\",\"@id\":\"https:\/\/zacatecastrespuntocero.news\/#\/schema\/person\/image\/\",\"url\":\"https:\/\/secure.gravatar.com\/avatar\/898fb33ef49f211210b8183325052d3ced37d55b713857db60393870972a9248?s=96&d=mm&r=g\",\"contentUrl\":\"https:\/\/secure.gravatar.com\/avatar\/898fb33ef49f211210b8183325052d3ced37d55b713857db60393870972a9248?s=96&d=mm&r=g\",\"caption\":\"Redacci\u00f3n Zacatecas 3.0\"},\"sameAs\":[\"http:\/\/zacatecastrespuntocero.news\"],\"url\":\"https:\/\/zacatecastrespuntocero.news\/?author=2\"}]}<\/script>\n<!-- \/ Yoast SEO plugin. -->","yoast_head_json":{"title":"EE.UU. cancela visa a consejera de Morena por publicaci\u00f3n considerada \u201cvulgar\u201d - Zacatecas 3.0","robots":{"index":"index","follow":"follow","max-snippet":"max-snippet:-1","max-image-preview":"max-image-preview:large","max-video-preview":"max-video-preview:-1"},"canonical":"https:\/\/zacatecastrespuntocero.news\/?p=6854","og_locale":"es_ES","og_type":"article","og_title":"EE.UU. cancela visa a consejera de Morena por publicaci\u00f3n considerada \u201cvulgar\u201d - Zacatecas 3.0","og_description":"Christopher Landau, subsecretario del Departamento de Estado de Estados Unidos y exembajador en M\u00e9xico, inform\u00f3 que orden\u00f3 la cancelaci\u00f3n de la visa de la consejera de Morena en Jalisco, Melissa Cornejo, tras una publicaci\u00f3n en redes sociales que calific\u00f3 de \u201cvulgar\u201d. El anuncio lo hizo a trav\u00e9s de su cuenta oficial en X, en respuesta [&hellip;]","og_url":"https:\/\/zacatecastrespuntocero.news\/?p=6854","og_site_name":"Zacatecas 3.0","article_published_time":"2025-06-13T18:46:09+00:00","og_image":[{"width":960,"height":960,"url":"https:\/\/zacatecastrespuntocero.news\/wp-content\/uploads\/2025\/06\/WhatsApp-Image-2025-06-13-at-10.44.13.jpeg","type":"image\/jpeg"}],"author":"Redacci\u00f3n Zacatecas 3.0","twitter_card":"summary_large_image","twitter_misc":{"Escrito por":"Redacci\u00f3n Zacatecas 3.0","Tiempo de lectura":"2 minutos"},"schema":{"@context":"https:\/\/schema.org","@graph":[{"@type":"WebPage","@id":"https:\/\/zacatecastrespuntocero.news\/?p=6854","url":"https:\/\/zacatecastrespuntocero.news\/?p=6854","name":"EE.UU. cancela visa a consejera de Morena por publicaci\u00f3n considerada \u201cvulgar\u201d - Zacatecas 3.0","isPartOf":{"@id":"https:\/\/zacatecastrespuntocero.news\/#website"},"primaryImageOfPage":{"@id":"https:\/\/zacatecastrespuntocero.news\/?p=6854#primaryimage"},"image":{"@id":"https:\/\/zacatecastrespuntocero.news\/?p=6854#primaryimage"},"thumbnailUrl":"https:\/\/zacatecastrespuntocero.news\/wp-content\/uploads\/2025\/06\/WhatsApp-Image-2025-06-13-at-10.44.13.jpeg","datePublished":"2025-06-13T18:46:09+00:00","author":{"@id":"https:\/\/zacatecastrespuntocero.news\/#\/schema\/person\/a2399b2ec551c85a553c7e32e0eb5f01"},"breadcrumb":{"@id":"https:\/\/zacatecastrespuntocero.news\/?p=6854#breadcrumb"},"inLanguage":"es","potentialAction":[{"@type":"ReadAction","target":["https:\/\/zacatecastrespuntocero.news\/?p=6854"]}]},{"@type":"ImageObject","inLanguage":"es","@id":"https:\/\/zacatecastrespuntocero.news\/?p=6854#primaryimage","url":"https:\/\/zacatecastrespuntocero.news\/wp-content\/uploads\/2025\/06\/WhatsApp-Image-2025-06-13-at-10.44.13.jpeg","contentUrl":"https:\/\/zacatecastrespuntocero.news\/wp-content\/uploads\/2025\/06\/WhatsApp-Image-2025-06-13-at-10.44.13.jpeg","width":960,"height":960},{"@type":"BreadcrumbList","@id":"https:\/\/zacatecastrespuntocero.news\/?p=6854#breadcrumb","itemListElement":[{"@type":"ListItem","position":1,"name":"Portada","item":"https:\/\/zacatecastrespuntocero.news\/"},{"@type":"ListItem","position":2,"name":"EE.UU. cancela visa a consejera de Morena por publicaci\u00f3n considerada \u201cvulgar\u201d"}]},{"@type":"WebSite","@id":"https:\/\/zacatecastrespuntocero.news\/#website","url":"https:\/\/zacatecastrespuntocero.news\/","name":"Zacatecas 3.0","description":"","potentialAction":[{"@type":"SearchAction","target":{"@type":"EntryPoint","urlTemplate":"https:\/\/zacatecastrespuntocero.news\/?s={search_term_string}"},"query-input":{"@type":"PropertyValueSpecification","valueRequired":true,"valueName":"search_term_string"}}],"inLanguage":"es"},{"@type":"Person","@id":"https:\/\/zacatecastrespuntocero.news\/#\/schema\/person\/a2399b2ec551c85a553c7e32e0eb5f01","name":"Redacci\u00f3n Zacatecas 3.0","image":{"@type":"ImageObject","inLanguage":"es","@id":"https:\/\/zacatecastrespuntocero.news\/#\/schema\/person\/image\/","url":"https:\/\/secure.gravatar.com\/avatar\/898fb33ef49f211210b8183325052d3ced37d55b713857db60393870972a9248?s=96&d=mm&r=g","contentUrl":"https:\/\/secure.gravatar.com\/avatar\/898fb33ef49f211210b8183325052d3ced37d55b713857db60393870972a9248?s=96&d=mm&r=g","caption":"Redacci\u00f3n Zacatecas 3.0"},"sameAs":["http:\/\/zacatecastrespuntocero.news"],"url":"https:\/\/zacatecastrespuntocero.news\/?author=2"}]}},"_links":{"self":[{"href":"https:\/\/zacatecastrespuntocero.news\/index.php?rest_route=\/wp\/v2\/posts\/6854","targetHints":{"allow":["GET"]}}],"collection":[{"href":"https:\/\/zacatecastrespuntocero.news\/index.php?rest_route=\/wp\/v2\/posts"}],"about":[{"href":"https:\/\/zacatecastrespuntocero.news\/index.php?rest_route=\/wp\/v2\/types\/post"}],"author":[{"embeddable":true,"href":"https:\/\/zacatecastrespuntocero.news\/index.php?rest_route=\/wp\/v2\/users\/2"}],"replies":[{"embeddable":true,"href":"https:\/\/zacatecastrespuntocero.news\/index.php?rest_route=%2Fwp%2Fv2%2Fcomments&post=6854"}],"version-history":[{"count":1,"href":"https:\/\/zacatecastrespuntocero.news\/index.php?rest_route=\/wp\/v2\/posts\/6854\/revisions"}],"predecessor-version":[{"id":6855,"href":"https:\/\/zacatecastrespuntocero.news\/index.php?rest_route=\/wp\/v2\/posts\/6854\/revisions\/6855"}],"wp:featuredmedia":[{"embeddable":true,"href":"https:\/\/zacatecastrespuntocero.news\/index.php?rest_route=\/wp\/v2\/media\/6848"}],"wp:attachment":[{"href":"https:\/\/zacatecastrespuntocero.news\/index.php?rest_route=%2Fwp%2Fv2%2Fmedia&parent=6854"}],"wp:term":[{"taxonomy":"category","embeddable":true,"href":"https:\/\/zacatecastrespuntocero.news\/index.php?rest_route=%2Fwp%2Fv2%2Fcategories&post=6854"},{"taxonomy":"post_tag","embeddable":true,"href":"https:\/\/zacatecastrespuntocero.news\/index.php?rest_route=%2Fwp%2Fv2%2Ftags&post=6854"}],"curies":[{"name":"wp","href":"https:\/\/api.w.org\/{rel}","templated":true}]}}