{"id":7355,"date":"2025-06-24T05:30:44","date_gmt":"2025-06-24T05:30:44","guid":{"rendered":"https:\/\/zacatecastrespuntocero.news\/?p=7355"},"modified":"2025-06-24T05:30:44","modified_gmt":"2025-06-24T05:30:44","slug":"andrea-chavez-perfila-candidatura-para-presidir-el-senado-en-reemplazo-de-fernandez-norona","status":"publish","type":"post","link":"https:\/\/zacatecastrespuntocero.news\/?p=7355","title":{"rendered":"Andrea Ch\u00e1vez perfila candidatura para presidir el Senado en reemplazo de Fern\u00e1ndez Noro\u00f1a"},"content":{"rendered":"<p data-start=\"243\" data-end=\"473\">La senadora <strong data-start=\"255\" data-end=\"272\">Andrea Ch\u00e1vez<\/strong>, del partido Morena, <strong data-start=\"294\" data-end=\"361\">dej\u00f3 abierta la posibilidad de buscar la presidencia del Senado<\/strong> de cara al segundo a\u00f1o legislativo de la LXV Legislatura, que comenzar\u00e1 el pr\u00f3ximo <strong data-start=\"445\" data-end=\"472\">1 de septiembre de 2025<\/strong>.<\/p>\n<p data-start=\"475\" data-end=\"705\">Durante una conferencia posterior a la plenaria de su grupo parlamentario, Ch\u00e1vez fue cuestionada sobre sus aspiraciones para encabezar la <strong data-start=\"614\" data-end=\"643\">Mesa Directiva del Senado<\/strong>. Su respuesta sugiri\u00f3 que una postulaci\u00f3n est\u00e1 sobre la mesa:<\/p>\n<blockquote data-start=\"706\" data-end=\"872\">\n<p data-start=\"708\" data-end=\"872\">\u201cVoy a estar compartiendo un comunicado pronto con la decisi\u00f3n que tome. Todav\u00eda estamos conversando con el grupo parlamentario\u201d, declar\u00f3 la senadora por Chihuahua.<\/p>\n<\/blockquote>\n<h3 data-start=\"874\" data-end=\"926\">Su nombre gana fuerza, pero tambi\u00e9n controversia<\/h3>\n<p data-start=\"928\" data-end=\"1129\">Aunque Morena a\u00fan discute internamente los posibles perfiles, <strong data-start=\"990\" data-end=\"1049\">el nombre de Ch\u00e1vez suena con fuerza entre las opciones<\/strong> para relevar a Gerardo Fern\u00e1ndez Noro\u00f1a, cuya gesti\u00f3n concluye el 31 de agosto.<\/p>\n<p data-start=\"1131\" data-end=\"1449\">Sin embargo, su posible candidatura se da en medio de <strong data-start=\"1185\" data-end=\"1208\">pol\u00e9micas recientes<\/strong>. La senadora fue se\u00f1alada por realizar jornadas m\u00e9dicas y operativos de ambulancias en su estado natal, donde su <strong data-start=\"1322\" data-end=\"1371\">nombre e imagen fueron ampliamente difundidos<\/strong>, lo que fue interpretado por cr\u00edticos como <strong data-start=\"1415\" data-end=\"1448\">promoci\u00f3n personal anticipada<\/strong>.<\/p>\n<p data-start=\"1451\" data-end=\"1765\">La situaci\u00f3n provoc\u00f3 un <strong data-start=\"1475\" data-end=\"1541\">llamado de atenci\u00f3n de la presidenta electa, Claudia Sheinbaum<\/strong>, quien inst\u00f3 a los militantes de Morena a <strong data-start=\"1584\" data-end=\"1618\">respetar los tiempos pol\u00edticos<\/strong> y evitar protagonismos. A ra\u00edz de estos hechos, el partido tambi\u00e9n estableci\u00f3 <strong data-start=\"1697\" data-end=\"1740\">nuevos lineamientos de conducta interna<\/strong> para sus representantes.<\/p>\n<h3 data-start=\"1767\" data-end=\"1819\">Decisi\u00f3n final se tomar\u00e1 en las pr\u00f3ximas semanas<\/h3>\n<p data-start=\"1821\" data-end=\"2120\">Ser\u00e1 el <strong data-start=\"1829\" data-end=\"1875\">grupo parlamentario de Morena en el Senado<\/strong> quien tome la decisi\u00f3n final sobre la presidencia de la C\u00e1mara Alta. Por ahora, <strong data-start=\"1956\" data-end=\"1986\">las aspiraciones de Ch\u00e1vez<\/strong> se suman a una disputa en desarrollo por el liderazgo en el Congreso, en un momento clave para la agenda legislativa del oficialismo.<\/p>\n","protected":false},"excerpt":{"rendered":"<p>La senadora Andrea Ch\u00e1vez, del partido Morena, dej\u00f3 abierta la posibilidad de buscar la presidencia del Senado de cara al segundo a\u00f1o legislativo de la LXV Legislatura, que comenzar\u00e1 el pr\u00f3ximo 1 de septiembre de 2025. Durante una conferencia posterior a la plenaria de su grupo parlamentario, Ch\u00e1vez fue cuestionada sobre sus aspiraciones para encabezar [&hellip;]<\/p>\n","protected":false},"author":2,"featured_media":7356,"comment_status":"open","ping_status":"open","sticky":false,"template":"","format":"image","meta":{"footnotes":""},"categories":[39,41],"tags":[1431,1432,85,104,1433,1428],"class_list":["post-7355","post","type-post","status-publish","format-image","has-post-thumbnail","hentry","category-nacional","category-politica","tag-andrea-chavez","tag-candidatura","tag-nacional","tag-politica","tag-presidencia-senado","tag-senado","post_format-post-format-image"],"yoast_head":"<!-- This site is optimized with the Yoast SEO plugin v24.7 - https:\/\/yoast.com\/wordpress\/plugins\/seo\/ -->\n<title>Andrea Ch\u00e1vez perfila candidatura para presidir el Senado en reemplazo de Fern\u00e1ndez Noro\u00f1a - Zacatecas 3.0<\/title>\n<meta name=\"robots\" content=\"index, follow, max-snippet:-1, max-image-preview:large, max-video-preview:-1\" \/>\n<link rel=\"canonical\" href=\"https:\/\/zacatecastrespuntocero.news\/?p=7355\" \/>\n<meta property=\"og:locale\" content=\"es_ES\" \/>\n<meta property=\"og:type\" content=\"article\" \/>\n<meta property=\"og:title\" content=\"Andrea Ch\u00e1vez perfila candidatura para presidir el Senado en reemplazo de Fern\u00e1ndez Noro\u00f1a - Zacatecas 3.0\" \/>\n<meta property=\"og:description\" content=\"La senadora Andrea Ch\u00e1vez, del partido Morena, dej\u00f3 abierta la posibilidad de buscar la presidencia del Senado de cara al segundo a\u00f1o legislativo de la LXV Legislatura, que comenzar\u00e1 el pr\u00f3ximo 1 de septiembre de 2025. Durante una conferencia posterior a la plenaria de su grupo parlamentario, Ch\u00e1vez fue cuestionada sobre sus aspiraciones para encabezar [&hellip;]\" \/>\n<meta property=\"og:url\" content=\"https:\/\/zacatecastrespuntocero.news\/?p=7355\" \/>\n<meta property=\"og:site_name\" content=\"Zacatecas 3.0\" \/>\n<meta property=\"article:published_time\" content=\"2025-06-24T05:30:44+00:00\" \/>\n<meta name=\"author\" content=\"Redacci\u00f3n Zacatecas 3.0\" \/>\n<meta name=\"twitter:card\" content=\"summary_large_image\" \/>\n<meta name=\"twitter:label1\" content=\"Escrito por\" \/>\n\t<meta name=\"twitter:data1\" content=\"Redacci\u00f3n Zacatecas 3.0\" \/>\n\t<meta name=\"twitter:label2\" content=\"Tiempo de lectura\" \/>\n\t<meta name=\"twitter:data2\" content=\"2 minutos\" \/>\n<script type=\"application\/ld+json\" class=\"yoast-schema-graph\">{\"@context\":\"https:\/\/schema.org\",\"@graph\":[{\"@type\":\"WebPage\",\"@id\":\"https:\/\/zacatecastrespuntocero.news\/?p=7355\",\"url\":\"https:\/\/zacatecastrespuntocero.news\/?p=7355\",\"name\":\"Andrea Ch\u00e1vez perfila candidatura para presidir el Senado en reemplazo de Fern\u00e1ndez Noro\u00f1a - Zacatecas 3.0\",\"isPartOf\":{\"@id\":\"https:\/\/zacatecastrespuntocero.news\/#website\"},\"primaryImageOfPage\":{\"@id\":\"https:\/\/zacatecastrespuntocero.news\/?p=7355#primaryimage\"},\"image\":{\"@id\":\"https:\/\/zacatecastrespuntocero.news\/?p=7355#primaryimage\"},\"thumbnailUrl\":\"https:\/\/zacatecastrespuntocero.news\/wp-content\/uploads\/2025\/06\/FJI24XRM5VGTJPVUJDEVKK2LQY.avif\",\"datePublished\":\"2025-06-24T05:30:44+00:00\",\"author\":{\"@id\":\"https:\/\/zacatecastrespuntocero.news\/#\/schema\/person\/a2399b2ec551c85a553c7e32e0eb5f01\"},\"breadcrumb\":{\"@id\":\"https:\/\/zacatecastrespuntocero.news\/?p=7355#breadcrumb\"},\"inLanguage\":\"es\",\"potentialAction\":[{\"@type\":\"ReadAction\",\"target\":[\"https:\/\/zacatecastrespuntocero.news\/?p=7355\"]}]},{\"@type\":\"ImageObject\",\"inLanguage\":\"es\",\"@id\":\"https:\/\/zacatecastrespuntocero.news\/?p=7355#primaryimage\",\"url\":\"https:\/\/zacatecastrespuntocero.news\/wp-content\/uploads\/2025\/06\/FJI24XRM5VGTJPVUJDEVKK2LQY.avif\",\"contentUrl\":\"https:\/\/zacatecastrespuntocero.news\/wp-content\/uploads\/2025\/06\/FJI24XRM5VGTJPVUJDEVKK2LQY.avif\",\"width\":1200,\"height\":800},{\"@type\":\"BreadcrumbList\",\"@id\":\"https:\/\/zacatecastrespuntocero.news\/?p=7355#breadcrumb\",\"itemListElement\":[{\"@type\":\"ListItem\",\"position\":1,\"name\":\"Portada\",\"item\":\"https:\/\/zacatecastrespuntocero.news\/\"},{\"@type\":\"ListItem\",\"position\":2,\"name\":\"Andrea Ch\u00e1vez perfila candidatura para presidir el Senado en reemplazo de Fern\u00e1ndez Noro\u00f1a\"}]},{\"@type\":\"WebSite\",\"@id\":\"https:\/\/zacatecastrespuntocero.news\/#website\",\"url\":\"https:\/\/zacatecastrespuntocero.news\/\",\"name\":\"Zacatecas 3.0\",\"description\":\"\",\"potentialAction\":[{\"@type\":\"SearchAction\",\"target\":{\"@type\":\"EntryPoint\",\"urlTemplate\":\"https:\/\/zacatecastrespuntocero.news\/?s={search_term_string}\"},\"query-input\":{\"@type\":\"PropertyValueSpecification\",\"valueRequired\":true,\"valueName\":\"search_term_string\"}}],\"inLanguage\":\"es\"},{\"@type\":\"Person\",\"@id\":\"https:\/\/zacatecastrespuntocero.news\/#\/schema\/person\/a2399b2ec551c85a553c7e32e0eb5f01\",\"name\":\"Redacci\u00f3n Zacatecas 3.0\",\"image\":{\"@type\":\"ImageObject\",\"inLanguage\":\"es\",\"@id\":\"https:\/\/zacatecastrespuntocero.news\/#\/schema\/person\/image\/\",\"url\":\"https:\/\/secure.gravatar.com\/avatar\/898fb33ef49f211210b8183325052d3ced37d55b713857db60393870972a9248?s=96&d=mm&r=g\",\"contentUrl\":\"https:\/\/secure.gravatar.com\/avatar\/898fb33ef49f211210b8183325052d3ced37d55b713857db60393870972a9248?s=96&d=mm&r=g\",\"caption\":\"Redacci\u00f3n Zacatecas 3.0\"},\"sameAs\":[\"http:\/\/zacatecastrespuntocero.news\"],\"url\":\"https:\/\/zacatecastrespuntocero.news\/?author=2\"}]}<\/script>\n<!-- \/ Yoast SEO plugin. -->","yoast_head_json":{"title":"Andrea Ch\u00e1vez perfila candidatura para presidir el Senado en reemplazo de Fern\u00e1ndez Noro\u00f1a - Zacatecas 3.0","robots":{"index":"index","follow":"follow","max-snippet":"max-snippet:-1","max-image-preview":"max-image-preview:large","max-video-preview":"max-video-preview:-1"},"canonical":"https:\/\/zacatecastrespuntocero.news\/?p=7355","og_locale":"es_ES","og_type":"article","og_title":"Andrea Ch\u00e1vez perfila candidatura para presidir el Senado en reemplazo de Fern\u00e1ndez Noro\u00f1a - Zacatecas 3.0","og_description":"La senadora Andrea Ch\u00e1vez, del partido Morena, dej\u00f3 abierta la posibilidad de buscar la presidencia del Senado de cara al segundo a\u00f1o legislativo de la LXV Legislatura, que comenzar\u00e1 el pr\u00f3ximo 1 de septiembre de 2025. Durante una conferencia posterior a la plenaria de su grupo parlamentario, Ch\u00e1vez fue cuestionada sobre sus aspiraciones para encabezar [&hellip;]","og_url":"https:\/\/zacatecastrespuntocero.news\/?p=7355","og_site_name":"Zacatecas 3.0","article_published_time":"2025-06-24T05:30:44+00:00","author":"Redacci\u00f3n Zacatecas 3.0","twitter_card":"summary_large_image","twitter_misc":{"Escrito por":"Redacci\u00f3n Zacatecas 3.0","Tiempo de lectura":"2 minutos"},"schema":{"@context":"https:\/\/schema.org","@graph":[{"@type":"WebPage","@id":"https:\/\/zacatecastrespuntocero.news\/?p=7355","url":"https:\/\/zacatecastrespuntocero.news\/?p=7355","name":"Andrea Ch\u00e1vez perfila candidatura para presidir el Senado en reemplazo de Fern\u00e1ndez Noro\u00f1a - Zacatecas 3.0","isPartOf":{"@id":"https:\/\/zacatecastrespuntocero.news\/#website"},"primaryImageOfPage":{"@id":"https:\/\/zacatecastrespuntocero.news\/?p=7355#primaryimage"},"image":{"@id":"https:\/\/zacatecastrespuntocero.news\/?p=7355#primaryimage"},"thumbnailUrl":"https:\/\/zacatecastrespuntocero.news\/wp-content\/uploads\/2025\/06\/FJI24XRM5VGTJPVUJDEVKK2LQY.avif","datePublished":"2025-06-24T05:30:44+00:00","author":{"@id":"https:\/\/zacatecastrespuntocero.news\/#\/schema\/person\/a2399b2ec551c85a553c7e32e0eb5f01"},"breadcrumb":{"@id":"https:\/\/zacatecastrespuntocero.news\/?p=7355#breadcrumb"},"inLanguage":"es","potentialAction":[{"@type":"ReadAction","target":["https:\/\/zacatecastrespuntocero.news\/?p=7355"]}]},{"@type":"ImageObject","inLanguage":"es","@id":"https:\/\/zacatecastrespuntocero.news\/?p=7355#primaryimage","url":"https:\/\/zacatecastrespuntocero.news\/wp-content\/uploads\/2025\/06\/FJI24XRM5VGTJPVUJDEVKK2LQY.avif","contentUrl":"https:\/\/zacatecastrespuntocero.news\/wp-content\/uploads\/2025\/06\/FJI24XRM5VGTJPVUJDEVKK2LQY.avif","width":1200,"height":800},{"@type":"BreadcrumbList","@id":"https:\/\/zacatecastrespuntocero.news\/?p=7355#breadcrumb","itemListElement":[{"@type":"ListItem","position":1,"name":"Portada","item":"https:\/\/zacatecastrespuntocero.news\/"},{"@type":"ListItem","position":2,"name":"Andrea Ch\u00e1vez perfila candidatura para presidir el Senado en reemplazo de Fern\u00e1ndez Noro\u00f1a"}]},{"@type":"WebSite","@id":"https:\/\/zacatecastrespuntocero.news\/#website","url":"https:\/\/zacatecastrespuntocero.news\/","name":"Zacatecas 3.0","description":"","potentialAction":[{"@type":"SearchAction","target":{"@type":"EntryPoint","urlTemplate":"https:\/\/zacatecastrespuntocero.news\/?s={search_term_string}"},"query-input":{"@type":"PropertyValueSpecification","valueRequired":true,"valueName":"search_term_string"}}],"inLanguage":"es"},{"@type":"Person","@id":"https:\/\/zacatecastrespuntocero.news\/#\/schema\/person\/a2399b2ec551c85a553c7e32e0eb5f01","name":"Redacci\u00f3n Zacatecas 3.0","image":{"@type":"ImageObject","inLanguage":"es","@id":"https:\/\/zacatecastrespuntocero.news\/#\/schema\/person\/image\/","url":"https:\/\/secure.gravatar.com\/avatar\/898fb33ef49f211210b8183325052d3ced37d55b713857db60393870972a9248?s=96&d=mm&r=g","contentUrl":"https:\/\/secure.gravatar.com\/avatar\/898fb33ef49f211210b8183325052d3ced37d55b713857db60393870972a9248?s=96&d=mm&r=g","caption":"Redacci\u00f3n Zacatecas 3.0"},"sameAs":["http:\/\/zacatecastrespuntocero.news"],"url":"https:\/\/zacatecastrespuntocero.news\/?author=2"}]}},"_links":{"self":[{"href":"https:\/\/zacatecastrespuntocero.news\/index.php?rest_route=\/wp\/v2\/posts\/7355","targetHints":{"allow":["GET"]}}],"collection":[{"href":"https:\/\/zacatecastrespuntocero.news\/index.php?rest_route=\/wp\/v2\/posts"}],"about":[{"href":"https:\/\/zacatecastrespuntocero.news\/index.php?rest_route=\/wp\/v2\/types\/post"}],"author":[{"embeddable":true,"href":"https:\/\/zacatecastrespuntocero.news\/index.php?rest_route=\/wp\/v2\/users\/2"}],"replies":[{"embeddable":true,"href":"https:\/\/zacatecastrespuntocero.news\/index.php?rest_route=%2Fwp%2Fv2%2Fcomments&post=7355"}],"version-history":[{"count":1,"href":"https:\/\/zacatecastrespuntocero.news\/index.php?rest_route=\/wp\/v2\/posts\/7355\/revisions"}],"predecessor-version":[{"id":7357,"href":"https:\/\/zacatecastrespuntocero.news\/index.php?rest_route=\/wp\/v2\/posts\/7355\/revisions\/7357"}],"wp:featuredmedia":[{"embeddable":true,"href":"https:\/\/zacatecastrespuntocero.news\/index.php?rest_route=\/wp\/v2\/media\/7356"}],"wp:attachment":[{"href":"https:\/\/zacatecastrespuntocero.news\/index.php?rest_route=%2Fwp%2Fv2%2Fmedia&parent=7355"}],"wp:term":[{"taxonomy":"category","embeddable":true,"href":"https:\/\/zacatecastrespuntocero.news\/index.php?rest_route=%2Fwp%2Fv2%2Fcategories&post=7355"},{"taxonomy":"post_tag","embeddable":true,"href":"https:\/\/zacatecastrespuntocero.news\/index.php?rest_route=%2Fwp%2Fv2%2Ftags&post=7355"}],"curies":[{"name":"wp","href":"https:\/\/api.w.org\/{rel}","templated":true}]}}