{"id":7763,"date":"2025-07-04T16:10:08","date_gmt":"2025-07-04T16:10:08","guid":{"rendered":"https:\/\/zacatecastrespuntocero.news\/?p=7763"},"modified":"2025-07-04T16:10:08","modified_gmt":"2025-07-04T16:10:08","slug":"improcedente-e-ignorante-gobierno-estatal-rechaza-municipalizacion-de-transito-en-fresnillo","status":"publish","type":"post","link":"https:\/\/zacatecastrespuntocero.news\/?p=7763","title":{"rendered":"\u201cImprocedente e Ignorante\u201d: Gobierno Estatal rechaza municipalizaci\u00f3n de Tr\u00e1nsito en Fresnillo"},"content":{"rendered":"<p>&nbsp;<\/p>\n<p>La reciente aprobaci\u00f3n del Cabildo de Fresnillo para municipalizar el servicio de tr\u00e1nsito provoc\u00f3 un fuerte choque con el Gobierno del Estado. Mientras el alcalde Javier Torres Rodr\u00edguez defiende la medida como legal y necesaria para mejorar la movilidad y el orden vial, el gobernador David Monreal \u00c1vila la calific\u00f3 de \u201cimprocedente\u201d y \u201ccarente de fundamento legal\u201d, acusando al Ayuntamiento de actuar con ignorancia y sin atender la verdadera prioridad: la seguridad.<\/p>\n<p>Rodrigo Reyes Mug\u00fcerza, secretario general de Gobierno, advirti\u00f3 que la municipalizaci\u00f3n no sigui\u00f3 el proceso que marca el decreto publicado en 2012 y alert\u00f3 sobre un posible da\u00f1o al erario, ya que el Ayuntamiento habr\u00eda destinado recursos a una direcci\u00f3n que a\u00fan no existe legalmente. Adem\u00e1s, consider\u00f3 inviable la creaci\u00f3n de una nueva corporaci\u00f3n vial ante el d\u00e9ficit de polic\u00edas en Fresnillo y la falta de condiciones operativas para atender a m\u00e1s de 250 comunidades.<\/p>\n<p>En respuesta, el alcalde asegur\u00f3 que la decisi\u00f3n del Cabildo est\u00e1 amparada por la ley y tiene sustento t\u00e9cnico, jur\u00eddico y presupuestal. Argument\u00f3 que otros municipios como Villanueva y Tlaltenango ya han asumido funciones de tr\u00e1nsito, y anunci\u00f3 que Fresnillo convocar\u00e1 a 40 nuevos elementos capacitados espec\u00edficamente para esta labor, incluso fuera del estado si es necesario.<\/p>\n<p>Torres Rodr\u00edguez lament\u00f3 la falta de apoyo estatal en temas de movilidad y se\u00f1al\u00f3 que los ingresos por infracciones se concentran en el gobierno estatal sin traducirse en mejoras para el municipio. Reiter\u00f3 que la medida no rompe con la coordinaci\u00f3n en materia de seguridad, y destac\u00f3 que Fresnillo ha invertido como nunca en este rubro, trabajando en conjunto con fuerzas estatales y federales.<\/p>\n","protected":false},"excerpt":{"rendered":"<p>&nbsp; La reciente aprobaci\u00f3n del Cabildo de Fresnillo para municipalizar el servicio de tr\u00e1nsito provoc\u00f3 un fuerte choque con el Gobierno del Estado. Mientras el alcalde Javier Torres Rodr\u00edguez defiende la medida como legal y necesaria para mejorar la movilidad y el orden vial, el gobernador David Monreal \u00c1vila la calific\u00f3 de \u201cimprocedente\u201d y \u201ccarente [&hellip;]<\/p>\n","protected":false},"author":2,"featured_media":7713,"comment_status":"open","ping_status":"open","sticky":false,"template":"","format":"image","meta":{"footnotes":""},"categories":[38],"tags":[],"class_list":["post-7763","post","type-post","status-publish","format-image","has-post-thumbnail","hentry","category-estatal","post_format-post-format-image"],"yoast_head":"<!-- This site is optimized with the Yoast SEO plugin v24.7 - https:\/\/yoast.com\/wordpress\/plugins\/seo\/ -->\n<title>\u201cImprocedente e Ignorante\u201d: Gobierno Estatal rechaza municipalizaci\u00f3n de Tr\u00e1nsito en Fresnillo - Zacatecas 3.0<\/title>\n<meta name=\"robots\" content=\"index, follow, max-snippet:-1, max-image-preview:large, max-video-preview:-1\" \/>\n<link rel=\"canonical\" href=\"https:\/\/zacatecastrespuntocero.news\/?p=7763\" \/>\n<meta property=\"og:locale\" content=\"es_ES\" \/>\n<meta property=\"og:type\" content=\"article\" \/>\n<meta property=\"og:title\" content=\"\u201cImprocedente e Ignorante\u201d: Gobierno Estatal rechaza municipalizaci\u00f3n de Tr\u00e1nsito en Fresnillo - Zacatecas 3.0\" \/>\n<meta property=\"og:description\" content=\"&nbsp; La reciente aprobaci\u00f3n del Cabildo de Fresnillo para municipalizar el servicio de tr\u00e1nsito provoc\u00f3 un fuerte choque con el Gobierno del Estado. Mientras el alcalde Javier Torres Rodr\u00edguez defiende la medida como legal y necesaria para mejorar la movilidad y el orden vial, el gobernador David Monreal \u00c1vila la calific\u00f3 de \u201cimprocedente\u201d y \u201ccarente [&hellip;]\" \/>\n<meta property=\"og:url\" content=\"https:\/\/zacatecastrespuntocero.news\/?p=7763\" \/>\n<meta property=\"og:site_name\" content=\"Zacatecas 3.0\" \/>\n<meta property=\"article:published_time\" content=\"2025-07-04T16:10:08+00:00\" \/>\n<meta property=\"og:image\" content=\"https:\/\/zacatecastrespuntocero.news\/wp-content\/uploads\/2025\/07\/IMG_4234.jpeg\" \/>\n\t<meta property=\"og:image:width\" content=\"677\" \/>\n\t<meta property=\"og:image:height\" content=\"453\" \/>\n\t<meta property=\"og:image:type\" content=\"image\/jpeg\" \/>\n<meta name=\"author\" content=\"Redacci\u00f3n Zacatecas 3.0\" \/>\n<meta name=\"twitter:card\" content=\"summary_large_image\" \/>\n<meta name=\"twitter:label1\" content=\"Escrito por\" \/>\n\t<meta name=\"twitter:data1\" content=\"Redacci\u00f3n Zacatecas 3.0\" \/>\n\t<meta name=\"twitter:label2\" content=\"Tiempo de lectura\" \/>\n\t<meta name=\"twitter:data2\" content=\"2 minutos\" \/>\n<script type=\"application\/ld+json\" class=\"yoast-schema-graph\">{\"@context\":\"https:\/\/schema.org\",\"@graph\":[{\"@type\":\"WebPage\",\"@id\":\"https:\/\/zacatecastrespuntocero.news\/?p=7763\",\"url\":\"https:\/\/zacatecastrespuntocero.news\/?p=7763\",\"name\":\"\u201cImprocedente e Ignorante\u201d: Gobierno Estatal rechaza municipalizaci\u00f3n de Tr\u00e1nsito en Fresnillo - Zacatecas 3.0\",\"isPartOf\":{\"@id\":\"https:\/\/zacatecastrespuntocero.news\/#website\"},\"primaryImageOfPage\":{\"@id\":\"https:\/\/zacatecastrespuntocero.news\/?p=7763#primaryimage\"},\"image\":{\"@id\":\"https:\/\/zacatecastrespuntocero.news\/?p=7763#primaryimage\"},\"thumbnailUrl\":\"https:\/\/zacatecastrespuntocero.news\/wp-content\/uploads\/2025\/07\/IMG_4234.jpeg\",\"datePublished\":\"2025-07-04T16:10:08+00:00\",\"author\":{\"@id\":\"https:\/\/zacatecastrespuntocero.news\/#\/schema\/person\/a2399b2ec551c85a553c7e32e0eb5f01\"},\"breadcrumb\":{\"@id\":\"https:\/\/zacatecastrespuntocero.news\/?p=7763#breadcrumb\"},\"inLanguage\":\"es\",\"potentialAction\":[{\"@type\":\"ReadAction\",\"target\":[\"https:\/\/zacatecastrespuntocero.news\/?p=7763\"]}]},{\"@type\":\"ImageObject\",\"inLanguage\":\"es\",\"@id\":\"https:\/\/zacatecastrespuntocero.news\/?p=7763#primaryimage\",\"url\":\"https:\/\/zacatecastrespuntocero.news\/wp-content\/uploads\/2025\/07\/IMG_4234.jpeg\",\"contentUrl\":\"https:\/\/zacatecastrespuntocero.news\/wp-content\/uploads\/2025\/07\/IMG_4234.jpeg\",\"width\":677,\"height\":453},{\"@type\":\"BreadcrumbList\",\"@id\":\"https:\/\/zacatecastrespuntocero.news\/?p=7763#breadcrumb\",\"itemListElement\":[{\"@type\":\"ListItem\",\"position\":1,\"name\":\"Portada\",\"item\":\"https:\/\/zacatecastrespuntocero.news\/\"},{\"@type\":\"ListItem\",\"position\":2,\"name\":\"\u201cImprocedente e Ignorante\u201d: Gobierno Estatal rechaza municipalizaci\u00f3n de Tr\u00e1nsito en Fresnillo\"}]},{\"@type\":\"WebSite\",\"@id\":\"https:\/\/zacatecastrespuntocero.news\/#website\",\"url\":\"https:\/\/zacatecastrespuntocero.news\/\",\"name\":\"Zacatecas 3.0\",\"description\":\"\",\"potentialAction\":[{\"@type\":\"SearchAction\",\"target\":{\"@type\":\"EntryPoint\",\"urlTemplate\":\"https:\/\/zacatecastrespuntocero.news\/?s={search_term_string}\"},\"query-input\":{\"@type\":\"PropertyValueSpecification\",\"valueRequired\":true,\"valueName\":\"search_term_string\"}}],\"inLanguage\":\"es\"},{\"@type\":\"Person\",\"@id\":\"https:\/\/zacatecastrespuntocero.news\/#\/schema\/person\/a2399b2ec551c85a553c7e32e0eb5f01\",\"name\":\"Redacci\u00f3n Zacatecas 3.0\",\"image\":{\"@type\":\"ImageObject\",\"inLanguage\":\"es\",\"@id\":\"https:\/\/zacatecastrespuntocero.news\/#\/schema\/person\/image\/\",\"url\":\"https:\/\/secure.gravatar.com\/avatar\/898fb33ef49f211210b8183325052d3ced37d55b713857db60393870972a9248?s=96&d=mm&r=g\",\"contentUrl\":\"https:\/\/secure.gravatar.com\/avatar\/898fb33ef49f211210b8183325052d3ced37d55b713857db60393870972a9248?s=96&d=mm&r=g\",\"caption\":\"Redacci\u00f3n Zacatecas 3.0\"},\"sameAs\":[\"http:\/\/zacatecastrespuntocero.news\"],\"url\":\"https:\/\/zacatecastrespuntocero.news\/?author=2\"}]}<\/script>\n<!-- \/ Yoast SEO plugin. -->","yoast_head_json":{"title":"\u201cImprocedente e Ignorante\u201d: Gobierno Estatal rechaza municipalizaci\u00f3n de Tr\u00e1nsito en Fresnillo - Zacatecas 3.0","robots":{"index":"index","follow":"follow","max-snippet":"max-snippet:-1","max-image-preview":"max-image-preview:large","max-video-preview":"max-video-preview:-1"},"canonical":"https:\/\/zacatecastrespuntocero.news\/?p=7763","og_locale":"es_ES","og_type":"article","og_title":"\u201cImprocedente e Ignorante\u201d: Gobierno Estatal rechaza municipalizaci\u00f3n de Tr\u00e1nsito en Fresnillo - Zacatecas 3.0","og_description":"&nbsp; La reciente aprobaci\u00f3n del Cabildo de Fresnillo para municipalizar el servicio de tr\u00e1nsito provoc\u00f3 un fuerte choque con el Gobierno del Estado. Mientras el alcalde Javier Torres Rodr\u00edguez defiende la medida como legal y necesaria para mejorar la movilidad y el orden vial, el gobernador David Monreal \u00c1vila la calific\u00f3 de \u201cimprocedente\u201d y \u201ccarente [&hellip;]","og_url":"https:\/\/zacatecastrespuntocero.news\/?p=7763","og_site_name":"Zacatecas 3.0","article_published_time":"2025-07-04T16:10:08+00:00","og_image":[{"width":677,"height":453,"url":"https:\/\/zacatecastrespuntocero.news\/wp-content\/uploads\/2025\/07\/IMG_4234.jpeg","type":"image\/jpeg"}],"author":"Redacci\u00f3n Zacatecas 3.0","twitter_card":"summary_large_image","twitter_misc":{"Escrito por":"Redacci\u00f3n Zacatecas 3.0","Tiempo de lectura":"2 minutos"},"schema":{"@context":"https:\/\/schema.org","@graph":[{"@type":"WebPage","@id":"https:\/\/zacatecastrespuntocero.news\/?p=7763","url":"https:\/\/zacatecastrespuntocero.news\/?p=7763","name":"\u201cImprocedente e Ignorante\u201d: Gobierno Estatal rechaza municipalizaci\u00f3n de Tr\u00e1nsito en Fresnillo - Zacatecas 3.0","isPartOf":{"@id":"https:\/\/zacatecastrespuntocero.news\/#website"},"primaryImageOfPage":{"@id":"https:\/\/zacatecastrespuntocero.news\/?p=7763#primaryimage"},"image":{"@id":"https:\/\/zacatecastrespuntocero.news\/?p=7763#primaryimage"},"thumbnailUrl":"https:\/\/zacatecastrespuntocero.news\/wp-content\/uploads\/2025\/07\/IMG_4234.jpeg","datePublished":"2025-07-04T16:10:08+00:00","author":{"@id":"https:\/\/zacatecastrespuntocero.news\/#\/schema\/person\/a2399b2ec551c85a553c7e32e0eb5f01"},"breadcrumb":{"@id":"https:\/\/zacatecastrespuntocero.news\/?p=7763#breadcrumb"},"inLanguage":"es","potentialAction":[{"@type":"ReadAction","target":["https:\/\/zacatecastrespuntocero.news\/?p=7763"]}]},{"@type":"ImageObject","inLanguage":"es","@id":"https:\/\/zacatecastrespuntocero.news\/?p=7763#primaryimage","url":"https:\/\/zacatecastrespuntocero.news\/wp-content\/uploads\/2025\/07\/IMG_4234.jpeg","contentUrl":"https:\/\/zacatecastrespuntocero.news\/wp-content\/uploads\/2025\/07\/IMG_4234.jpeg","width":677,"height":453},{"@type":"BreadcrumbList","@id":"https:\/\/zacatecastrespuntocero.news\/?p=7763#breadcrumb","itemListElement":[{"@type":"ListItem","position":1,"name":"Portada","item":"https:\/\/zacatecastrespuntocero.news\/"},{"@type":"ListItem","position":2,"name":"\u201cImprocedente e Ignorante\u201d: Gobierno Estatal rechaza municipalizaci\u00f3n de Tr\u00e1nsito en Fresnillo"}]},{"@type":"WebSite","@id":"https:\/\/zacatecastrespuntocero.news\/#website","url":"https:\/\/zacatecastrespuntocero.news\/","name":"Zacatecas 3.0","description":"","potentialAction":[{"@type":"SearchAction","target":{"@type":"EntryPoint","urlTemplate":"https:\/\/zacatecastrespuntocero.news\/?s={search_term_string}"},"query-input":{"@type":"PropertyValueSpecification","valueRequired":true,"valueName":"search_term_string"}}],"inLanguage":"es"},{"@type":"Person","@id":"https:\/\/zacatecastrespuntocero.news\/#\/schema\/person\/a2399b2ec551c85a553c7e32e0eb5f01","name":"Redacci\u00f3n Zacatecas 3.0","image":{"@type":"ImageObject","inLanguage":"es","@id":"https:\/\/zacatecastrespuntocero.news\/#\/schema\/person\/image\/","url":"https:\/\/secure.gravatar.com\/avatar\/898fb33ef49f211210b8183325052d3ced37d55b713857db60393870972a9248?s=96&d=mm&r=g","contentUrl":"https:\/\/secure.gravatar.com\/avatar\/898fb33ef49f211210b8183325052d3ced37d55b713857db60393870972a9248?s=96&d=mm&r=g","caption":"Redacci\u00f3n Zacatecas 3.0"},"sameAs":["http:\/\/zacatecastrespuntocero.news"],"url":"https:\/\/zacatecastrespuntocero.news\/?author=2"}]}},"_links":{"self":[{"href":"https:\/\/zacatecastrespuntocero.news\/index.php?rest_route=\/wp\/v2\/posts\/7763","targetHints":{"allow":["GET"]}}],"collection":[{"href":"https:\/\/zacatecastrespuntocero.news\/index.php?rest_route=\/wp\/v2\/posts"}],"about":[{"href":"https:\/\/zacatecastrespuntocero.news\/index.php?rest_route=\/wp\/v2\/types\/post"}],"author":[{"embeddable":true,"href":"https:\/\/zacatecastrespuntocero.news\/index.php?rest_route=\/wp\/v2\/users\/2"}],"replies":[{"embeddable":true,"href":"https:\/\/zacatecastrespuntocero.news\/index.php?rest_route=%2Fwp%2Fv2%2Fcomments&post=7763"}],"version-history":[{"count":1,"href":"https:\/\/zacatecastrespuntocero.news\/index.php?rest_route=\/wp\/v2\/posts\/7763\/revisions"}],"predecessor-version":[{"id":7764,"href":"https:\/\/zacatecastrespuntocero.news\/index.php?rest_route=\/wp\/v2\/posts\/7763\/revisions\/7764"}],"wp:featuredmedia":[{"embeddable":true,"href":"https:\/\/zacatecastrespuntocero.news\/index.php?rest_route=\/wp\/v2\/media\/7713"}],"wp:attachment":[{"href":"https:\/\/zacatecastrespuntocero.news\/index.php?rest_route=%2Fwp%2Fv2%2Fmedia&parent=7763"}],"wp:term":[{"taxonomy":"category","embeddable":true,"href":"https:\/\/zacatecastrespuntocero.news\/index.php?rest_route=%2Fwp%2Fv2%2Fcategories&post=7763"},{"taxonomy":"post_tag","embeddable":true,"href":"https:\/\/zacatecastrespuntocero.news\/index.php?rest_route=%2Fwp%2Fv2%2Ftags&post=7763"}],"curies":[{"name":"wp","href":"https:\/\/api.w.org\/{rel}","templated":true}]}}