{"id":9504,"date":"2025-08-14T16:47:40","date_gmt":"2025-08-14T16:47:40","guid":{"rendered":"https:\/\/zacatecastrespuntocero.news\/?p=9504"},"modified":"2025-08-14T16:47:40","modified_gmt":"2025-08-14T16:47:40","slug":"zacatecas-entre-los-estados-con-mas-pobreza-en-mexico","status":"publish","type":"post","link":"https:\/\/zacatecastrespuntocero.news\/?p=9504","title":{"rendered":"Zacatecas entre los estados con m\u00e1s pobreza en M\u00e9xico"},"content":{"rendered":"<p>&nbsp;<\/p>\n<p>M\u00e1s de 605 mil zacatecanos enfrentan condiciones de pobreza multidimensional, lo que equivale al 36.4% de la poblaci\u00f3n total del estado. Esta cifra coloca a Zacatecas en el octavo lugar a nivel nacional con mayor porcentaje de habitantes en esta situaci\u00f3n, superando por 6.8 puntos la media del pa\u00eds, que es de 29.6%.<\/p>\n<p>El reporte del Inegi correspondiente a 2024 detalla que, aunque en comparaci\u00f3n con 2022 se registr\u00f3 una ligera disminuci\u00f3n en el n\u00famero de personas con carencias, Zacatecas escal\u00f3 del noveno al octavo sitio en la lista de entidades con m\u00e1s rezago social.<\/p>\n<p>Actualmente, la entidad solo se encuentra por debajo de Chiapas, Guerrero, Oaxaca, Veracruz, Puebla, Tlaxcala y Campeche, estados que concentran los mayores \u00edndices de pobreza en M\u00e9xico. En el lado opuesto destacan Baja California, Nuevo Le\u00f3n, Coahuila y Sonora, donde se reportan los porcentajes m\u00e1s bajos.<\/p>\n<p>El concepto de \u201cpobreza multidimensional\u201d se mide considerando tanto los ingresos como el acceso a derechos b\u00e1sicos: educaci\u00f3n, salud, seguridad social, vivienda digna y alimentaci\u00f3n, adem\u00e1s de las condiciones del entorno en el que habitan las personas.<\/p>\n","protected":false},"excerpt":{"rendered":"<p>&nbsp; M\u00e1s de 605 mil zacatecanos enfrentan condiciones de pobreza multidimensional, lo que equivale al 36.4% de la poblaci\u00f3n total del estado. Esta cifra coloca a Zacatecas en el octavo lugar a nivel nacional con mayor porcentaje de habitantes en esta situaci\u00f3n, superando por 6.8 puntos la media del pa\u00eds, que es de 29.6%. El [&hellip;]<\/p>\n","protected":false},"author":2,"featured_media":9505,"comment_status":"open","ping_status":"open","sticky":false,"template":"","format":"image","meta":{"footnotes":""},"categories":[38],"tags":[],"class_list":["post-9504","post","type-post","status-publish","format-image","has-post-thumbnail","hentry","category-estatal","post_format-post-format-image"],"yoast_head":"<!-- This site is optimized with the Yoast SEO plugin v24.7 - https:\/\/yoast.com\/wordpress\/plugins\/seo\/ -->\n<title>Zacatecas entre los estados con m\u00e1s pobreza en M\u00e9xico - Zacatecas 3.0<\/title>\n<meta name=\"robots\" content=\"index, follow, max-snippet:-1, max-image-preview:large, max-video-preview:-1\" \/>\n<link rel=\"canonical\" href=\"https:\/\/zacatecastrespuntocero.news\/?p=9504\" \/>\n<meta property=\"og:locale\" content=\"es_ES\" \/>\n<meta property=\"og:type\" content=\"article\" \/>\n<meta property=\"og:title\" content=\"Zacatecas entre los estados con m\u00e1s pobreza en M\u00e9xico - Zacatecas 3.0\" \/>\n<meta property=\"og:description\" content=\"&nbsp; M\u00e1s de 605 mil zacatecanos enfrentan condiciones de pobreza multidimensional, lo que equivale al 36.4% de la poblaci\u00f3n total del estado. Esta cifra coloca a Zacatecas en el octavo lugar a nivel nacional con mayor porcentaje de habitantes en esta situaci\u00f3n, superando por 6.8 puntos la media del pa\u00eds, que es de 29.6%. El [&hellip;]\" \/>\n<meta property=\"og:url\" content=\"https:\/\/zacatecastrespuntocero.news\/?p=9504\" \/>\n<meta property=\"og:site_name\" content=\"Zacatecas 3.0\" \/>\n<meta property=\"article:published_time\" content=\"2025-08-14T16:47:40+00:00\" \/>\n<meta property=\"og:image\" content=\"https:\/\/zacatecastrespuntocero.news\/wp-content\/uploads\/2025\/08\/IMG_7842.jpeg\" \/>\n\t<meta property=\"og:image:width\" content=\"980\" \/>\n\t<meta property=\"og:image:height\" content=\"617\" \/>\n\t<meta property=\"og:image:type\" content=\"image\/jpeg\" \/>\n<meta name=\"author\" content=\"Redacci\u00f3n Zacatecas 3.0\" \/>\n<meta name=\"twitter:card\" content=\"summary_large_image\" \/>\n<meta name=\"twitter:label1\" content=\"Escrito por\" \/>\n\t<meta name=\"twitter:data1\" content=\"Redacci\u00f3n Zacatecas 3.0\" \/>\n\t<meta name=\"twitter:label2\" content=\"Tiempo de lectura\" \/>\n\t<meta name=\"twitter:data2\" content=\"1 minuto\" \/>\n<script type=\"application\/ld+json\" class=\"yoast-schema-graph\">{\"@context\":\"https:\/\/schema.org\",\"@graph\":[{\"@type\":\"WebPage\",\"@id\":\"https:\/\/zacatecastrespuntocero.news\/?p=9504\",\"url\":\"https:\/\/zacatecastrespuntocero.news\/?p=9504\",\"name\":\"Zacatecas entre los estados con m\u00e1s pobreza en M\u00e9xico - Zacatecas 3.0\",\"isPartOf\":{\"@id\":\"https:\/\/zacatecastrespuntocero.news\/#website\"},\"primaryImageOfPage\":{\"@id\":\"https:\/\/zacatecastrespuntocero.news\/?p=9504#primaryimage\"},\"image\":{\"@id\":\"https:\/\/zacatecastrespuntocero.news\/?p=9504#primaryimage\"},\"thumbnailUrl\":\"https:\/\/zacatecastrespuntocero.news\/wp-content\/uploads\/2025\/08\/IMG_7842.jpeg\",\"datePublished\":\"2025-08-14T16:47:40+00:00\",\"author\":{\"@id\":\"https:\/\/zacatecastrespuntocero.news\/#\/schema\/person\/a2399b2ec551c85a553c7e32e0eb5f01\"},\"breadcrumb\":{\"@id\":\"https:\/\/zacatecastrespuntocero.news\/?p=9504#breadcrumb\"},\"inLanguage\":\"es\",\"potentialAction\":[{\"@type\":\"ReadAction\",\"target\":[\"https:\/\/zacatecastrespuntocero.news\/?p=9504\"]}]},{\"@type\":\"ImageObject\",\"inLanguage\":\"es\",\"@id\":\"https:\/\/zacatecastrespuntocero.news\/?p=9504#primaryimage\",\"url\":\"https:\/\/zacatecastrespuntocero.news\/wp-content\/uploads\/2025\/08\/IMG_7842.jpeg\",\"contentUrl\":\"https:\/\/zacatecastrespuntocero.news\/wp-content\/uploads\/2025\/08\/IMG_7842.jpeg\",\"width\":980,\"height\":617},{\"@type\":\"BreadcrumbList\",\"@id\":\"https:\/\/zacatecastrespuntocero.news\/?p=9504#breadcrumb\",\"itemListElement\":[{\"@type\":\"ListItem\",\"position\":1,\"name\":\"Portada\",\"item\":\"https:\/\/zacatecastrespuntocero.news\/\"},{\"@type\":\"ListItem\",\"position\":2,\"name\":\"Zacatecas entre los estados con m\u00e1s pobreza en M\u00e9xico\"}]},{\"@type\":\"WebSite\",\"@id\":\"https:\/\/zacatecastrespuntocero.news\/#website\",\"url\":\"https:\/\/zacatecastrespuntocero.news\/\",\"name\":\"Zacatecas 3.0\",\"description\":\"\",\"potentialAction\":[{\"@type\":\"SearchAction\",\"target\":{\"@type\":\"EntryPoint\",\"urlTemplate\":\"https:\/\/zacatecastrespuntocero.news\/?s={search_term_string}\"},\"query-input\":{\"@type\":\"PropertyValueSpecification\",\"valueRequired\":true,\"valueName\":\"search_term_string\"}}],\"inLanguage\":\"es\"},{\"@type\":\"Person\",\"@id\":\"https:\/\/zacatecastrespuntocero.news\/#\/schema\/person\/a2399b2ec551c85a553c7e32e0eb5f01\",\"name\":\"Redacci\u00f3n Zacatecas 3.0\",\"image\":{\"@type\":\"ImageObject\",\"inLanguage\":\"es\",\"@id\":\"https:\/\/zacatecastrespuntocero.news\/#\/schema\/person\/image\/\",\"url\":\"https:\/\/secure.gravatar.com\/avatar\/898fb33ef49f211210b8183325052d3ced37d55b713857db60393870972a9248?s=96&d=mm&r=g\",\"contentUrl\":\"https:\/\/secure.gravatar.com\/avatar\/898fb33ef49f211210b8183325052d3ced37d55b713857db60393870972a9248?s=96&d=mm&r=g\",\"caption\":\"Redacci\u00f3n Zacatecas 3.0\"},\"sameAs\":[\"http:\/\/zacatecastrespuntocero.news\"],\"url\":\"https:\/\/zacatecastrespuntocero.news\/?author=2\"}]}<\/script>\n<!-- \/ Yoast SEO plugin. -->","yoast_head_json":{"title":"Zacatecas entre los estados con m\u00e1s pobreza en M\u00e9xico - Zacatecas 3.0","robots":{"index":"index","follow":"follow","max-snippet":"max-snippet:-1","max-image-preview":"max-image-preview:large","max-video-preview":"max-video-preview:-1"},"canonical":"https:\/\/zacatecastrespuntocero.news\/?p=9504","og_locale":"es_ES","og_type":"article","og_title":"Zacatecas entre los estados con m\u00e1s pobreza en M\u00e9xico - Zacatecas 3.0","og_description":"&nbsp; M\u00e1s de 605 mil zacatecanos enfrentan condiciones de pobreza multidimensional, lo que equivale al 36.4% de la poblaci\u00f3n total del estado. Esta cifra coloca a Zacatecas en el octavo lugar a nivel nacional con mayor porcentaje de habitantes en esta situaci\u00f3n, superando por 6.8 puntos la media del pa\u00eds, que es de 29.6%. El [&hellip;]","og_url":"https:\/\/zacatecastrespuntocero.news\/?p=9504","og_site_name":"Zacatecas 3.0","article_published_time":"2025-08-14T16:47:40+00:00","og_image":[{"width":980,"height":617,"url":"https:\/\/zacatecastrespuntocero.news\/wp-content\/uploads\/2025\/08\/IMG_7842.jpeg","type":"image\/jpeg"}],"author":"Redacci\u00f3n Zacatecas 3.0","twitter_card":"summary_large_image","twitter_misc":{"Escrito por":"Redacci\u00f3n Zacatecas 3.0","Tiempo de lectura":"1 minuto"},"schema":{"@context":"https:\/\/schema.org","@graph":[{"@type":"WebPage","@id":"https:\/\/zacatecastrespuntocero.news\/?p=9504","url":"https:\/\/zacatecastrespuntocero.news\/?p=9504","name":"Zacatecas entre los estados con m\u00e1s pobreza en M\u00e9xico - Zacatecas 3.0","isPartOf":{"@id":"https:\/\/zacatecastrespuntocero.news\/#website"},"primaryImageOfPage":{"@id":"https:\/\/zacatecastrespuntocero.news\/?p=9504#primaryimage"},"image":{"@id":"https:\/\/zacatecastrespuntocero.news\/?p=9504#primaryimage"},"thumbnailUrl":"https:\/\/zacatecastrespuntocero.news\/wp-content\/uploads\/2025\/08\/IMG_7842.jpeg","datePublished":"2025-08-14T16:47:40+00:00","author":{"@id":"https:\/\/zacatecastrespuntocero.news\/#\/schema\/person\/a2399b2ec551c85a553c7e32e0eb5f01"},"breadcrumb":{"@id":"https:\/\/zacatecastrespuntocero.news\/?p=9504#breadcrumb"},"inLanguage":"es","potentialAction":[{"@type":"ReadAction","target":["https:\/\/zacatecastrespuntocero.news\/?p=9504"]}]},{"@type":"ImageObject","inLanguage":"es","@id":"https:\/\/zacatecastrespuntocero.news\/?p=9504#primaryimage","url":"https:\/\/zacatecastrespuntocero.news\/wp-content\/uploads\/2025\/08\/IMG_7842.jpeg","contentUrl":"https:\/\/zacatecastrespuntocero.news\/wp-content\/uploads\/2025\/08\/IMG_7842.jpeg","width":980,"height":617},{"@type":"BreadcrumbList","@id":"https:\/\/zacatecastrespuntocero.news\/?p=9504#breadcrumb","itemListElement":[{"@type":"ListItem","position":1,"name":"Portada","item":"https:\/\/zacatecastrespuntocero.news\/"},{"@type":"ListItem","position":2,"name":"Zacatecas entre los estados con m\u00e1s pobreza en M\u00e9xico"}]},{"@type":"WebSite","@id":"https:\/\/zacatecastrespuntocero.news\/#website","url":"https:\/\/zacatecastrespuntocero.news\/","name":"Zacatecas 3.0","description":"","potentialAction":[{"@type":"SearchAction","target":{"@type":"EntryPoint","urlTemplate":"https:\/\/zacatecastrespuntocero.news\/?s={search_term_string}"},"query-input":{"@type":"PropertyValueSpecification","valueRequired":true,"valueName":"search_term_string"}}],"inLanguage":"es"},{"@type":"Person","@id":"https:\/\/zacatecastrespuntocero.news\/#\/schema\/person\/a2399b2ec551c85a553c7e32e0eb5f01","name":"Redacci\u00f3n Zacatecas 3.0","image":{"@type":"ImageObject","inLanguage":"es","@id":"https:\/\/zacatecastrespuntocero.news\/#\/schema\/person\/image\/","url":"https:\/\/secure.gravatar.com\/avatar\/898fb33ef49f211210b8183325052d3ced37d55b713857db60393870972a9248?s=96&d=mm&r=g","contentUrl":"https:\/\/secure.gravatar.com\/avatar\/898fb33ef49f211210b8183325052d3ced37d55b713857db60393870972a9248?s=96&d=mm&r=g","caption":"Redacci\u00f3n Zacatecas 3.0"},"sameAs":["http:\/\/zacatecastrespuntocero.news"],"url":"https:\/\/zacatecastrespuntocero.news\/?author=2"}]}},"_links":{"self":[{"href":"https:\/\/zacatecastrespuntocero.news\/index.php?rest_route=\/wp\/v2\/posts\/9504","targetHints":{"allow":["GET"]}}],"collection":[{"href":"https:\/\/zacatecastrespuntocero.news\/index.php?rest_route=\/wp\/v2\/posts"}],"about":[{"href":"https:\/\/zacatecastrespuntocero.news\/index.php?rest_route=\/wp\/v2\/types\/post"}],"author":[{"embeddable":true,"href":"https:\/\/zacatecastrespuntocero.news\/index.php?rest_route=\/wp\/v2\/users\/2"}],"replies":[{"embeddable":true,"href":"https:\/\/zacatecastrespuntocero.news\/index.php?rest_route=%2Fwp%2Fv2%2Fcomments&post=9504"}],"version-history":[{"count":1,"href":"https:\/\/zacatecastrespuntocero.news\/index.php?rest_route=\/wp\/v2\/posts\/9504\/revisions"}],"predecessor-version":[{"id":9506,"href":"https:\/\/zacatecastrespuntocero.news\/index.php?rest_route=\/wp\/v2\/posts\/9504\/revisions\/9506"}],"wp:featuredmedia":[{"embeddable":true,"href":"https:\/\/zacatecastrespuntocero.news\/index.php?rest_route=\/wp\/v2\/media\/9505"}],"wp:attachment":[{"href":"https:\/\/zacatecastrespuntocero.news\/index.php?rest_route=%2Fwp%2Fv2%2Fmedia&parent=9504"}],"wp:term":[{"taxonomy":"category","embeddable":true,"href":"https:\/\/zacatecastrespuntocero.news\/index.php?rest_route=%2Fwp%2Fv2%2Fcategories&post=9504"},{"taxonomy":"post_tag","embeddable":true,"href":"https:\/\/zacatecastrespuntocero.news\/index.php?rest_route=%2Fwp%2Fv2%2Ftags&post=9504"}],"curies":[{"name":"wp","href":"https:\/\/api.w.org\/{rel}","templated":true}]}}