{"id":9507,"date":"2025-08-14T16:59:36","date_gmt":"2025-08-14T16:59:36","guid":{"rendered":"https:\/\/zacatecastrespuntocero.news\/?p=9507"},"modified":"2025-08-14T16:59:36","modified_gmt":"2025-08-14T16:59:36","slug":"christian-nodal-aclara-polemica-y-se-disculpa-con-cazzu-por-inicio-de-su-relacion-con-angela-aguilar","status":"publish","type":"post","link":"https:\/\/zacatecastrespuntocero.news\/?p=9507","title":{"rendered":"Christian Nodal aclara pol\u00e9mica y se disculpa con Cazzu por inicio de su relaci\u00f3n con \u00c1ngela Aguilar"},"content":{"rendered":"<p>Christian Nodal rompi\u00f3 el silencio sobre la controversia que rode\u00f3 el inicio de su romance con \u00c1ngela Aguilar, ocurrido pocos d\u00edas despu\u00e9s de su ruptura con Cazzu. En entrevista con Adela Micha, el cantante pidi\u00f3 disculpas a la madre de su hija, Inti, si en alg\u00fan momento la lastim\u00f3, asegurando que su intenci\u00f3n siempre fue cuidar su dolor. Reconoci\u00f3 que se enamor\u00f3 de \u00c1ngela poco despu\u00e9s de separarse y que incluso se cas\u00f3 con ella el 29 de mayo en Roma.<\/p>\n<p>El int\u00e9rprete de Ya no somos ni seremos neg\u00f3 que \u00c1ngela Aguilar haya sido \u201cla tercera en discordia\u201d y sostuvo que su relaci\u00f3n con Cazzu ya hab\u00eda finalizado de manera definitiva el 8 de mayo de 2024, tras varias rupturas previas. Se\u00f1al\u00f3 que comenz\u00f3 a salir con \u00c1ngela el 14 de mayo y que, una semana despu\u00e9s, inform\u00f3 a Cazzu sobre la nueva relaci\u00f3n, sin que en ese momento ella mostrara molestia.<\/p>\n<p>Nodal dijo sorprenderse por las declaraciones de Cazzu en un podcast, en octubre de 2024, donde ella expres\u00f3 que s\u00ed se sinti\u00f3 lastimada por la forma en que ocurrieron las cosas. Seg\u00fan el cantante, esa versi\u00f3n contrast\u00f3 con las conversaciones que hab\u00edan tenido y motiv\u00f3 su decisi\u00f3n de defender p\u00fablicamente a su esposa ante las cr\u00edticas.<\/p>\n<p>El sonorense insisti\u00f3 en que nunca existi\u00f3 contacto con \u00c1ngela Aguilar durante su relaci\u00f3n con Cazzu y que ambos, \u00e9l y su expareja, son los \u00fanicos responsables del fin de su historia. \u201c\u00c1ngela no le rompi\u00f3 el coraz\u00f3n a mi hija. En nuestra relaci\u00f3n nunca estuvo presente, nunca hubo mensajes o acercamientos\u201d, afirm\u00f3, reiterando que su boda con la cantante fue una decisi\u00f3n impulsada por el amor que surgi\u00f3 tras reencontrarse.<\/p>\n","protected":false},"excerpt":{"rendered":"<p>Christian Nodal rompi\u00f3 el silencio sobre la controversia que rode\u00f3 el inicio de su romance con \u00c1ngela Aguilar, ocurrido pocos d\u00edas despu\u00e9s de su ruptura con Cazzu. En entrevista con Adela Micha, el cantante pidi\u00f3 disculpas a la madre de su hija, Inti, si en alg\u00fan momento la lastim\u00f3, asegurando que su intenci\u00f3n siempre fue [&hellip;]<\/p>\n","protected":false},"author":2,"featured_media":9508,"comment_status":"open","ping_status":"open","sticky":false,"template":"","format":"image","meta":{"footnotes":""},"categories":[64],"tags":[],"class_list":["post-9507","post","type-post","status-publish","format-image","has-post-thumbnail","hentry","category-entretenimiento","post_format-post-format-image"],"yoast_head":"<!-- This site is optimized with the Yoast SEO plugin v24.7 - https:\/\/yoast.com\/wordpress\/plugins\/seo\/ -->\n<title>Christian Nodal aclara pol\u00e9mica y se disculpa con Cazzu por inicio de su relaci\u00f3n con \u00c1ngela Aguilar - Zacatecas 3.0<\/title>\n<meta name=\"robots\" content=\"index, follow, max-snippet:-1, max-image-preview:large, max-video-preview:-1\" \/>\n<link rel=\"canonical\" href=\"https:\/\/zacatecastrespuntocero.news\/?p=9507\" \/>\n<meta property=\"og:locale\" content=\"es_ES\" \/>\n<meta property=\"og:type\" content=\"article\" \/>\n<meta property=\"og:title\" content=\"Christian Nodal aclara pol\u00e9mica y se disculpa con Cazzu por inicio de su relaci\u00f3n con \u00c1ngela Aguilar - Zacatecas 3.0\" \/>\n<meta property=\"og:description\" content=\"Christian Nodal rompi\u00f3 el silencio sobre la controversia que rode\u00f3 el inicio de su romance con \u00c1ngela Aguilar, ocurrido pocos d\u00edas despu\u00e9s de su ruptura con Cazzu. En entrevista con Adela Micha, el cantante pidi\u00f3 disculpas a la madre de su hija, Inti, si en alg\u00fan momento la lastim\u00f3, asegurando que su intenci\u00f3n siempre fue [&hellip;]\" \/>\n<meta property=\"og:url\" content=\"https:\/\/zacatecastrespuntocero.news\/?p=9507\" \/>\n<meta property=\"og:site_name\" content=\"Zacatecas 3.0\" \/>\n<meta property=\"article:published_time\" content=\"2025-08-14T16:59:36+00:00\" \/>\n<meta property=\"og:image\" content=\"https:\/\/zacatecastrespuntocero.news\/wp-content\/uploads\/2025\/08\/WhatsApp-Image-2025-08-14-at-9.41.29-AM.jpeg\" \/>\n\t<meta property=\"og:image:width\" content=\"1200\" \/>\n\t<meta property=\"og:image:height\" content=\"800\" \/>\n\t<meta property=\"og:image:type\" content=\"image\/jpeg\" \/>\n<meta name=\"author\" content=\"Redacci\u00f3n Zacatecas 3.0\" \/>\n<meta name=\"twitter:card\" content=\"summary_large_image\" \/>\n<meta name=\"twitter:label1\" content=\"Escrito por\" \/>\n\t<meta name=\"twitter:data1\" content=\"Redacci\u00f3n Zacatecas 3.0\" \/>\n\t<meta name=\"twitter:label2\" content=\"Tiempo de lectura\" \/>\n\t<meta name=\"twitter:data2\" content=\"2 minutos\" \/>\n<script type=\"application\/ld+json\" class=\"yoast-schema-graph\">{\"@context\":\"https:\/\/schema.org\",\"@graph\":[{\"@type\":\"WebPage\",\"@id\":\"https:\/\/zacatecastrespuntocero.news\/?p=9507\",\"url\":\"https:\/\/zacatecastrespuntocero.news\/?p=9507\",\"name\":\"Christian Nodal aclara pol\u00e9mica y se disculpa con Cazzu por inicio de su relaci\u00f3n con \u00c1ngela Aguilar - Zacatecas 3.0\",\"isPartOf\":{\"@id\":\"https:\/\/zacatecastrespuntocero.news\/#website\"},\"primaryImageOfPage\":{\"@id\":\"https:\/\/zacatecastrespuntocero.news\/?p=9507#primaryimage\"},\"image\":{\"@id\":\"https:\/\/zacatecastrespuntocero.news\/?p=9507#primaryimage\"},\"thumbnailUrl\":\"https:\/\/zacatecastrespuntocero.news\/wp-content\/uploads\/2025\/08\/WhatsApp-Image-2025-08-14-at-9.41.29-AM.jpeg\",\"datePublished\":\"2025-08-14T16:59:36+00:00\",\"author\":{\"@id\":\"https:\/\/zacatecastrespuntocero.news\/#\/schema\/person\/a2399b2ec551c85a553c7e32e0eb5f01\"},\"breadcrumb\":{\"@id\":\"https:\/\/zacatecastrespuntocero.news\/?p=9507#breadcrumb\"},\"inLanguage\":\"es\",\"potentialAction\":[{\"@type\":\"ReadAction\",\"target\":[\"https:\/\/zacatecastrespuntocero.news\/?p=9507\"]}]},{\"@type\":\"ImageObject\",\"inLanguage\":\"es\",\"@id\":\"https:\/\/zacatecastrespuntocero.news\/?p=9507#primaryimage\",\"url\":\"https:\/\/zacatecastrespuntocero.news\/wp-content\/uploads\/2025\/08\/WhatsApp-Image-2025-08-14-at-9.41.29-AM.jpeg\",\"contentUrl\":\"https:\/\/zacatecastrespuntocero.news\/wp-content\/uploads\/2025\/08\/WhatsApp-Image-2025-08-14-at-9.41.29-AM.jpeg\",\"width\":1200,\"height\":800},{\"@type\":\"BreadcrumbList\",\"@id\":\"https:\/\/zacatecastrespuntocero.news\/?p=9507#breadcrumb\",\"itemListElement\":[{\"@type\":\"ListItem\",\"position\":1,\"name\":\"Portada\",\"item\":\"https:\/\/zacatecastrespuntocero.news\/\"},{\"@type\":\"ListItem\",\"position\":2,\"name\":\"Christian Nodal aclara pol\u00e9mica y se disculpa con Cazzu por inicio de su relaci\u00f3n con \u00c1ngela Aguilar\"}]},{\"@type\":\"WebSite\",\"@id\":\"https:\/\/zacatecastrespuntocero.news\/#website\",\"url\":\"https:\/\/zacatecastrespuntocero.news\/\",\"name\":\"Zacatecas 3.0\",\"description\":\"\",\"potentialAction\":[{\"@type\":\"SearchAction\",\"target\":{\"@type\":\"EntryPoint\",\"urlTemplate\":\"https:\/\/zacatecastrespuntocero.news\/?s={search_term_string}\"},\"query-input\":{\"@type\":\"PropertyValueSpecification\",\"valueRequired\":true,\"valueName\":\"search_term_string\"}}],\"inLanguage\":\"es\"},{\"@type\":\"Person\",\"@id\":\"https:\/\/zacatecastrespuntocero.news\/#\/schema\/person\/a2399b2ec551c85a553c7e32e0eb5f01\",\"name\":\"Redacci\u00f3n Zacatecas 3.0\",\"image\":{\"@type\":\"ImageObject\",\"inLanguage\":\"es\",\"@id\":\"https:\/\/zacatecastrespuntocero.news\/#\/schema\/person\/image\/\",\"url\":\"https:\/\/secure.gravatar.com\/avatar\/898fb33ef49f211210b8183325052d3ced37d55b713857db60393870972a9248?s=96&d=mm&r=g\",\"contentUrl\":\"https:\/\/secure.gravatar.com\/avatar\/898fb33ef49f211210b8183325052d3ced37d55b713857db60393870972a9248?s=96&d=mm&r=g\",\"caption\":\"Redacci\u00f3n Zacatecas 3.0\"},\"sameAs\":[\"http:\/\/zacatecastrespuntocero.news\"],\"url\":\"https:\/\/zacatecastrespuntocero.news\/?author=2\"}]}<\/script>\n<!-- \/ Yoast SEO plugin. -->","yoast_head_json":{"title":"Christian Nodal aclara pol\u00e9mica y se disculpa con Cazzu por inicio de su relaci\u00f3n con \u00c1ngela Aguilar - Zacatecas 3.0","robots":{"index":"index","follow":"follow","max-snippet":"max-snippet:-1","max-image-preview":"max-image-preview:large","max-video-preview":"max-video-preview:-1"},"canonical":"https:\/\/zacatecastrespuntocero.news\/?p=9507","og_locale":"es_ES","og_type":"article","og_title":"Christian Nodal aclara pol\u00e9mica y se disculpa con Cazzu por inicio de su relaci\u00f3n con \u00c1ngela Aguilar - Zacatecas 3.0","og_description":"Christian Nodal rompi\u00f3 el silencio sobre la controversia que rode\u00f3 el inicio de su romance con \u00c1ngela Aguilar, ocurrido pocos d\u00edas despu\u00e9s de su ruptura con Cazzu. En entrevista con Adela Micha, el cantante pidi\u00f3 disculpas a la madre de su hija, Inti, si en alg\u00fan momento la lastim\u00f3, asegurando que su intenci\u00f3n siempre fue [&hellip;]","og_url":"https:\/\/zacatecastrespuntocero.news\/?p=9507","og_site_name":"Zacatecas 3.0","article_published_time":"2025-08-14T16:59:36+00:00","og_image":[{"width":1200,"height":800,"url":"https:\/\/zacatecastrespuntocero.news\/wp-content\/uploads\/2025\/08\/WhatsApp-Image-2025-08-14-at-9.41.29-AM.jpeg","type":"image\/jpeg"}],"author":"Redacci\u00f3n Zacatecas 3.0","twitter_card":"summary_large_image","twitter_misc":{"Escrito por":"Redacci\u00f3n Zacatecas 3.0","Tiempo de lectura":"2 minutos"},"schema":{"@context":"https:\/\/schema.org","@graph":[{"@type":"WebPage","@id":"https:\/\/zacatecastrespuntocero.news\/?p=9507","url":"https:\/\/zacatecastrespuntocero.news\/?p=9507","name":"Christian Nodal aclara pol\u00e9mica y se disculpa con Cazzu por inicio de su relaci\u00f3n con \u00c1ngela Aguilar - Zacatecas 3.0","isPartOf":{"@id":"https:\/\/zacatecastrespuntocero.news\/#website"},"primaryImageOfPage":{"@id":"https:\/\/zacatecastrespuntocero.news\/?p=9507#primaryimage"},"image":{"@id":"https:\/\/zacatecastrespuntocero.news\/?p=9507#primaryimage"},"thumbnailUrl":"https:\/\/zacatecastrespuntocero.news\/wp-content\/uploads\/2025\/08\/WhatsApp-Image-2025-08-14-at-9.41.29-AM.jpeg","datePublished":"2025-08-14T16:59:36+00:00","author":{"@id":"https:\/\/zacatecastrespuntocero.news\/#\/schema\/person\/a2399b2ec551c85a553c7e32e0eb5f01"},"breadcrumb":{"@id":"https:\/\/zacatecastrespuntocero.news\/?p=9507#breadcrumb"},"inLanguage":"es","potentialAction":[{"@type":"ReadAction","target":["https:\/\/zacatecastrespuntocero.news\/?p=9507"]}]},{"@type":"ImageObject","inLanguage":"es","@id":"https:\/\/zacatecastrespuntocero.news\/?p=9507#primaryimage","url":"https:\/\/zacatecastrespuntocero.news\/wp-content\/uploads\/2025\/08\/WhatsApp-Image-2025-08-14-at-9.41.29-AM.jpeg","contentUrl":"https:\/\/zacatecastrespuntocero.news\/wp-content\/uploads\/2025\/08\/WhatsApp-Image-2025-08-14-at-9.41.29-AM.jpeg","width":1200,"height":800},{"@type":"BreadcrumbList","@id":"https:\/\/zacatecastrespuntocero.news\/?p=9507#breadcrumb","itemListElement":[{"@type":"ListItem","position":1,"name":"Portada","item":"https:\/\/zacatecastrespuntocero.news\/"},{"@type":"ListItem","position":2,"name":"Christian Nodal aclara pol\u00e9mica y se disculpa con Cazzu por inicio de su relaci\u00f3n con \u00c1ngela Aguilar"}]},{"@type":"WebSite","@id":"https:\/\/zacatecastrespuntocero.news\/#website","url":"https:\/\/zacatecastrespuntocero.news\/","name":"Zacatecas 3.0","description":"","potentialAction":[{"@type":"SearchAction","target":{"@type":"EntryPoint","urlTemplate":"https:\/\/zacatecastrespuntocero.news\/?s={search_term_string}"},"query-input":{"@type":"PropertyValueSpecification","valueRequired":true,"valueName":"search_term_string"}}],"inLanguage":"es"},{"@type":"Person","@id":"https:\/\/zacatecastrespuntocero.news\/#\/schema\/person\/a2399b2ec551c85a553c7e32e0eb5f01","name":"Redacci\u00f3n Zacatecas 3.0","image":{"@type":"ImageObject","inLanguage":"es","@id":"https:\/\/zacatecastrespuntocero.news\/#\/schema\/person\/image\/","url":"https:\/\/secure.gravatar.com\/avatar\/898fb33ef49f211210b8183325052d3ced37d55b713857db60393870972a9248?s=96&d=mm&r=g","contentUrl":"https:\/\/secure.gravatar.com\/avatar\/898fb33ef49f211210b8183325052d3ced37d55b713857db60393870972a9248?s=96&d=mm&r=g","caption":"Redacci\u00f3n Zacatecas 3.0"},"sameAs":["http:\/\/zacatecastrespuntocero.news"],"url":"https:\/\/zacatecastrespuntocero.news\/?author=2"}]}},"_links":{"self":[{"href":"https:\/\/zacatecastrespuntocero.news\/index.php?rest_route=\/wp\/v2\/posts\/9507","targetHints":{"allow":["GET"]}}],"collection":[{"href":"https:\/\/zacatecastrespuntocero.news\/index.php?rest_route=\/wp\/v2\/posts"}],"about":[{"href":"https:\/\/zacatecastrespuntocero.news\/index.php?rest_route=\/wp\/v2\/types\/post"}],"author":[{"embeddable":true,"href":"https:\/\/zacatecastrespuntocero.news\/index.php?rest_route=\/wp\/v2\/users\/2"}],"replies":[{"embeddable":true,"href":"https:\/\/zacatecastrespuntocero.news\/index.php?rest_route=%2Fwp%2Fv2%2Fcomments&post=9507"}],"version-history":[{"count":1,"href":"https:\/\/zacatecastrespuntocero.news\/index.php?rest_route=\/wp\/v2\/posts\/9507\/revisions"}],"predecessor-version":[{"id":9509,"href":"https:\/\/zacatecastrespuntocero.news\/index.php?rest_route=\/wp\/v2\/posts\/9507\/revisions\/9509"}],"wp:featuredmedia":[{"embeddable":true,"href":"https:\/\/zacatecastrespuntocero.news\/index.php?rest_route=\/wp\/v2\/media\/9508"}],"wp:attachment":[{"href":"https:\/\/zacatecastrespuntocero.news\/index.php?rest_route=%2Fwp%2Fv2%2Fmedia&parent=9507"}],"wp:term":[{"taxonomy":"category","embeddable":true,"href":"https:\/\/zacatecastrespuntocero.news\/index.php?rest_route=%2Fwp%2Fv2%2Fcategories&post=9507"},{"taxonomy":"post_tag","embeddable":true,"href":"https:\/\/zacatecastrespuntocero.news\/index.php?rest_route=%2Fwp%2Fv2%2Ftags&post=9507"}],"curies":[{"name":"wp","href":"https:\/\/api.w.org\/{rel}","templated":true}]}}