{"id":9525,"date":"2025-08-15T15:45:22","date_gmt":"2025-08-15T15:45:22","guid":{"rendered":"https:\/\/zacatecastrespuntocero.news\/?p=9525"},"modified":"2025-08-15T15:45:22","modified_gmt":"2025-08-15T15:45:22","slug":"trasladan-de-penal-a-alejandro-n-por-indisciplina","status":"publish","type":"post","link":"https:\/\/zacatecastrespuntocero.news\/?p=9525","title":{"rendered":"Trasladan de penal a Alejandro \u201cN\u201d por indisciplina"},"content":{"rendered":"<p>El productor de cine para adultos Alejandro \u201cN\u201d, conocido como Alex Mar\u00edn, fue trasladado del penal de Puente Grande, en el municipio de El Salto, Jalisco, debido a presuntas faltas disciplinarias. Autoridades estatales confirmaron la medida, aunque no detallaron las conductas que habr\u00edan motivado el cambio.<\/p>\n<p>En conferencia de prensa, el coordinador general estrat\u00e9gico de Seguridad en Jalisco, Roberto Alarc\u00f3n Estrada, se\u00f1al\u00f3 que el traslado obedeci\u00f3 a \u201cindisciplina\u201d reportada por el director del penal. \u201cPor la rapidez, no le pregunt\u00e9 qu\u00e9 hizo, s\u00f3lo le pregunt\u00e9 por qu\u00e9\u201d, coment\u00f3 ante medios de comunicaci\u00f3n.<\/p>\n<p>Mar\u00edn permanece bajo prisi\u00f3n preventiva oficiosa por un lapso de hasta dos a\u00f1os, en tanto enfrenta se\u00f1alamientos por delitos relacionados con trata de personas. El productor fue detenido el pasado 28 de mayo en Puerto Vallarta, Jalisco.<\/p>\n<p>La detenci\u00f3n se dio luego de que se revelara que manten\u00eda una relaci\u00f3n sentimental con una menor de 16 a\u00f1os, caso que fue denunciado por familiares de la adolescente. Desde entonces, enfrenta un proceso judicial en su contra.<\/p>\n<p style=\"text-align: center;\">\n<p style=\"text-align: center;\">\n<p style=\"text-align: center;\">\n<p style=\"text-align: center;\">\n<p style=\"text-align: center;\">\n<p style=\"text-align: center;\">\n","protected":false},"excerpt":{"rendered":"<p>El productor de cine para adultos Alejandro \u201cN\u201d, conocido como Alex Mar\u00edn, fue trasladado del penal de Puente Grande, en el municipio de El Salto, Jalisco, debido a presuntas faltas disciplinarias. Autoridades estatales confirmaron la medida, aunque no detallaron las conductas que habr\u00edan motivado el cambio. En conferencia de prensa, el coordinador general estrat\u00e9gico de [&hellip;]<\/p>\n","protected":false},"author":2,"featured_media":9526,"comment_status":"open","ping_status":"open","sticky":false,"template":"","format":"image","meta":{"footnotes":""},"categories":[39],"tags":[],"class_list":["post-9525","post","type-post","status-publish","format-image","has-post-thumbnail","hentry","category-nacional","post_format-post-format-image"],"yoast_head":"<!-- This site is optimized with the Yoast SEO plugin v24.7 - https:\/\/yoast.com\/wordpress\/plugins\/seo\/ -->\n<title>Trasladan de penal a Alejandro \u201cN\u201d por indisciplina - Zacatecas 3.0<\/title>\n<meta name=\"robots\" content=\"index, follow, max-snippet:-1, max-image-preview:large, max-video-preview:-1\" \/>\n<link rel=\"canonical\" href=\"https:\/\/zacatecastrespuntocero.news\/?p=9525\" \/>\n<meta property=\"og:locale\" content=\"es_ES\" \/>\n<meta property=\"og:type\" content=\"article\" \/>\n<meta property=\"og:title\" content=\"Trasladan de penal a Alejandro \u201cN\u201d por indisciplina - Zacatecas 3.0\" \/>\n<meta property=\"og:description\" content=\"El productor de cine para adultos Alejandro \u201cN\u201d, conocido como Alex Mar\u00edn, fue trasladado del penal de Puente Grande, en el municipio de El Salto, Jalisco, debido a presuntas faltas disciplinarias. Autoridades estatales confirmaron la medida, aunque no detallaron las conductas que habr\u00edan motivado el cambio. En conferencia de prensa, el coordinador general estrat\u00e9gico de [&hellip;]\" \/>\n<meta property=\"og:url\" content=\"https:\/\/zacatecastrespuntocero.news\/?p=9525\" \/>\n<meta property=\"og:site_name\" content=\"Zacatecas 3.0\" \/>\n<meta property=\"article:published_time\" content=\"2025-08-15T15:45:22+00:00\" \/>\n<meta property=\"og:image\" content=\"https:\/\/zacatecastrespuntocero.news\/wp-content\/uploads\/2025\/08\/IMG-20250815-WA0014.jpg\" \/>\n\t<meta property=\"og:image:width\" content=\"828\" \/>\n\t<meta property=\"og:image:height\" content=\"552\" \/>\n\t<meta property=\"og:image:type\" content=\"image\/jpeg\" \/>\n<meta name=\"author\" content=\"Redacci\u00f3n Zacatecas 3.0\" \/>\n<meta name=\"twitter:card\" content=\"summary_large_image\" \/>\n<meta name=\"twitter:label1\" content=\"Escrito por\" \/>\n\t<meta name=\"twitter:data1\" content=\"Redacci\u00f3n Zacatecas 3.0\" \/>\n\t<meta name=\"twitter:label2\" content=\"Tiempo de lectura\" \/>\n\t<meta name=\"twitter:data2\" content=\"1 minuto\" \/>\n<script type=\"application\/ld+json\" class=\"yoast-schema-graph\">{\"@context\":\"https:\/\/schema.org\",\"@graph\":[{\"@type\":\"WebPage\",\"@id\":\"https:\/\/zacatecastrespuntocero.news\/?p=9525\",\"url\":\"https:\/\/zacatecastrespuntocero.news\/?p=9525\",\"name\":\"Trasladan de penal a Alejandro \u201cN\u201d por indisciplina - Zacatecas 3.0\",\"isPartOf\":{\"@id\":\"https:\/\/zacatecastrespuntocero.news\/#website\"},\"primaryImageOfPage\":{\"@id\":\"https:\/\/zacatecastrespuntocero.news\/?p=9525#primaryimage\"},\"image\":{\"@id\":\"https:\/\/zacatecastrespuntocero.news\/?p=9525#primaryimage\"},\"thumbnailUrl\":\"https:\/\/zacatecastrespuntocero.news\/wp-content\/uploads\/2025\/08\/IMG-20250815-WA0014.jpg\",\"datePublished\":\"2025-08-15T15:45:22+00:00\",\"author\":{\"@id\":\"https:\/\/zacatecastrespuntocero.news\/#\/schema\/person\/a2399b2ec551c85a553c7e32e0eb5f01\"},\"breadcrumb\":{\"@id\":\"https:\/\/zacatecastrespuntocero.news\/?p=9525#breadcrumb\"},\"inLanguage\":\"es\",\"potentialAction\":[{\"@type\":\"ReadAction\",\"target\":[\"https:\/\/zacatecastrespuntocero.news\/?p=9525\"]}]},{\"@type\":\"ImageObject\",\"inLanguage\":\"es\",\"@id\":\"https:\/\/zacatecastrespuntocero.news\/?p=9525#primaryimage\",\"url\":\"https:\/\/zacatecastrespuntocero.news\/wp-content\/uploads\/2025\/08\/IMG-20250815-WA0014.jpg\",\"contentUrl\":\"https:\/\/zacatecastrespuntocero.news\/wp-content\/uploads\/2025\/08\/IMG-20250815-WA0014.jpg\",\"width\":828,\"height\":552},{\"@type\":\"BreadcrumbList\",\"@id\":\"https:\/\/zacatecastrespuntocero.news\/?p=9525#breadcrumb\",\"itemListElement\":[{\"@type\":\"ListItem\",\"position\":1,\"name\":\"Portada\",\"item\":\"https:\/\/zacatecastrespuntocero.news\/\"},{\"@type\":\"ListItem\",\"position\":2,\"name\":\"Trasladan de penal a Alejandro \u201cN\u201d por indisciplina\"}]},{\"@type\":\"WebSite\",\"@id\":\"https:\/\/zacatecastrespuntocero.news\/#website\",\"url\":\"https:\/\/zacatecastrespuntocero.news\/\",\"name\":\"Zacatecas 3.0\",\"description\":\"\",\"potentialAction\":[{\"@type\":\"SearchAction\",\"target\":{\"@type\":\"EntryPoint\",\"urlTemplate\":\"https:\/\/zacatecastrespuntocero.news\/?s={search_term_string}\"},\"query-input\":{\"@type\":\"PropertyValueSpecification\",\"valueRequired\":true,\"valueName\":\"search_term_string\"}}],\"inLanguage\":\"es\"},{\"@type\":\"Person\",\"@id\":\"https:\/\/zacatecastrespuntocero.news\/#\/schema\/person\/a2399b2ec551c85a553c7e32e0eb5f01\",\"name\":\"Redacci\u00f3n Zacatecas 3.0\",\"image\":{\"@type\":\"ImageObject\",\"inLanguage\":\"es\",\"@id\":\"https:\/\/zacatecastrespuntocero.news\/#\/schema\/person\/image\/\",\"url\":\"https:\/\/secure.gravatar.com\/avatar\/898fb33ef49f211210b8183325052d3ced37d55b713857db60393870972a9248?s=96&d=mm&r=g\",\"contentUrl\":\"https:\/\/secure.gravatar.com\/avatar\/898fb33ef49f211210b8183325052d3ced37d55b713857db60393870972a9248?s=96&d=mm&r=g\",\"caption\":\"Redacci\u00f3n Zacatecas 3.0\"},\"sameAs\":[\"http:\/\/zacatecastrespuntocero.news\"],\"url\":\"https:\/\/zacatecastrespuntocero.news\/?author=2\"}]}<\/script>\n<!-- \/ Yoast SEO plugin. -->","yoast_head_json":{"title":"Trasladan de penal a Alejandro \u201cN\u201d por indisciplina - Zacatecas 3.0","robots":{"index":"index","follow":"follow","max-snippet":"max-snippet:-1","max-image-preview":"max-image-preview:large","max-video-preview":"max-video-preview:-1"},"canonical":"https:\/\/zacatecastrespuntocero.news\/?p=9525","og_locale":"es_ES","og_type":"article","og_title":"Trasladan de penal a Alejandro \u201cN\u201d por indisciplina - Zacatecas 3.0","og_description":"El productor de cine para adultos Alejandro \u201cN\u201d, conocido como Alex Mar\u00edn, fue trasladado del penal de Puente Grande, en el municipio de El Salto, Jalisco, debido a presuntas faltas disciplinarias. Autoridades estatales confirmaron la medida, aunque no detallaron las conductas que habr\u00edan motivado el cambio. En conferencia de prensa, el coordinador general estrat\u00e9gico de [&hellip;]","og_url":"https:\/\/zacatecastrespuntocero.news\/?p=9525","og_site_name":"Zacatecas 3.0","article_published_time":"2025-08-15T15:45:22+00:00","og_image":[{"width":828,"height":552,"url":"https:\/\/zacatecastrespuntocero.news\/wp-content\/uploads\/2025\/08\/IMG-20250815-WA0014.jpg","type":"image\/jpeg"}],"author":"Redacci\u00f3n Zacatecas 3.0","twitter_card":"summary_large_image","twitter_misc":{"Escrito por":"Redacci\u00f3n Zacatecas 3.0","Tiempo de lectura":"1 minuto"},"schema":{"@context":"https:\/\/schema.org","@graph":[{"@type":"WebPage","@id":"https:\/\/zacatecastrespuntocero.news\/?p=9525","url":"https:\/\/zacatecastrespuntocero.news\/?p=9525","name":"Trasladan de penal a Alejandro \u201cN\u201d por indisciplina - Zacatecas 3.0","isPartOf":{"@id":"https:\/\/zacatecastrespuntocero.news\/#website"},"primaryImageOfPage":{"@id":"https:\/\/zacatecastrespuntocero.news\/?p=9525#primaryimage"},"image":{"@id":"https:\/\/zacatecastrespuntocero.news\/?p=9525#primaryimage"},"thumbnailUrl":"https:\/\/zacatecastrespuntocero.news\/wp-content\/uploads\/2025\/08\/IMG-20250815-WA0014.jpg","datePublished":"2025-08-15T15:45:22+00:00","author":{"@id":"https:\/\/zacatecastrespuntocero.news\/#\/schema\/person\/a2399b2ec551c85a553c7e32e0eb5f01"},"breadcrumb":{"@id":"https:\/\/zacatecastrespuntocero.news\/?p=9525#breadcrumb"},"inLanguage":"es","potentialAction":[{"@type":"ReadAction","target":["https:\/\/zacatecastrespuntocero.news\/?p=9525"]}]},{"@type":"ImageObject","inLanguage":"es","@id":"https:\/\/zacatecastrespuntocero.news\/?p=9525#primaryimage","url":"https:\/\/zacatecastrespuntocero.news\/wp-content\/uploads\/2025\/08\/IMG-20250815-WA0014.jpg","contentUrl":"https:\/\/zacatecastrespuntocero.news\/wp-content\/uploads\/2025\/08\/IMG-20250815-WA0014.jpg","width":828,"height":552},{"@type":"BreadcrumbList","@id":"https:\/\/zacatecastrespuntocero.news\/?p=9525#breadcrumb","itemListElement":[{"@type":"ListItem","position":1,"name":"Portada","item":"https:\/\/zacatecastrespuntocero.news\/"},{"@type":"ListItem","position":2,"name":"Trasladan de penal a Alejandro \u201cN\u201d por indisciplina"}]},{"@type":"WebSite","@id":"https:\/\/zacatecastrespuntocero.news\/#website","url":"https:\/\/zacatecastrespuntocero.news\/","name":"Zacatecas 3.0","description":"","potentialAction":[{"@type":"SearchAction","target":{"@type":"EntryPoint","urlTemplate":"https:\/\/zacatecastrespuntocero.news\/?s={search_term_string}"},"query-input":{"@type":"PropertyValueSpecification","valueRequired":true,"valueName":"search_term_string"}}],"inLanguage":"es"},{"@type":"Person","@id":"https:\/\/zacatecastrespuntocero.news\/#\/schema\/person\/a2399b2ec551c85a553c7e32e0eb5f01","name":"Redacci\u00f3n Zacatecas 3.0","image":{"@type":"ImageObject","inLanguage":"es","@id":"https:\/\/zacatecastrespuntocero.news\/#\/schema\/person\/image\/","url":"https:\/\/secure.gravatar.com\/avatar\/898fb33ef49f211210b8183325052d3ced37d55b713857db60393870972a9248?s=96&d=mm&r=g","contentUrl":"https:\/\/secure.gravatar.com\/avatar\/898fb33ef49f211210b8183325052d3ced37d55b713857db60393870972a9248?s=96&d=mm&r=g","caption":"Redacci\u00f3n Zacatecas 3.0"},"sameAs":["http:\/\/zacatecastrespuntocero.news"],"url":"https:\/\/zacatecastrespuntocero.news\/?author=2"}]}},"_links":{"self":[{"href":"https:\/\/zacatecastrespuntocero.news\/index.php?rest_route=\/wp\/v2\/posts\/9525","targetHints":{"allow":["GET"]}}],"collection":[{"href":"https:\/\/zacatecastrespuntocero.news\/index.php?rest_route=\/wp\/v2\/posts"}],"about":[{"href":"https:\/\/zacatecastrespuntocero.news\/index.php?rest_route=\/wp\/v2\/types\/post"}],"author":[{"embeddable":true,"href":"https:\/\/zacatecastrespuntocero.news\/index.php?rest_route=\/wp\/v2\/users\/2"}],"replies":[{"embeddable":true,"href":"https:\/\/zacatecastrespuntocero.news\/index.php?rest_route=%2Fwp%2Fv2%2Fcomments&post=9525"}],"version-history":[{"count":1,"href":"https:\/\/zacatecastrespuntocero.news\/index.php?rest_route=\/wp\/v2\/posts\/9525\/revisions"}],"predecessor-version":[{"id":9527,"href":"https:\/\/zacatecastrespuntocero.news\/index.php?rest_route=\/wp\/v2\/posts\/9525\/revisions\/9527"}],"wp:featuredmedia":[{"embeddable":true,"href":"https:\/\/zacatecastrespuntocero.news\/index.php?rest_route=\/wp\/v2\/media\/9526"}],"wp:attachment":[{"href":"https:\/\/zacatecastrespuntocero.news\/index.php?rest_route=%2Fwp%2Fv2%2Fmedia&parent=9525"}],"wp:term":[{"taxonomy":"category","embeddable":true,"href":"https:\/\/zacatecastrespuntocero.news\/index.php?rest_route=%2Fwp%2Fv2%2Fcategories&post=9525"},{"taxonomy":"post_tag","embeddable":true,"href":"https:\/\/zacatecastrespuntocero.news\/index.php?rest_route=%2Fwp%2Fv2%2Ftags&post=9525"}],"curies":[{"name":"wp","href":"https:\/\/api.w.org\/{rel}","templated":true}]}}