{"id":9563,"date":"2025-08-15T18:35:40","date_gmt":"2025-08-15T18:35:40","guid":{"rendered":"https:\/\/zacatecastrespuntocero.news\/?p=9563"},"modified":"2025-08-15T18:35:40","modified_gmt":"2025-08-15T18:35:40","slug":"violencia-en-la-tribuna-durante-partido-de-godoy-cruz-y-atletico-mineiro","status":"publish","type":"post","link":"https:\/\/zacatecastrespuntocero.news\/?p=9563","title":{"rendered":"Violencia en la tribuna durante partido de Godoy Cruz y Atl\u00e9tico Mineiro"},"content":{"rendered":"<p>La Copa Libertadores vivi\u00f3 un episodio de violencia este jueves, cuando polic\u00edas brasile\u00f1os se enfrentaron con aficionados de Godoy Cruz en la Arena MRV. El incidente ocurri\u00f3 tras la victoria del Atl\u00e9tico Mineiro 2-1 sobre el equipo argentino en el partido de Ida de los Octavos de Final.<\/p>\n<p>Al finalizar el encuentro, un grupo de uniformados protagoniz\u00f3 una pelea en las gradas con varios hinchas visitantes. En videos difundidos en redes sociales se observa a aproximadamente una decena de polic\u00edas intercambiando golpes y patadas con los aficionados.<\/p>\n<p>En las grabaciones tambi\u00e9n se aprecia a algunos polic\u00edas intentando someter a los hinchas con toletazos. La situaci\u00f3n gener\u00f3 momentos de tensi\u00f3n y temor entre los espectadores presentes en el estadio.<\/p>\n<p>Hasta el momento, ni la Conmebol ni los clubes involucrados han emitido pronunciamiento oficial sobre las agresiones registradas en\u00a0las\u00a0tribunas.<\/p>\n","protected":false},"excerpt":{"rendered":"<p>La Copa Libertadores vivi\u00f3 un episodio de violencia este jueves, cuando polic\u00edas brasile\u00f1os se enfrentaron con aficionados de Godoy Cruz en la Arena MRV. El incidente ocurri\u00f3 tras la victoria del Atl\u00e9tico Mineiro 2-1 sobre el equipo argentino en el partido de Ida de los Octavos de Final. Al finalizar el encuentro, un grupo de [&hellip;]<\/p>\n","protected":false},"author":2,"featured_media":9564,"comment_status":"open","ping_status":"open","sticky":false,"template":"","format":"image","meta":{"footnotes":""},"categories":[181],"tags":[],"class_list":["post-9563","post","type-post","status-publish","format-image","has-post-thumbnail","hentry","category-deportes","post_format-post-format-image"],"yoast_head":"<!-- This site is optimized with the Yoast SEO plugin v24.7 - https:\/\/yoast.com\/wordpress\/plugins\/seo\/ -->\n<title>Violencia en la tribuna durante partido de Godoy Cruz y Atl\u00e9tico Mineiro - Zacatecas 3.0<\/title>\n<meta name=\"robots\" content=\"index, follow, max-snippet:-1, max-image-preview:large, max-video-preview:-1\" \/>\n<link rel=\"canonical\" href=\"https:\/\/zacatecastrespuntocero.news\/?p=9563\" \/>\n<meta property=\"og:locale\" content=\"es_ES\" \/>\n<meta property=\"og:type\" content=\"article\" \/>\n<meta property=\"og:title\" content=\"Violencia en la tribuna durante partido de Godoy Cruz y Atl\u00e9tico Mineiro - Zacatecas 3.0\" \/>\n<meta property=\"og:description\" content=\"La Copa Libertadores vivi\u00f3 un episodio de violencia este jueves, cuando polic\u00edas brasile\u00f1os se enfrentaron con aficionados de Godoy Cruz en la Arena MRV. El incidente ocurri\u00f3 tras la victoria del Atl\u00e9tico Mineiro 2-1 sobre el equipo argentino en el partido de Ida de los Octavos de Final. Al finalizar el encuentro, un grupo de [&hellip;]\" \/>\n<meta property=\"og:url\" content=\"https:\/\/zacatecastrespuntocero.news\/?p=9563\" \/>\n<meta property=\"og:site_name\" content=\"Zacatecas 3.0\" \/>\n<meta property=\"article:published_time\" content=\"2025-08-15T18:35:40+00:00\" \/>\n<meta property=\"og:image\" content=\"https:\/\/zacatecastrespuntocero.news\/wp-content\/uploads\/2025\/08\/WhatsApp-Image-2025-08-15-at-9.39.07-AM.jpeg\" \/>\n\t<meta property=\"og:image:width\" content=\"948\" \/>\n\t<meta property=\"og:image:height\" content=\"465\" \/>\n\t<meta property=\"og:image:type\" content=\"image\/jpeg\" \/>\n<meta name=\"author\" content=\"Redacci\u00f3n Zacatecas 3.0\" \/>\n<meta name=\"twitter:card\" content=\"summary_large_image\" \/>\n<meta name=\"twitter:label1\" content=\"Escrito por\" \/>\n\t<meta name=\"twitter:data1\" content=\"Redacci\u00f3n Zacatecas 3.0\" \/>\n\t<meta name=\"twitter:label2\" content=\"Tiempo de lectura\" \/>\n\t<meta name=\"twitter:data2\" content=\"1 minuto\" \/>\n<script type=\"application\/ld+json\" class=\"yoast-schema-graph\">{\"@context\":\"https:\/\/schema.org\",\"@graph\":[{\"@type\":\"WebPage\",\"@id\":\"https:\/\/zacatecastrespuntocero.news\/?p=9563\",\"url\":\"https:\/\/zacatecastrespuntocero.news\/?p=9563\",\"name\":\"Violencia en la tribuna durante partido de Godoy Cruz y Atl\u00e9tico Mineiro - Zacatecas 3.0\",\"isPartOf\":{\"@id\":\"https:\/\/zacatecastrespuntocero.news\/#website\"},\"primaryImageOfPage\":{\"@id\":\"https:\/\/zacatecastrespuntocero.news\/?p=9563#primaryimage\"},\"image\":{\"@id\":\"https:\/\/zacatecastrespuntocero.news\/?p=9563#primaryimage\"},\"thumbnailUrl\":\"https:\/\/zacatecastrespuntocero.news\/wp-content\/uploads\/2025\/08\/WhatsApp-Image-2025-08-15-at-9.39.07-AM.jpeg\",\"datePublished\":\"2025-08-15T18:35:40+00:00\",\"author\":{\"@id\":\"https:\/\/zacatecastrespuntocero.news\/#\/schema\/person\/a2399b2ec551c85a553c7e32e0eb5f01\"},\"breadcrumb\":{\"@id\":\"https:\/\/zacatecastrespuntocero.news\/?p=9563#breadcrumb\"},\"inLanguage\":\"es\",\"potentialAction\":[{\"@type\":\"ReadAction\",\"target\":[\"https:\/\/zacatecastrespuntocero.news\/?p=9563\"]}]},{\"@type\":\"ImageObject\",\"inLanguage\":\"es\",\"@id\":\"https:\/\/zacatecastrespuntocero.news\/?p=9563#primaryimage\",\"url\":\"https:\/\/zacatecastrespuntocero.news\/wp-content\/uploads\/2025\/08\/WhatsApp-Image-2025-08-15-at-9.39.07-AM.jpeg\",\"contentUrl\":\"https:\/\/zacatecastrespuntocero.news\/wp-content\/uploads\/2025\/08\/WhatsApp-Image-2025-08-15-at-9.39.07-AM.jpeg\",\"width\":948,\"height\":465},{\"@type\":\"BreadcrumbList\",\"@id\":\"https:\/\/zacatecastrespuntocero.news\/?p=9563#breadcrumb\",\"itemListElement\":[{\"@type\":\"ListItem\",\"position\":1,\"name\":\"Portada\",\"item\":\"https:\/\/zacatecastrespuntocero.news\/\"},{\"@type\":\"ListItem\",\"position\":2,\"name\":\"Violencia en la tribuna durante partido de Godoy Cruz y Atl\u00e9tico Mineiro\"}]},{\"@type\":\"WebSite\",\"@id\":\"https:\/\/zacatecastrespuntocero.news\/#website\",\"url\":\"https:\/\/zacatecastrespuntocero.news\/\",\"name\":\"Zacatecas 3.0\",\"description\":\"\",\"potentialAction\":[{\"@type\":\"SearchAction\",\"target\":{\"@type\":\"EntryPoint\",\"urlTemplate\":\"https:\/\/zacatecastrespuntocero.news\/?s={search_term_string}\"},\"query-input\":{\"@type\":\"PropertyValueSpecification\",\"valueRequired\":true,\"valueName\":\"search_term_string\"}}],\"inLanguage\":\"es\"},{\"@type\":\"Person\",\"@id\":\"https:\/\/zacatecastrespuntocero.news\/#\/schema\/person\/a2399b2ec551c85a553c7e32e0eb5f01\",\"name\":\"Redacci\u00f3n Zacatecas 3.0\",\"image\":{\"@type\":\"ImageObject\",\"inLanguage\":\"es\",\"@id\":\"https:\/\/zacatecastrespuntocero.news\/#\/schema\/person\/image\/\",\"url\":\"https:\/\/secure.gravatar.com\/avatar\/898fb33ef49f211210b8183325052d3ced37d55b713857db60393870972a9248?s=96&d=mm&r=g\",\"contentUrl\":\"https:\/\/secure.gravatar.com\/avatar\/898fb33ef49f211210b8183325052d3ced37d55b713857db60393870972a9248?s=96&d=mm&r=g\",\"caption\":\"Redacci\u00f3n Zacatecas 3.0\"},\"sameAs\":[\"http:\/\/zacatecastrespuntocero.news\"],\"url\":\"https:\/\/zacatecastrespuntocero.news\/?author=2\"}]}<\/script>\n<!-- \/ Yoast SEO plugin. -->","yoast_head_json":{"title":"Violencia en la tribuna durante partido de Godoy Cruz y Atl\u00e9tico Mineiro - Zacatecas 3.0","robots":{"index":"index","follow":"follow","max-snippet":"max-snippet:-1","max-image-preview":"max-image-preview:large","max-video-preview":"max-video-preview:-1"},"canonical":"https:\/\/zacatecastrespuntocero.news\/?p=9563","og_locale":"es_ES","og_type":"article","og_title":"Violencia en la tribuna durante partido de Godoy Cruz y Atl\u00e9tico Mineiro - Zacatecas 3.0","og_description":"La Copa Libertadores vivi\u00f3 un episodio de violencia este jueves, cuando polic\u00edas brasile\u00f1os se enfrentaron con aficionados de Godoy Cruz en la Arena MRV. El incidente ocurri\u00f3 tras la victoria del Atl\u00e9tico Mineiro 2-1 sobre el equipo argentino en el partido de Ida de los Octavos de Final. Al finalizar el encuentro, un grupo de [&hellip;]","og_url":"https:\/\/zacatecastrespuntocero.news\/?p=9563","og_site_name":"Zacatecas 3.0","article_published_time":"2025-08-15T18:35:40+00:00","og_image":[{"width":948,"height":465,"url":"https:\/\/zacatecastrespuntocero.news\/wp-content\/uploads\/2025\/08\/WhatsApp-Image-2025-08-15-at-9.39.07-AM.jpeg","type":"image\/jpeg"}],"author":"Redacci\u00f3n Zacatecas 3.0","twitter_card":"summary_large_image","twitter_misc":{"Escrito por":"Redacci\u00f3n Zacatecas 3.0","Tiempo de lectura":"1 minuto"},"schema":{"@context":"https:\/\/schema.org","@graph":[{"@type":"WebPage","@id":"https:\/\/zacatecastrespuntocero.news\/?p=9563","url":"https:\/\/zacatecastrespuntocero.news\/?p=9563","name":"Violencia en la tribuna durante partido de Godoy Cruz y Atl\u00e9tico Mineiro - Zacatecas 3.0","isPartOf":{"@id":"https:\/\/zacatecastrespuntocero.news\/#website"},"primaryImageOfPage":{"@id":"https:\/\/zacatecastrespuntocero.news\/?p=9563#primaryimage"},"image":{"@id":"https:\/\/zacatecastrespuntocero.news\/?p=9563#primaryimage"},"thumbnailUrl":"https:\/\/zacatecastrespuntocero.news\/wp-content\/uploads\/2025\/08\/WhatsApp-Image-2025-08-15-at-9.39.07-AM.jpeg","datePublished":"2025-08-15T18:35:40+00:00","author":{"@id":"https:\/\/zacatecastrespuntocero.news\/#\/schema\/person\/a2399b2ec551c85a553c7e32e0eb5f01"},"breadcrumb":{"@id":"https:\/\/zacatecastrespuntocero.news\/?p=9563#breadcrumb"},"inLanguage":"es","potentialAction":[{"@type":"ReadAction","target":["https:\/\/zacatecastrespuntocero.news\/?p=9563"]}]},{"@type":"ImageObject","inLanguage":"es","@id":"https:\/\/zacatecastrespuntocero.news\/?p=9563#primaryimage","url":"https:\/\/zacatecastrespuntocero.news\/wp-content\/uploads\/2025\/08\/WhatsApp-Image-2025-08-15-at-9.39.07-AM.jpeg","contentUrl":"https:\/\/zacatecastrespuntocero.news\/wp-content\/uploads\/2025\/08\/WhatsApp-Image-2025-08-15-at-9.39.07-AM.jpeg","width":948,"height":465},{"@type":"BreadcrumbList","@id":"https:\/\/zacatecastrespuntocero.news\/?p=9563#breadcrumb","itemListElement":[{"@type":"ListItem","position":1,"name":"Portada","item":"https:\/\/zacatecastrespuntocero.news\/"},{"@type":"ListItem","position":2,"name":"Violencia en la tribuna durante partido de Godoy Cruz y Atl\u00e9tico Mineiro"}]},{"@type":"WebSite","@id":"https:\/\/zacatecastrespuntocero.news\/#website","url":"https:\/\/zacatecastrespuntocero.news\/","name":"Zacatecas 3.0","description":"","potentialAction":[{"@type":"SearchAction","target":{"@type":"EntryPoint","urlTemplate":"https:\/\/zacatecastrespuntocero.news\/?s={search_term_string}"},"query-input":{"@type":"PropertyValueSpecification","valueRequired":true,"valueName":"search_term_string"}}],"inLanguage":"es"},{"@type":"Person","@id":"https:\/\/zacatecastrespuntocero.news\/#\/schema\/person\/a2399b2ec551c85a553c7e32e0eb5f01","name":"Redacci\u00f3n Zacatecas 3.0","image":{"@type":"ImageObject","inLanguage":"es","@id":"https:\/\/zacatecastrespuntocero.news\/#\/schema\/person\/image\/","url":"https:\/\/secure.gravatar.com\/avatar\/898fb33ef49f211210b8183325052d3ced37d55b713857db60393870972a9248?s=96&d=mm&r=g","contentUrl":"https:\/\/secure.gravatar.com\/avatar\/898fb33ef49f211210b8183325052d3ced37d55b713857db60393870972a9248?s=96&d=mm&r=g","caption":"Redacci\u00f3n Zacatecas 3.0"},"sameAs":["http:\/\/zacatecastrespuntocero.news"],"url":"https:\/\/zacatecastrespuntocero.news\/?author=2"}]}},"_links":{"self":[{"href":"https:\/\/zacatecastrespuntocero.news\/index.php?rest_route=\/wp\/v2\/posts\/9563","targetHints":{"allow":["GET"]}}],"collection":[{"href":"https:\/\/zacatecastrespuntocero.news\/index.php?rest_route=\/wp\/v2\/posts"}],"about":[{"href":"https:\/\/zacatecastrespuntocero.news\/index.php?rest_route=\/wp\/v2\/types\/post"}],"author":[{"embeddable":true,"href":"https:\/\/zacatecastrespuntocero.news\/index.php?rest_route=\/wp\/v2\/users\/2"}],"replies":[{"embeddable":true,"href":"https:\/\/zacatecastrespuntocero.news\/index.php?rest_route=%2Fwp%2Fv2%2Fcomments&post=9563"}],"version-history":[{"count":1,"href":"https:\/\/zacatecastrespuntocero.news\/index.php?rest_route=\/wp\/v2\/posts\/9563\/revisions"}],"predecessor-version":[{"id":9565,"href":"https:\/\/zacatecastrespuntocero.news\/index.php?rest_route=\/wp\/v2\/posts\/9563\/revisions\/9565"}],"wp:featuredmedia":[{"embeddable":true,"href":"https:\/\/zacatecastrespuntocero.news\/index.php?rest_route=\/wp\/v2\/media\/9564"}],"wp:attachment":[{"href":"https:\/\/zacatecastrespuntocero.news\/index.php?rest_route=%2Fwp%2Fv2%2Fmedia&parent=9563"}],"wp:term":[{"taxonomy":"category","embeddable":true,"href":"https:\/\/zacatecastrespuntocero.news\/index.php?rest_route=%2Fwp%2Fv2%2Fcategories&post=9563"},{"taxonomy":"post_tag","embeddable":true,"href":"https:\/\/zacatecastrespuntocero.news\/index.php?rest_route=%2Fwp%2Fv2%2Ftags&post=9563"}],"curies":[{"name":"wp","href":"https:\/\/api.w.org\/{rel}","templated":true}]}}