{"id":9572,"date":"2025-08-16T15:40:25","date_gmt":"2025-08-16T15:40:25","guid":{"rendered":"https:\/\/zacatecastrespuntocero.news\/?p=9572"},"modified":"2025-08-16T15:40:25","modified_gmt":"2025-08-16T15:40:25","slug":"vinculan-a-proceso-a-exfuncionarios-de-chalchihuites-por-violencia-politica-de-genero","status":"publish","type":"post","link":"https:\/\/zacatecastrespuntocero.news\/?p=9572","title":{"rendered":"Vinculan a proceso a exfuncionarios de Chalchihuites por violencia pol\u00edtica de g\u00e9nero"},"content":{"rendered":"<p>&nbsp;<\/p>\n<p>La Fiscal\u00eda General de Justicia del Estado de Zacatecas, a trav\u00e9s de la Fiscal\u00eda Especializada en Delitos Electorales, obtuvo la vinculaci\u00f3n a proceso en contra de Julio \u201cN\u201d, ex presidente municipal; Karla \u201cN\u201d, ex s\u00edndica; Jes\u00fas \u201cN\u201d, \u00d3scar \u201cN\u201d, Cinthia \u201cN\u201d, Humberto \u201cN\u201d, Elizabeth \u201cN\u201d y Mar\u00eda \u201cN\u201d, ex regidores y regidoras del Ayuntamiento de Chalchihuites, Zacatecas, por el delito de Violencia Pol\u00edtica contra las Mujeres en Raz\u00f3n de G\u00e9nero, contemplado en el art\u00edculo 20 Bis de la Ley General en Materia de Delitos Electorales.<\/p>\n<p>De acuerdo con la investigaci\u00f3n, los exservidores p\u00fablicos ejercieron violencia institucional en contra de una integrante del cabildo, con la finalidad de obstaculizar el ejercicio de sus funciones. Entre las conductas denunciadas destacan negarle el uso de la voz y del voto durante la sesi\u00f3n del 5 de octubre de 2022, as\u00ed como impedirle el acceso a actas oficiales.<\/p>\n<p>La Fiscal\u00eda refrend\u00f3 su compromiso con la protecci\u00f3n de los derechos pol\u00edtico-electorales de las mujeres y con el combate a toda forma de violencia que limite su participaci\u00f3n en la vida p\u00fablica.<\/p>\n<p>Cabe se\u00f1alar que, conforme al art\u00edculo 13 del C\u00f3digo Nacional de Procedimientos Penales, todas las personas imputadas se presumen inocentes hasta que un juez emita sentencia definitiva.<\/p>\n","protected":false},"excerpt":{"rendered":"<p>&nbsp; La Fiscal\u00eda General de Justicia del Estado de Zacatecas, a trav\u00e9s de la Fiscal\u00eda Especializada en Delitos Electorales, obtuvo la vinculaci\u00f3n a proceso en contra de Julio \u201cN\u201d, ex presidente municipal; Karla \u201cN\u201d, ex s\u00edndica; Jes\u00fas \u201cN\u201d, \u00d3scar \u201cN\u201d, Cinthia \u201cN\u201d, Humberto \u201cN\u201d, Elizabeth \u201cN\u201d y Mar\u00eda \u201cN\u201d, ex regidores y regidoras del Ayuntamiento [&hellip;]<\/p>\n","protected":false},"author":2,"featured_media":9573,"comment_status":"open","ping_status":"open","sticky":false,"template":"","format":"image","meta":{"footnotes":""},"categories":[38],"tags":[],"class_list":["post-9572","post","type-post","status-publish","format-image","has-post-thumbnail","hentry","category-estatal","post_format-post-format-image"],"yoast_head":"<!-- This site is optimized with the Yoast SEO plugin v24.7 - https:\/\/yoast.com\/wordpress\/plugins\/seo\/ -->\n<title>Vinculan a proceso a exfuncionarios de Chalchihuites por violencia pol\u00edtica de g\u00e9nero - Zacatecas 3.0<\/title>\n<meta name=\"robots\" content=\"index, follow, max-snippet:-1, max-image-preview:large, max-video-preview:-1\" \/>\n<link rel=\"canonical\" href=\"https:\/\/zacatecastrespuntocero.news\/?p=9572\" \/>\n<meta property=\"og:locale\" content=\"es_ES\" \/>\n<meta property=\"og:type\" content=\"article\" \/>\n<meta property=\"og:title\" content=\"Vinculan a proceso a exfuncionarios de Chalchihuites por violencia pol\u00edtica de g\u00e9nero - Zacatecas 3.0\" \/>\n<meta property=\"og:description\" content=\"&nbsp; La Fiscal\u00eda General de Justicia del Estado de Zacatecas, a trav\u00e9s de la Fiscal\u00eda Especializada en Delitos Electorales, obtuvo la vinculaci\u00f3n a proceso en contra de Julio \u201cN\u201d, ex presidente municipal; Karla \u201cN\u201d, ex s\u00edndica; Jes\u00fas \u201cN\u201d, \u00d3scar \u201cN\u201d, Cinthia \u201cN\u201d, Humberto \u201cN\u201d, Elizabeth \u201cN\u201d y Mar\u00eda \u201cN\u201d, ex regidores y regidoras del Ayuntamiento [&hellip;]\" \/>\n<meta property=\"og:url\" content=\"https:\/\/zacatecastrespuntocero.news\/?p=9572\" \/>\n<meta property=\"og:site_name\" content=\"Zacatecas 3.0\" \/>\n<meta property=\"article:published_time\" content=\"2025-08-16T15:40:25+00:00\" \/>\n<meta property=\"og:image\" content=\"https:\/\/zacatecastrespuntocero.news\/wp-content\/uploads\/2025\/08\/IMG_8062.jpeg\" \/>\n\t<meta property=\"og:image:width\" content=\"640\" \/>\n\t<meta property=\"og:image:height\" content=\"480\" \/>\n\t<meta property=\"og:image:type\" content=\"image\/jpeg\" \/>\n<meta name=\"author\" content=\"Redacci\u00f3n Zacatecas 3.0\" \/>\n<meta name=\"twitter:card\" content=\"summary_large_image\" \/>\n<meta name=\"twitter:label1\" content=\"Escrito por\" \/>\n\t<meta name=\"twitter:data1\" content=\"Redacci\u00f3n Zacatecas 3.0\" \/>\n\t<meta name=\"twitter:label2\" content=\"Tiempo de lectura\" \/>\n\t<meta name=\"twitter:data2\" content=\"1 minuto\" \/>\n<script type=\"application\/ld+json\" class=\"yoast-schema-graph\">{\"@context\":\"https:\/\/schema.org\",\"@graph\":[{\"@type\":\"WebPage\",\"@id\":\"https:\/\/zacatecastrespuntocero.news\/?p=9572\",\"url\":\"https:\/\/zacatecastrespuntocero.news\/?p=9572\",\"name\":\"Vinculan a proceso a exfuncionarios de Chalchihuites por violencia pol\u00edtica de g\u00e9nero - Zacatecas 3.0\",\"isPartOf\":{\"@id\":\"https:\/\/zacatecastrespuntocero.news\/#website\"},\"primaryImageOfPage\":{\"@id\":\"https:\/\/zacatecastrespuntocero.news\/?p=9572#primaryimage\"},\"image\":{\"@id\":\"https:\/\/zacatecastrespuntocero.news\/?p=9572#primaryimage\"},\"thumbnailUrl\":\"https:\/\/zacatecastrespuntocero.news\/wp-content\/uploads\/2025\/08\/IMG_8062.jpeg\",\"datePublished\":\"2025-08-16T15:40:25+00:00\",\"author\":{\"@id\":\"https:\/\/zacatecastrespuntocero.news\/#\/schema\/person\/a2399b2ec551c85a553c7e32e0eb5f01\"},\"breadcrumb\":{\"@id\":\"https:\/\/zacatecastrespuntocero.news\/?p=9572#breadcrumb\"},\"inLanguage\":\"es\",\"potentialAction\":[{\"@type\":\"ReadAction\",\"target\":[\"https:\/\/zacatecastrespuntocero.news\/?p=9572\"]}]},{\"@type\":\"ImageObject\",\"inLanguage\":\"es\",\"@id\":\"https:\/\/zacatecastrespuntocero.news\/?p=9572#primaryimage\",\"url\":\"https:\/\/zacatecastrespuntocero.news\/wp-content\/uploads\/2025\/08\/IMG_8062.jpeg\",\"contentUrl\":\"https:\/\/zacatecastrespuntocero.news\/wp-content\/uploads\/2025\/08\/IMG_8062.jpeg\",\"width\":640,\"height\":480},{\"@type\":\"BreadcrumbList\",\"@id\":\"https:\/\/zacatecastrespuntocero.news\/?p=9572#breadcrumb\",\"itemListElement\":[{\"@type\":\"ListItem\",\"position\":1,\"name\":\"Portada\",\"item\":\"https:\/\/zacatecastrespuntocero.news\/\"},{\"@type\":\"ListItem\",\"position\":2,\"name\":\"Vinculan a proceso a exfuncionarios de Chalchihuites por violencia pol\u00edtica de g\u00e9nero\"}]},{\"@type\":\"WebSite\",\"@id\":\"https:\/\/zacatecastrespuntocero.news\/#website\",\"url\":\"https:\/\/zacatecastrespuntocero.news\/\",\"name\":\"Zacatecas 3.0\",\"description\":\"\",\"potentialAction\":[{\"@type\":\"SearchAction\",\"target\":{\"@type\":\"EntryPoint\",\"urlTemplate\":\"https:\/\/zacatecastrespuntocero.news\/?s={search_term_string}\"},\"query-input\":{\"@type\":\"PropertyValueSpecification\",\"valueRequired\":true,\"valueName\":\"search_term_string\"}}],\"inLanguage\":\"es\"},{\"@type\":\"Person\",\"@id\":\"https:\/\/zacatecastrespuntocero.news\/#\/schema\/person\/a2399b2ec551c85a553c7e32e0eb5f01\",\"name\":\"Redacci\u00f3n Zacatecas 3.0\",\"image\":{\"@type\":\"ImageObject\",\"inLanguage\":\"es\",\"@id\":\"https:\/\/zacatecastrespuntocero.news\/#\/schema\/person\/image\/\",\"url\":\"https:\/\/secure.gravatar.com\/avatar\/898fb33ef49f211210b8183325052d3ced37d55b713857db60393870972a9248?s=96&d=mm&r=g\",\"contentUrl\":\"https:\/\/secure.gravatar.com\/avatar\/898fb33ef49f211210b8183325052d3ced37d55b713857db60393870972a9248?s=96&d=mm&r=g\",\"caption\":\"Redacci\u00f3n Zacatecas 3.0\"},\"sameAs\":[\"http:\/\/zacatecastrespuntocero.news\"],\"url\":\"https:\/\/zacatecastrespuntocero.news\/?author=2\"}]}<\/script>\n<!-- \/ Yoast SEO plugin. -->","yoast_head_json":{"title":"Vinculan a proceso a exfuncionarios de Chalchihuites por violencia pol\u00edtica de g\u00e9nero - Zacatecas 3.0","robots":{"index":"index","follow":"follow","max-snippet":"max-snippet:-1","max-image-preview":"max-image-preview:large","max-video-preview":"max-video-preview:-1"},"canonical":"https:\/\/zacatecastrespuntocero.news\/?p=9572","og_locale":"es_ES","og_type":"article","og_title":"Vinculan a proceso a exfuncionarios de Chalchihuites por violencia pol\u00edtica de g\u00e9nero - Zacatecas 3.0","og_description":"&nbsp; La Fiscal\u00eda General de Justicia del Estado de Zacatecas, a trav\u00e9s de la Fiscal\u00eda Especializada en Delitos Electorales, obtuvo la vinculaci\u00f3n a proceso en contra de Julio \u201cN\u201d, ex presidente municipal; Karla \u201cN\u201d, ex s\u00edndica; Jes\u00fas \u201cN\u201d, \u00d3scar \u201cN\u201d, Cinthia \u201cN\u201d, Humberto \u201cN\u201d, Elizabeth \u201cN\u201d y Mar\u00eda \u201cN\u201d, ex regidores y regidoras del Ayuntamiento [&hellip;]","og_url":"https:\/\/zacatecastrespuntocero.news\/?p=9572","og_site_name":"Zacatecas 3.0","article_published_time":"2025-08-16T15:40:25+00:00","og_image":[{"width":640,"height":480,"url":"https:\/\/zacatecastrespuntocero.news\/wp-content\/uploads\/2025\/08\/IMG_8062.jpeg","type":"image\/jpeg"}],"author":"Redacci\u00f3n Zacatecas 3.0","twitter_card":"summary_large_image","twitter_misc":{"Escrito por":"Redacci\u00f3n Zacatecas 3.0","Tiempo de lectura":"1 minuto"},"schema":{"@context":"https:\/\/schema.org","@graph":[{"@type":"WebPage","@id":"https:\/\/zacatecastrespuntocero.news\/?p=9572","url":"https:\/\/zacatecastrespuntocero.news\/?p=9572","name":"Vinculan a proceso a exfuncionarios de Chalchihuites por violencia pol\u00edtica de g\u00e9nero - Zacatecas 3.0","isPartOf":{"@id":"https:\/\/zacatecastrespuntocero.news\/#website"},"primaryImageOfPage":{"@id":"https:\/\/zacatecastrespuntocero.news\/?p=9572#primaryimage"},"image":{"@id":"https:\/\/zacatecastrespuntocero.news\/?p=9572#primaryimage"},"thumbnailUrl":"https:\/\/zacatecastrespuntocero.news\/wp-content\/uploads\/2025\/08\/IMG_8062.jpeg","datePublished":"2025-08-16T15:40:25+00:00","author":{"@id":"https:\/\/zacatecastrespuntocero.news\/#\/schema\/person\/a2399b2ec551c85a553c7e32e0eb5f01"},"breadcrumb":{"@id":"https:\/\/zacatecastrespuntocero.news\/?p=9572#breadcrumb"},"inLanguage":"es","potentialAction":[{"@type":"ReadAction","target":["https:\/\/zacatecastrespuntocero.news\/?p=9572"]}]},{"@type":"ImageObject","inLanguage":"es","@id":"https:\/\/zacatecastrespuntocero.news\/?p=9572#primaryimage","url":"https:\/\/zacatecastrespuntocero.news\/wp-content\/uploads\/2025\/08\/IMG_8062.jpeg","contentUrl":"https:\/\/zacatecastrespuntocero.news\/wp-content\/uploads\/2025\/08\/IMG_8062.jpeg","width":640,"height":480},{"@type":"BreadcrumbList","@id":"https:\/\/zacatecastrespuntocero.news\/?p=9572#breadcrumb","itemListElement":[{"@type":"ListItem","position":1,"name":"Portada","item":"https:\/\/zacatecastrespuntocero.news\/"},{"@type":"ListItem","position":2,"name":"Vinculan a proceso a exfuncionarios de Chalchihuites por violencia pol\u00edtica de g\u00e9nero"}]},{"@type":"WebSite","@id":"https:\/\/zacatecastrespuntocero.news\/#website","url":"https:\/\/zacatecastrespuntocero.news\/","name":"Zacatecas 3.0","description":"","potentialAction":[{"@type":"SearchAction","target":{"@type":"EntryPoint","urlTemplate":"https:\/\/zacatecastrespuntocero.news\/?s={search_term_string}"},"query-input":{"@type":"PropertyValueSpecification","valueRequired":true,"valueName":"search_term_string"}}],"inLanguage":"es"},{"@type":"Person","@id":"https:\/\/zacatecastrespuntocero.news\/#\/schema\/person\/a2399b2ec551c85a553c7e32e0eb5f01","name":"Redacci\u00f3n Zacatecas 3.0","image":{"@type":"ImageObject","inLanguage":"es","@id":"https:\/\/zacatecastrespuntocero.news\/#\/schema\/person\/image\/","url":"https:\/\/secure.gravatar.com\/avatar\/898fb33ef49f211210b8183325052d3ced37d55b713857db60393870972a9248?s=96&d=mm&r=g","contentUrl":"https:\/\/secure.gravatar.com\/avatar\/898fb33ef49f211210b8183325052d3ced37d55b713857db60393870972a9248?s=96&d=mm&r=g","caption":"Redacci\u00f3n Zacatecas 3.0"},"sameAs":["http:\/\/zacatecastrespuntocero.news"],"url":"https:\/\/zacatecastrespuntocero.news\/?author=2"}]}},"_links":{"self":[{"href":"https:\/\/zacatecastrespuntocero.news\/index.php?rest_route=\/wp\/v2\/posts\/9572","targetHints":{"allow":["GET"]}}],"collection":[{"href":"https:\/\/zacatecastrespuntocero.news\/index.php?rest_route=\/wp\/v2\/posts"}],"about":[{"href":"https:\/\/zacatecastrespuntocero.news\/index.php?rest_route=\/wp\/v2\/types\/post"}],"author":[{"embeddable":true,"href":"https:\/\/zacatecastrespuntocero.news\/index.php?rest_route=\/wp\/v2\/users\/2"}],"replies":[{"embeddable":true,"href":"https:\/\/zacatecastrespuntocero.news\/index.php?rest_route=%2Fwp%2Fv2%2Fcomments&post=9572"}],"version-history":[{"count":1,"href":"https:\/\/zacatecastrespuntocero.news\/index.php?rest_route=\/wp\/v2\/posts\/9572\/revisions"}],"predecessor-version":[{"id":9574,"href":"https:\/\/zacatecastrespuntocero.news\/index.php?rest_route=\/wp\/v2\/posts\/9572\/revisions\/9574"}],"wp:featuredmedia":[{"embeddable":true,"href":"https:\/\/zacatecastrespuntocero.news\/index.php?rest_route=\/wp\/v2\/media\/9573"}],"wp:attachment":[{"href":"https:\/\/zacatecastrespuntocero.news\/index.php?rest_route=%2Fwp%2Fv2%2Fmedia&parent=9572"}],"wp:term":[{"taxonomy":"category","embeddable":true,"href":"https:\/\/zacatecastrespuntocero.news\/index.php?rest_route=%2Fwp%2Fv2%2Fcategories&post=9572"},{"taxonomy":"post_tag","embeddable":true,"href":"https:\/\/zacatecastrespuntocero.news\/index.php?rest_route=%2Fwp%2Fv2%2Ftags&post=9572"}],"curies":[{"name":"wp","href":"https:\/\/api.w.org\/{rel}","templated":true}]}}