{"id":9728,"date":"2025-08-20T12:29:56","date_gmt":"2025-08-20T12:29:56","guid":{"rendered":"https:\/\/zacatecastrespuntocero.news\/?p=9728"},"modified":"2025-08-20T12:29:56","modified_gmt":"2025-08-20T12:29:56","slug":"indignacion-en-cdmx-policia-dispara-y-mata-a-motociclista-de-21-anos","status":"publish","type":"post","link":"https:\/\/zacatecastrespuntocero.news\/?p=9728","title":{"rendered":"Indignaci\u00f3n en CDMX: polic\u00eda dispara y mata a motociclista de 21 a\u00f1os"},"content":{"rendered":"<p>&nbsp;<\/p>\n<p>Un joven motociclista de 21 a\u00f1os perdi\u00f3 la vida luego de recibir un disparo por parte de un elemento policial en la Alcald\u00eda Venustiano Carranza.<\/p>\n<p>De acuerdo con los primeros reportes, todo comenz\u00f3 tras una ri\u00f1a que deriv\u00f3 en la agresi\u00f3n armada. El joven cay\u00f3 inconsciente al pavimento y fue atendido por param\u00e9dicos del ERUM, quienes lo trasladaron de urgencia a un hospital. Sin embargo, horas m\u00e1s tarde se confirm\u00f3 su fallecimiento.<\/p>\n<p>El caso ha generado conmoci\u00f3n y se espera que las autoridades esclarezcan lo ocurrido y determinen responsabilidades.<\/p>\n","protected":false},"excerpt":{"rendered":"<p>&nbsp; Un joven motociclista de 21 a\u00f1os perdi\u00f3 la vida luego de recibir un disparo por parte de un elemento policial en la Alcald\u00eda Venustiano Carranza. De acuerdo con los primeros reportes, todo comenz\u00f3 tras una ri\u00f1a que deriv\u00f3 en la agresi\u00f3n armada. El joven cay\u00f3 inconsciente al pavimento y fue atendido por param\u00e9dicos del [&hellip;]<\/p>\n","protected":false},"author":2,"featured_media":9729,"comment_status":"open","ping_status":"open","sticky":false,"template":"","format":"image","meta":{"footnotes":""},"categories":[38],"tags":[],"class_list":["post-9728","post","type-post","status-publish","format-image","has-post-thumbnail","hentry","category-estatal","post_format-post-format-image"],"yoast_head":"<!-- This site is optimized with the Yoast SEO plugin v24.7 - https:\/\/yoast.com\/wordpress\/plugins\/seo\/ -->\n<title>Indignaci\u00f3n en CDMX: polic\u00eda dispara y mata a motociclista de 21 a\u00f1os - Zacatecas 3.0<\/title>\n<meta name=\"robots\" content=\"index, follow, max-snippet:-1, max-image-preview:large, max-video-preview:-1\" \/>\n<link rel=\"canonical\" href=\"https:\/\/zacatecastrespuntocero.news\/?p=9728\" \/>\n<meta property=\"og:locale\" content=\"es_ES\" \/>\n<meta property=\"og:type\" content=\"article\" \/>\n<meta property=\"og:title\" content=\"Indignaci\u00f3n en CDMX: polic\u00eda dispara y mata a motociclista de 21 a\u00f1os - Zacatecas 3.0\" \/>\n<meta property=\"og:description\" content=\"&nbsp; Un joven motociclista de 21 a\u00f1os perdi\u00f3 la vida luego de recibir un disparo por parte de un elemento policial en la Alcald\u00eda Venustiano Carranza. De acuerdo con los primeros reportes, todo comenz\u00f3 tras una ri\u00f1a que deriv\u00f3 en la agresi\u00f3n armada. El joven cay\u00f3 inconsciente al pavimento y fue atendido por param\u00e9dicos del [&hellip;]\" \/>\n<meta property=\"og:url\" content=\"https:\/\/zacatecastrespuntocero.news\/?p=9728\" \/>\n<meta property=\"og:site_name\" content=\"Zacatecas 3.0\" \/>\n<meta property=\"article:published_time\" content=\"2025-08-20T12:29:56+00:00\" \/>\n<meta property=\"og:image\" content=\"https:\/\/zacatecastrespuntocero.news\/wp-content\/uploads\/2025\/08\/IMG_8414.jpeg\" \/>\n\t<meta property=\"og:image:width\" content=\"840\" \/>\n\t<meta property=\"og:image:height\" content=\"1201\" \/>\n\t<meta property=\"og:image:type\" content=\"image\/jpeg\" \/>\n<meta name=\"author\" content=\"Redacci\u00f3n Zacatecas 3.0\" \/>\n<meta name=\"twitter:card\" content=\"summary_large_image\" \/>\n<meta name=\"twitter:label1\" content=\"Escrito por\" \/>\n\t<meta name=\"twitter:data1\" content=\"Redacci\u00f3n Zacatecas 3.0\" \/>\n\t<meta name=\"twitter:label2\" content=\"Tiempo de lectura\" \/>\n\t<meta name=\"twitter:data2\" content=\"1 minuto\" \/>\n<script type=\"application\/ld+json\" class=\"yoast-schema-graph\">{\"@context\":\"https:\/\/schema.org\",\"@graph\":[{\"@type\":\"WebPage\",\"@id\":\"https:\/\/zacatecastrespuntocero.news\/?p=9728\",\"url\":\"https:\/\/zacatecastrespuntocero.news\/?p=9728\",\"name\":\"Indignaci\u00f3n en CDMX: polic\u00eda dispara y mata a motociclista de 21 a\u00f1os - Zacatecas 3.0\",\"isPartOf\":{\"@id\":\"https:\/\/zacatecastrespuntocero.news\/#website\"},\"primaryImageOfPage\":{\"@id\":\"https:\/\/zacatecastrespuntocero.news\/?p=9728#primaryimage\"},\"image\":{\"@id\":\"https:\/\/zacatecastrespuntocero.news\/?p=9728#primaryimage\"},\"thumbnailUrl\":\"https:\/\/zacatecastrespuntocero.news\/wp-content\/uploads\/2025\/08\/IMG_8414.jpeg\",\"datePublished\":\"2025-08-20T12:29:56+00:00\",\"author\":{\"@id\":\"https:\/\/zacatecastrespuntocero.news\/#\/schema\/person\/a2399b2ec551c85a553c7e32e0eb5f01\"},\"breadcrumb\":{\"@id\":\"https:\/\/zacatecastrespuntocero.news\/?p=9728#breadcrumb\"},\"inLanguage\":\"es\",\"potentialAction\":[{\"@type\":\"ReadAction\",\"target\":[\"https:\/\/zacatecastrespuntocero.news\/?p=9728\"]}]},{\"@type\":\"ImageObject\",\"inLanguage\":\"es\",\"@id\":\"https:\/\/zacatecastrespuntocero.news\/?p=9728#primaryimage\",\"url\":\"https:\/\/zacatecastrespuntocero.news\/wp-content\/uploads\/2025\/08\/IMG_8414.jpeg\",\"contentUrl\":\"https:\/\/zacatecastrespuntocero.news\/wp-content\/uploads\/2025\/08\/IMG_8414.jpeg\",\"width\":840,\"height\":1201},{\"@type\":\"BreadcrumbList\",\"@id\":\"https:\/\/zacatecastrespuntocero.news\/?p=9728#breadcrumb\",\"itemListElement\":[{\"@type\":\"ListItem\",\"position\":1,\"name\":\"Portada\",\"item\":\"https:\/\/zacatecastrespuntocero.news\/\"},{\"@type\":\"ListItem\",\"position\":2,\"name\":\"Indignaci\u00f3n en CDMX: polic\u00eda dispara y mata a motociclista de 21 a\u00f1os\"}]},{\"@type\":\"WebSite\",\"@id\":\"https:\/\/zacatecastrespuntocero.news\/#website\",\"url\":\"https:\/\/zacatecastrespuntocero.news\/\",\"name\":\"Zacatecas 3.0\",\"description\":\"\",\"potentialAction\":[{\"@type\":\"SearchAction\",\"target\":{\"@type\":\"EntryPoint\",\"urlTemplate\":\"https:\/\/zacatecastrespuntocero.news\/?s={search_term_string}\"},\"query-input\":{\"@type\":\"PropertyValueSpecification\",\"valueRequired\":true,\"valueName\":\"search_term_string\"}}],\"inLanguage\":\"es\"},{\"@type\":\"Person\",\"@id\":\"https:\/\/zacatecastrespuntocero.news\/#\/schema\/person\/a2399b2ec551c85a553c7e32e0eb5f01\",\"name\":\"Redacci\u00f3n Zacatecas 3.0\",\"image\":{\"@type\":\"ImageObject\",\"inLanguage\":\"es\",\"@id\":\"https:\/\/zacatecastrespuntocero.news\/#\/schema\/person\/image\/\",\"url\":\"https:\/\/secure.gravatar.com\/avatar\/898fb33ef49f211210b8183325052d3ced37d55b713857db60393870972a9248?s=96&d=mm&r=g\",\"contentUrl\":\"https:\/\/secure.gravatar.com\/avatar\/898fb33ef49f211210b8183325052d3ced37d55b713857db60393870972a9248?s=96&d=mm&r=g\",\"caption\":\"Redacci\u00f3n Zacatecas 3.0\"},\"sameAs\":[\"http:\/\/zacatecastrespuntocero.news\"],\"url\":\"https:\/\/zacatecastrespuntocero.news\/?author=2\"}]}<\/script>\n<!-- \/ Yoast SEO plugin. -->","yoast_head_json":{"title":"Indignaci\u00f3n en CDMX: polic\u00eda dispara y mata a motociclista de 21 a\u00f1os - Zacatecas 3.0","robots":{"index":"index","follow":"follow","max-snippet":"max-snippet:-1","max-image-preview":"max-image-preview:large","max-video-preview":"max-video-preview:-1"},"canonical":"https:\/\/zacatecastrespuntocero.news\/?p=9728","og_locale":"es_ES","og_type":"article","og_title":"Indignaci\u00f3n en CDMX: polic\u00eda dispara y mata a motociclista de 21 a\u00f1os - Zacatecas 3.0","og_description":"&nbsp; Un joven motociclista de 21 a\u00f1os perdi\u00f3 la vida luego de recibir un disparo por parte de un elemento policial en la Alcald\u00eda Venustiano Carranza. De acuerdo con los primeros reportes, todo comenz\u00f3 tras una ri\u00f1a que deriv\u00f3 en la agresi\u00f3n armada. El joven cay\u00f3 inconsciente al pavimento y fue atendido por param\u00e9dicos del [&hellip;]","og_url":"https:\/\/zacatecastrespuntocero.news\/?p=9728","og_site_name":"Zacatecas 3.0","article_published_time":"2025-08-20T12:29:56+00:00","og_image":[{"width":840,"height":1201,"url":"https:\/\/zacatecastrespuntocero.news\/wp-content\/uploads\/2025\/08\/IMG_8414.jpeg","type":"image\/jpeg"}],"author":"Redacci\u00f3n Zacatecas 3.0","twitter_card":"summary_large_image","twitter_misc":{"Escrito por":"Redacci\u00f3n Zacatecas 3.0","Tiempo de lectura":"1 minuto"},"schema":{"@context":"https:\/\/schema.org","@graph":[{"@type":"WebPage","@id":"https:\/\/zacatecastrespuntocero.news\/?p=9728","url":"https:\/\/zacatecastrespuntocero.news\/?p=9728","name":"Indignaci\u00f3n en CDMX: polic\u00eda dispara y mata a motociclista de 21 a\u00f1os - Zacatecas 3.0","isPartOf":{"@id":"https:\/\/zacatecastrespuntocero.news\/#website"},"primaryImageOfPage":{"@id":"https:\/\/zacatecastrespuntocero.news\/?p=9728#primaryimage"},"image":{"@id":"https:\/\/zacatecastrespuntocero.news\/?p=9728#primaryimage"},"thumbnailUrl":"https:\/\/zacatecastrespuntocero.news\/wp-content\/uploads\/2025\/08\/IMG_8414.jpeg","datePublished":"2025-08-20T12:29:56+00:00","author":{"@id":"https:\/\/zacatecastrespuntocero.news\/#\/schema\/person\/a2399b2ec551c85a553c7e32e0eb5f01"},"breadcrumb":{"@id":"https:\/\/zacatecastrespuntocero.news\/?p=9728#breadcrumb"},"inLanguage":"es","potentialAction":[{"@type":"ReadAction","target":["https:\/\/zacatecastrespuntocero.news\/?p=9728"]}]},{"@type":"ImageObject","inLanguage":"es","@id":"https:\/\/zacatecastrespuntocero.news\/?p=9728#primaryimage","url":"https:\/\/zacatecastrespuntocero.news\/wp-content\/uploads\/2025\/08\/IMG_8414.jpeg","contentUrl":"https:\/\/zacatecastrespuntocero.news\/wp-content\/uploads\/2025\/08\/IMG_8414.jpeg","width":840,"height":1201},{"@type":"BreadcrumbList","@id":"https:\/\/zacatecastrespuntocero.news\/?p=9728#breadcrumb","itemListElement":[{"@type":"ListItem","position":1,"name":"Portada","item":"https:\/\/zacatecastrespuntocero.news\/"},{"@type":"ListItem","position":2,"name":"Indignaci\u00f3n en CDMX: polic\u00eda dispara y mata a motociclista de 21 a\u00f1os"}]},{"@type":"WebSite","@id":"https:\/\/zacatecastrespuntocero.news\/#website","url":"https:\/\/zacatecastrespuntocero.news\/","name":"Zacatecas 3.0","description":"","potentialAction":[{"@type":"SearchAction","target":{"@type":"EntryPoint","urlTemplate":"https:\/\/zacatecastrespuntocero.news\/?s={search_term_string}"},"query-input":{"@type":"PropertyValueSpecification","valueRequired":true,"valueName":"search_term_string"}}],"inLanguage":"es"},{"@type":"Person","@id":"https:\/\/zacatecastrespuntocero.news\/#\/schema\/person\/a2399b2ec551c85a553c7e32e0eb5f01","name":"Redacci\u00f3n Zacatecas 3.0","image":{"@type":"ImageObject","inLanguage":"es","@id":"https:\/\/zacatecastrespuntocero.news\/#\/schema\/person\/image\/","url":"https:\/\/secure.gravatar.com\/avatar\/898fb33ef49f211210b8183325052d3ced37d55b713857db60393870972a9248?s=96&d=mm&r=g","contentUrl":"https:\/\/secure.gravatar.com\/avatar\/898fb33ef49f211210b8183325052d3ced37d55b713857db60393870972a9248?s=96&d=mm&r=g","caption":"Redacci\u00f3n Zacatecas 3.0"},"sameAs":["http:\/\/zacatecastrespuntocero.news"],"url":"https:\/\/zacatecastrespuntocero.news\/?author=2"}]}},"_links":{"self":[{"href":"https:\/\/zacatecastrespuntocero.news\/index.php?rest_route=\/wp\/v2\/posts\/9728","targetHints":{"allow":["GET"]}}],"collection":[{"href":"https:\/\/zacatecastrespuntocero.news\/index.php?rest_route=\/wp\/v2\/posts"}],"about":[{"href":"https:\/\/zacatecastrespuntocero.news\/index.php?rest_route=\/wp\/v2\/types\/post"}],"author":[{"embeddable":true,"href":"https:\/\/zacatecastrespuntocero.news\/index.php?rest_route=\/wp\/v2\/users\/2"}],"replies":[{"embeddable":true,"href":"https:\/\/zacatecastrespuntocero.news\/index.php?rest_route=%2Fwp%2Fv2%2Fcomments&post=9728"}],"version-history":[{"count":1,"href":"https:\/\/zacatecastrespuntocero.news\/index.php?rest_route=\/wp\/v2\/posts\/9728\/revisions"}],"predecessor-version":[{"id":9730,"href":"https:\/\/zacatecastrespuntocero.news\/index.php?rest_route=\/wp\/v2\/posts\/9728\/revisions\/9730"}],"wp:featuredmedia":[{"embeddable":true,"href":"https:\/\/zacatecastrespuntocero.news\/index.php?rest_route=\/wp\/v2\/media\/9729"}],"wp:attachment":[{"href":"https:\/\/zacatecastrespuntocero.news\/index.php?rest_route=%2Fwp%2Fv2%2Fmedia&parent=9728"}],"wp:term":[{"taxonomy":"category","embeddable":true,"href":"https:\/\/zacatecastrespuntocero.news\/index.php?rest_route=%2Fwp%2Fv2%2Fcategories&post=9728"},{"taxonomy":"post_tag","embeddable":true,"href":"https:\/\/zacatecastrespuntocero.news\/index.php?rest_route=%2Fwp%2Fv2%2Ftags&post=9728"}],"curies":[{"name":"wp","href":"https:\/\/api.w.org\/{rel}","templated":true}]}}