{"id":9921,"date":"2025-08-27T12:34:06","date_gmt":"2025-08-27T12:34:06","guid":{"rendered":"https:\/\/zacatecastrespuntocero.news\/?p=9921"},"modified":"2025-08-27T12:34:06","modified_gmt":"2025-08-27T12:34:06","slug":"reiteran-acusaciones-vinculan-a-proceso-al-abogado-jorge-n-por-violacion-a-la-intimidad-sexual","status":"publish","type":"post","link":"https:\/\/zacatecastrespuntocero.news\/?p=9921","title":{"rendered":"Reiteran acusaciones: vinculan a proceso al abogado Jorge \u201cN\u201d por violaci\u00f3n a la intimidad sexual"},"content":{"rendered":"<p>&nbsp;<\/p>\n<p>Tras una audiencia que se prolong\u00f3 por m\u00e1s de seis horas, la jueza determin\u00f3 vincular a proceso al abogado Jorge \u201cN\u201d por la presunta comisi\u00f3n del delito de violaci\u00f3n a la intimidad sexual.<\/p>\n<p>De acuerdo con la narrativa de la v\u00edctima, los hechos habr\u00edan ocurrido primero en 2018 y se repitieron en mayo de 2025, con coincidencias que la autoridad judicial consider\u00f3 claves para esta resoluci\u00f3n.<\/p>\n<p>La denunciante, trabajadora del Gobierno del Estado desde 2016, sostiene que se trata de un patr\u00f3n reiterativo de conductas, mientras que la defensa del imputado deber\u00e1 presentar pruebas contundentes para sostener su versi\u00f3n.<\/p>\n<p>El caso continuar\u00e1 en juicio oral en los pr\u00f3ximos meses.<\/p>\n","protected":false},"excerpt":{"rendered":"<p>&nbsp; Tras una audiencia que se prolong\u00f3 por m\u00e1s de seis horas, la jueza determin\u00f3 vincular a proceso al abogado Jorge \u201cN\u201d por la presunta comisi\u00f3n del delito de violaci\u00f3n a la intimidad sexual. De acuerdo con la narrativa de la v\u00edctima, los hechos habr\u00edan ocurrido primero en 2018 y se repitieron en mayo de [&hellip;]<\/p>\n","protected":false},"author":2,"featured_media":9922,"comment_status":"open","ping_status":"open","sticky":false,"template":"","format":"image","meta":{"footnotes":""},"categories":[38],"tags":[],"class_list":["post-9921","post","type-post","status-publish","format-image","has-post-thumbnail","hentry","category-estatal","post_format-post-format-image"],"yoast_head":"<!-- This site is optimized with the Yoast SEO plugin v24.7 - https:\/\/yoast.com\/wordpress\/plugins\/seo\/ -->\n<title>Reiteran acusaciones: vinculan a proceso al abogado Jorge \u201cN\u201d por violaci\u00f3n a la intimidad sexual - Zacatecas 3.0<\/title>\n<meta name=\"robots\" content=\"index, follow, max-snippet:-1, max-image-preview:large, max-video-preview:-1\" \/>\n<link rel=\"canonical\" href=\"https:\/\/zacatecastrespuntocero.news\/?p=9921\" \/>\n<meta property=\"og:locale\" content=\"es_ES\" \/>\n<meta property=\"og:type\" content=\"article\" \/>\n<meta property=\"og:title\" content=\"Reiteran acusaciones: vinculan a proceso al abogado Jorge \u201cN\u201d por violaci\u00f3n a la intimidad sexual - Zacatecas 3.0\" \/>\n<meta property=\"og:description\" content=\"&nbsp; Tras una audiencia que se prolong\u00f3 por m\u00e1s de seis horas, la jueza determin\u00f3 vincular a proceso al abogado Jorge \u201cN\u201d por la presunta comisi\u00f3n del delito de violaci\u00f3n a la intimidad sexual. De acuerdo con la narrativa de la v\u00edctima, los hechos habr\u00edan ocurrido primero en 2018 y se repitieron en mayo de [&hellip;]\" \/>\n<meta property=\"og:url\" content=\"https:\/\/zacatecastrespuntocero.news\/?p=9921\" \/>\n<meta property=\"og:site_name\" content=\"Zacatecas 3.0\" \/>\n<meta property=\"article:published_time\" content=\"2025-08-27T12:34:06+00:00\" \/>\n<meta property=\"og:image\" content=\"https:\/\/zacatecastrespuntocero.news\/wp-content\/uploads\/2025\/08\/IMG_9154.jpeg\" \/>\n\t<meta property=\"og:image:width\" content=\"1179\" \/>\n\t<meta property=\"og:image:height\" content=\"1169\" \/>\n\t<meta property=\"og:image:type\" content=\"image\/jpeg\" \/>\n<meta name=\"author\" content=\"Redacci\u00f3n Zacatecas 3.0\" \/>\n<meta name=\"twitter:card\" content=\"summary_large_image\" \/>\n<meta name=\"twitter:label1\" content=\"Escrito por\" \/>\n\t<meta name=\"twitter:data1\" content=\"Redacci\u00f3n Zacatecas 3.0\" \/>\n\t<meta name=\"twitter:label2\" content=\"Tiempo de lectura\" \/>\n\t<meta name=\"twitter:data2\" content=\"1 minuto\" \/>\n<script type=\"application\/ld+json\" class=\"yoast-schema-graph\">{\"@context\":\"https:\/\/schema.org\",\"@graph\":[{\"@type\":\"WebPage\",\"@id\":\"https:\/\/zacatecastrespuntocero.news\/?p=9921\",\"url\":\"https:\/\/zacatecastrespuntocero.news\/?p=9921\",\"name\":\"Reiteran acusaciones: vinculan a proceso al abogado Jorge \u201cN\u201d por violaci\u00f3n a la intimidad sexual - Zacatecas 3.0\",\"isPartOf\":{\"@id\":\"https:\/\/zacatecastrespuntocero.news\/#website\"},\"primaryImageOfPage\":{\"@id\":\"https:\/\/zacatecastrespuntocero.news\/?p=9921#primaryimage\"},\"image\":{\"@id\":\"https:\/\/zacatecastrespuntocero.news\/?p=9921#primaryimage\"},\"thumbnailUrl\":\"https:\/\/zacatecastrespuntocero.news\/wp-content\/uploads\/2025\/08\/IMG_9154.jpeg\",\"datePublished\":\"2025-08-27T12:34:06+00:00\",\"author\":{\"@id\":\"https:\/\/zacatecastrespuntocero.news\/#\/schema\/person\/a2399b2ec551c85a553c7e32e0eb5f01\"},\"breadcrumb\":{\"@id\":\"https:\/\/zacatecastrespuntocero.news\/?p=9921#breadcrumb\"},\"inLanguage\":\"es\",\"potentialAction\":[{\"@type\":\"ReadAction\",\"target\":[\"https:\/\/zacatecastrespuntocero.news\/?p=9921\"]}]},{\"@type\":\"ImageObject\",\"inLanguage\":\"es\",\"@id\":\"https:\/\/zacatecastrespuntocero.news\/?p=9921#primaryimage\",\"url\":\"https:\/\/zacatecastrespuntocero.news\/wp-content\/uploads\/2025\/08\/IMG_9154.jpeg\",\"contentUrl\":\"https:\/\/zacatecastrespuntocero.news\/wp-content\/uploads\/2025\/08\/IMG_9154.jpeg\",\"width\":1179,\"height\":1169},{\"@type\":\"BreadcrumbList\",\"@id\":\"https:\/\/zacatecastrespuntocero.news\/?p=9921#breadcrumb\",\"itemListElement\":[{\"@type\":\"ListItem\",\"position\":1,\"name\":\"Portada\",\"item\":\"https:\/\/zacatecastrespuntocero.news\/\"},{\"@type\":\"ListItem\",\"position\":2,\"name\":\"Reiteran acusaciones: vinculan a proceso al abogado Jorge \u201cN\u201d por violaci\u00f3n a la intimidad sexual\"}]},{\"@type\":\"WebSite\",\"@id\":\"https:\/\/zacatecastrespuntocero.news\/#website\",\"url\":\"https:\/\/zacatecastrespuntocero.news\/\",\"name\":\"Zacatecas 3.0\",\"description\":\"\",\"potentialAction\":[{\"@type\":\"SearchAction\",\"target\":{\"@type\":\"EntryPoint\",\"urlTemplate\":\"https:\/\/zacatecastrespuntocero.news\/?s={search_term_string}\"},\"query-input\":{\"@type\":\"PropertyValueSpecification\",\"valueRequired\":true,\"valueName\":\"search_term_string\"}}],\"inLanguage\":\"es\"},{\"@type\":\"Person\",\"@id\":\"https:\/\/zacatecastrespuntocero.news\/#\/schema\/person\/a2399b2ec551c85a553c7e32e0eb5f01\",\"name\":\"Redacci\u00f3n Zacatecas 3.0\",\"image\":{\"@type\":\"ImageObject\",\"inLanguage\":\"es\",\"@id\":\"https:\/\/zacatecastrespuntocero.news\/#\/schema\/person\/image\/\",\"url\":\"https:\/\/secure.gravatar.com\/avatar\/898fb33ef49f211210b8183325052d3ced37d55b713857db60393870972a9248?s=96&d=mm&r=g\",\"contentUrl\":\"https:\/\/secure.gravatar.com\/avatar\/898fb33ef49f211210b8183325052d3ced37d55b713857db60393870972a9248?s=96&d=mm&r=g\",\"caption\":\"Redacci\u00f3n Zacatecas 3.0\"},\"sameAs\":[\"http:\/\/zacatecastrespuntocero.news\"],\"url\":\"https:\/\/zacatecastrespuntocero.news\/?author=2\"}]}<\/script>\n<!-- \/ Yoast SEO plugin. -->","yoast_head_json":{"title":"Reiteran acusaciones: vinculan a proceso al abogado Jorge \u201cN\u201d por violaci\u00f3n a la intimidad sexual - Zacatecas 3.0","robots":{"index":"index","follow":"follow","max-snippet":"max-snippet:-1","max-image-preview":"max-image-preview:large","max-video-preview":"max-video-preview:-1"},"canonical":"https:\/\/zacatecastrespuntocero.news\/?p=9921","og_locale":"es_ES","og_type":"article","og_title":"Reiteran acusaciones: vinculan a proceso al abogado Jorge \u201cN\u201d por violaci\u00f3n a la intimidad sexual - Zacatecas 3.0","og_description":"&nbsp; Tras una audiencia que se prolong\u00f3 por m\u00e1s de seis horas, la jueza determin\u00f3 vincular a proceso al abogado Jorge \u201cN\u201d por la presunta comisi\u00f3n del delito de violaci\u00f3n a la intimidad sexual. De acuerdo con la narrativa de la v\u00edctima, los hechos habr\u00edan ocurrido primero en 2018 y se repitieron en mayo de [&hellip;]","og_url":"https:\/\/zacatecastrespuntocero.news\/?p=9921","og_site_name":"Zacatecas 3.0","article_published_time":"2025-08-27T12:34:06+00:00","og_image":[{"width":1179,"height":1169,"url":"https:\/\/zacatecastrespuntocero.news\/wp-content\/uploads\/2025\/08\/IMG_9154.jpeg","type":"image\/jpeg"}],"author":"Redacci\u00f3n Zacatecas 3.0","twitter_card":"summary_large_image","twitter_misc":{"Escrito por":"Redacci\u00f3n Zacatecas 3.0","Tiempo de lectura":"1 minuto"},"schema":{"@context":"https:\/\/schema.org","@graph":[{"@type":"WebPage","@id":"https:\/\/zacatecastrespuntocero.news\/?p=9921","url":"https:\/\/zacatecastrespuntocero.news\/?p=9921","name":"Reiteran acusaciones: vinculan a proceso al abogado Jorge \u201cN\u201d por violaci\u00f3n a la intimidad sexual - Zacatecas 3.0","isPartOf":{"@id":"https:\/\/zacatecastrespuntocero.news\/#website"},"primaryImageOfPage":{"@id":"https:\/\/zacatecastrespuntocero.news\/?p=9921#primaryimage"},"image":{"@id":"https:\/\/zacatecastrespuntocero.news\/?p=9921#primaryimage"},"thumbnailUrl":"https:\/\/zacatecastrespuntocero.news\/wp-content\/uploads\/2025\/08\/IMG_9154.jpeg","datePublished":"2025-08-27T12:34:06+00:00","author":{"@id":"https:\/\/zacatecastrespuntocero.news\/#\/schema\/person\/a2399b2ec551c85a553c7e32e0eb5f01"},"breadcrumb":{"@id":"https:\/\/zacatecastrespuntocero.news\/?p=9921#breadcrumb"},"inLanguage":"es","potentialAction":[{"@type":"ReadAction","target":["https:\/\/zacatecastrespuntocero.news\/?p=9921"]}]},{"@type":"ImageObject","inLanguage":"es","@id":"https:\/\/zacatecastrespuntocero.news\/?p=9921#primaryimage","url":"https:\/\/zacatecastrespuntocero.news\/wp-content\/uploads\/2025\/08\/IMG_9154.jpeg","contentUrl":"https:\/\/zacatecastrespuntocero.news\/wp-content\/uploads\/2025\/08\/IMG_9154.jpeg","width":1179,"height":1169},{"@type":"BreadcrumbList","@id":"https:\/\/zacatecastrespuntocero.news\/?p=9921#breadcrumb","itemListElement":[{"@type":"ListItem","position":1,"name":"Portada","item":"https:\/\/zacatecastrespuntocero.news\/"},{"@type":"ListItem","position":2,"name":"Reiteran acusaciones: vinculan a proceso al abogado Jorge \u201cN\u201d por violaci\u00f3n a la intimidad sexual"}]},{"@type":"WebSite","@id":"https:\/\/zacatecastrespuntocero.news\/#website","url":"https:\/\/zacatecastrespuntocero.news\/","name":"Zacatecas 3.0","description":"","potentialAction":[{"@type":"SearchAction","target":{"@type":"EntryPoint","urlTemplate":"https:\/\/zacatecastrespuntocero.news\/?s={search_term_string}"},"query-input":{"@type":"PropertyValueSpecification","valueRequired":true,"valueName":"search_term_string"}}],"inLanguage":"es"},{"@type":"Person","@id":"https:\/\/zacatecastrespuntocero.news\/#\/schema\/person\/a2399b2ec551c85a553c7e32e0eb5f01","name":"Redacci\u00f3n Zacatecas 3.0","image":{"@type":"ImageObject","inLanguage":"es","@id":"https:\/\/zacatecastrespuntocero.news\/#\/schema\/person\/image\/","url":"https:\/\/secure.gravatar.com\/avatar\/898fb33ef49f211210b8183325052d3ced37d55b713857db60393870972a9248?s=96&d=mm&r=g","contentUrl":"https:\/\/secure.gravatar.com\/avatar\/898fb33ef49f211210b8183325052d3ced37d55b713857db60393870972a9248?s=96&d=mm&r=g","caption":"Redacci\u00f3n Zacatecas 3.0"},"sameAs":["http:\/\/zacatecastrespuntocero.news"],"url":"https:\/\/zacatecastrespuntocero.news\/?author=2"}]}},"_links":{"self":[{"href":"https:\/\/zacatecastrespuntocero.news\/index.php?rest_route=\/wp\/v2\/posts\/9921","targetHints":{"allow":["GET"]}}],"collection":[{"href":"https:\/\/zacatecastrespuntocero.news\/index.php?rest_route=\/wp\/v2\/posts"}],"about":[{"href":"https:\/\/zacatecastrespuntocero.news\/index.php?rest_route=\/wp\/v2\/types\/post"}],"author":[{"embeddable":true,"href":"https:\/\/zacatecastrespuntocero.news\/index.php?rest_route=\/wp\/v2\/users\/2"}],"replies":[{"embeddable":true,"href":"https:\/\/zacatecastrespuntocero.news\/index.php?rest_route=%2Fwp%2Fv2%2Fcomments&post=9921"}],"version-history":[{"count":1,"href":"https:\/\/zacatecastrespuntocero.news\/index.php?rest_route=\/wp\/v2\/posts\/9921\/revisions"}],"predecessor-version":[{"id":9923,"href":"https:\/\/zacatecastrespuntocero.news\/index.php?rest_route=\/wp\/v2\/posts\/9921\/revisions\/9923"}],"wp:featuredmedia":[{"embeddable":true,"href":"https:\/\/zacatecastrespuntocero.news\/index.php?rest_route=\/wp\/v2\/media\/9922"}],"wp:attachment":[{"href":"https:\/\/zacatecastrespuntocero.news\/index.php?rest_route=%2Fwp%2Fv2%2Fmedia&parent=9921"}],"wp:term":[{"taxonomy":"category","embeddable":true,"href":"https:\/\/zacatecastrespuntocero.news\/index.php?rest_route=%2Fwp%2Fv2%2Fcategories&post=9921"},{"taxonomy":"post_tag","embeddable":true,"href":"https:\/\/zacatecastrespuntocero.news\/index.php?rest_route=%2Fwp%2Fv2%2Ftags&post=9921"}],"curies":[{"name":"wp","href":"https:\/\/api.w.org\/{rel}","templated":true}]}}